{"id":23822,"date":"2018-08-20T11:23:07","date_gmt":"2018-08-20T09:23:07","guid":{"rendered":"http:\/\/www.conselharan.org\/?p=23822"},"modified":"2018-08-20T11:23:07","modified_gmt":"2018-08-20T09:23:07","slug":"velada-musical-en-el-museo-joanchiquet-de-vilamos","status":"publish","type":"post","link":"https:\/\/www.conselharan.org\/es\/velada-musical-en-el-museo-joanchiquet-de-vilamos\/","title":{"rendered":"Velada musical en el Museo Joanchiquet de Vilam\u00f2s"},"content":{"rendered":"<p>Vielha, 20 de agosto de 2018.- El pasado viernes 17 de agosto tuvo lugar el concierto de presentaci\u00f3n oficial de la Coral Es Paoesses de Vilam\u00f2s, que es la secci\u00f3n de voces de la Asociaci\u00f3n Es Paums de Vilam\u00f2s.<\/p>\n<p><a href=\"http:\/\/www.conselharan.org\/wp-content\/uploads\/2018\/08\/WhatsApp-Image-2018-08-20-at-10.35.17.jpeg\"><img loading=\"lazy\" decoding=\"async\" class=\"aligncenter size-full wp-image-23818\" src=\"http:\/\/www.conselharan.org\/wp-content\/uploads\/2018\/08\/WhatsApp-Image-2018-08-20-at-10.35.17.jpeg\" alt=\"\" width=\"929\" height=\"465\" srcset=\"https:\/\/www.conselharan.org\/wp-content\/uploads\/2018\/08\/WhatsApp-Image-2018-08-20-at-10.35.17.jpeg 929w, https:\/\/www.conselharan.org\/wp-content\/uploads\/2018\/08\/WhatsApp-Image-2018-08-20-at-10.35.17-300x150.jpeg 300w, https:\/\/www.conselharan.org\/wp-content\/uploads\/2018\/08\/WhatsApp-Image-2018-08-20-at-10.35.17-768x384.jpeg 768w, https:\/\/www.conselharan.org\/wp-content\/uploads\/2018\/08\/WhatsApp-Image-2018-08-20-at-10.35.17-640x320.jpeg 640w\" sizes=\"(max-width: 929px) 100vw, 929px\" \/><\/a><\/p>\n<p>La Coral es una iniciativa de Es Paums para promover el canto coral, sobre todo en aran\u00e9s, en nuestro Pa\u00eds.<\/p>\n<p>La formaci\u00f3n Es Paoesses est\u00e1 compuesta por veinticinco voces, de las cuales una veintena son mujeres y adem\u00e1s est\u00e1 acompa\u00f1ada por la secci\u00f3n de ritmo de Es Paums la hist\u00f3rica banda aranesa.<\/p>\n<p>La direcci\u00f3n musical la lleva L\u00facia Mas, cantante aranesa con experiencia en formaciones corales.<\/p>\n<p>En el marco incomparable del palh\u00e8r de \u00e7\u00f3 de Joanchiquet Es Paoesses ofrecieron un repertorio bien variado con m\u00fasica aranesa, habaneras, boleros y acabaron su intervenci\u00f3n con el tema en catal\u00e1n \u201cTornarem\u201d.<\/p>\n<p>Adem\u00e1s de Es Paoesses en la velada musical participaron la Coral Margalida de Boss\u00f2st, Lucia Mas, el tenor Alejandro Guardia y la soprano Bego\u00f1a Pich\u00f2t.<\/p>\n<p>La Coral de Vilam\u00f2s que ya ha actuado en el Misa de Entronizaci\u00f3n de Sant R\u00f2c y en las Ma\u00f1anas Musicales en la Residencia de Vielha cuenta con el apoyo del Ayuntamiento de Vilam\u00f2s y del Conselh Generau d\u2019Aran.<\/p>\n<p>&nbsp;<\/p>\n<p>&nbsp;<\/p>\n ","protected":false},"excerpt":{"rendered":"<p>Vielha, 20 de agosto de 2018.- El pasado viernes 17 de agosto tuvo lugar el concierto de presentaci\u00f3n oficial de la Coral Es Paoesses de Vilam\u00f2s, que es la secci\u00f3n de voces de la Asociaci\u00f3n Es Paums de Vilam\u00f2s. La Coral es una iniciativa de Es Paums para promover el canto coral, sobre todo en&#8230;<\/p>\n","protected":false},"author":2,"featured_media":23818,"comment_status":"closed","ping_status":"closed","sticky":false,"template":"","format":"standard","meta":{"footnotes":""},"categories":[34],"tags":[],"_links":{"self":[{"href":"https:\/\/www.conselharan.org\/es\/wp-json\/wp\/v2\/posts\/23822"}],"collection":[{"href":"https:\/\/www.conselharan.org\/es\/wp-json\/wp\/v2\/posts"}],"about":[{"href":"https:\/\/www.conselharan.org\/es\/wp-json\/wp\/v2\/types\/post"}],"author":[{"embeddable":true,"href":"https:\/\/www.conselharan.org\/es\/wp-json\/wp\/v2\/users\/2"}],"replies":[{"embeddable":true,"href":"https:\/\/www.conselharan.org\/es\/wp-json\/wp\/v2\/comments?post=23822"}],"version-history":[{"count":1,"href":"https:\/\/www.conselharan.org\/es\/wp-json\/wp\/v2\/posts\/23822\/revisions"}],"predecessor-version":[{"id":23823,"href":"https:\/\/www.conselharan.org\/es\/wp-json\/wp\/v2\/posts\/23822\/revisions\/23823"}],"wp:featuredmedia":[{"embeddable":true,"href":"https:\/\/www.conselharan.org\/es\/wp-json\/wp\/v2\/media\/23818"}],"wp:attachment":[{"href":"https:\/\/www.conselharan.org\/es\/wp-json\/wp\/v2\/media?parent=23822"}],"wp:term":[{"taxonomy":"category","embeddable":true,"href":"https:\/\/www.conselharan.org\/es\/wp-json\/wp\/v2\/categories?post=23822"},{"taxonomy":"post_tag","embeddable":true,"href":"https:\/\/www.conselharan.org\/es\/wp-json\/wp\/v2\/tags?post=23822"}],"curies":[{"name":"wp","href":"https:\/\/api.w.org\/{rel}","templated":true}]}}