{"id":23858,"date":"2018-08-23T12:23:56","date_gmt":"2018-08-23T10:23:56","guid":{"rendered":"http:\/\/www.conselharan.org\/?p=23858"},"modified":"2018-08-23T12:23:56","modified_gmt":"2018-08-23T10:23:56","slug":"ultimo-concierto-del-ciclo-romanic-musicau-en-bossost","status":"publish","type":"post","link":"https:\/\/www.conselharan.org\/es\/ultimo-concierto-del-ciclo-romanic-musicau-en-bossost\/","title":{"rendered":"\u00daltimo concierto del ciclo Romanic Musicau en Boss\u00f2st"},"content":{"rendered":"<p>Vielha, 23 de agosto de 2018.- La iglesia de Era Purificacion de Maria de Boss\u00f2st acoger\u00e1 el concierto de clausura del Romanic Musicau de verano.<\/p>\n<p><a href=\"http:\/\/www.conselharan.org\/wp-content\/uploads\/2018\/08\/Quartet_Prysma.jpg\"><img loading=\"lazy\" decoding=\"async\" class=\"aligncenter size-large wp-image-23854\" src=\"http:\/\/www.conselharan.org\/wp-content\/uploads\/2018\/08\/Quartet_Prysma-1024x683.jpg\" alt=\"\" width=\"1024\" height=\"683\" srcset=\"https:\/\/www.conselharan.org\/wp-content\/uploads\/2018\/08\/Quartet_Prysma-1024x683.jpg 1024w, https:\/\/www.conselharan.org\/wp-content\/uploads\/2018\/08\/Quartet_Prysma-300x200.jpg 300w, https:\/\/www.conselharan.org\/wp-content\/uploads\/2018\/08\/Quartet_Prysma-768x512.jpg 768w\" sizes=\"(max-width: 1024px) 100vw, 1024px\" \/><\/a><\/p>\n<p>El \u00faltimo concierto del ciclo ser\u00e1 este pr\u00f3ximo <strong>viernes d\u00eda 24 de agosto a partir de las 22:00 horas<\/strong>, con la clausura del ciclo de las visitas concierto gratuitas, Romanic Musicau que se ha celebrado durante todo el mes de agosto en las iglesias de la Val d\u2019Aran.<\/p>\n<p>En esta ocasi\u00f3n el <strong>cuarteto Prysma<\/strong>, flauta, viol\u00edn, viola y violonchelo, ser\u00e1 el encargado de realizar el concierto que contar\u00e1 con un repertorio de W.A. Mozart, de G. Rossini, G. Bizet y G. Puccini. La explicaci\u00f3n de la construcci\u00f3n ir\u00e1 a cargo de la historiadora Elisa Ros.<\/p>\n<p>Un aspecto a destacar es el hecho de haber incorporado a j\u00f3venes m\u00fasicos araneses como \u00abteloneros\u00bb de los m\u00fasicos profesionales.<\/p>\n<p><strong>20 a\u00f1os de Romanic Musicau en la Val d\u2019Aran<\/strong><\/p>\n<p>La actividad comienza con un audiovisual comentado por la historiadora aranesa Elisa Ros sobre la iglesia donde se celebra y finaliza con un concierto de m\u00fasica cl\u00e1sica.<\/p>\n<p>El ciclo Romanic Musicau est\u00e1 patrocinado por el Conselh Generau d\u2019Aran y Foment Torisme Val d\u2019Aran, con la colaboraci\u00f3n del Talher de Musica Maite Fern\u00e1ndez, la Esc\u00f2la de Musica Val d\u2019Aran, la Esc\u00f2la Tschaikovski Balh e Musica y el Arxiprestat dera Val d\u2019Aran, este ciclo gratuito refuerza el programa de visitas guiadas al patrimonio que lleva a cabo el Conselh Generau d\u2019Aran.<\/p>\n<p>Este a\u00f1o se celebra el 20 aniversario del Romanic Musicau y, como novedad se ha organizado una visita guiada al Campanar de Vilac el 3 de agosto y al Ecomuseu \u00c7\u00f2 de Joanchiquet en Vilam\u00f2s el 10 de agosto.<\/p>\n<p>El ciclo es una iniciativa del Conselh Generau d&#8217;Aran y Foment Torisme Val d&#8217;Aran, con la colaboraci\u00f3n del Arxiprestat de la Val d&#8217;Aran y dirigido por Idees i Projectes.<\/p>\n<p>&nbsp;<\/p>\n ","protected":false},"excerpt":{"rendered":"<p>Vielha, 23 de agosto de 2018.- La iglesia de Era Purificacion de Maria de Boss\u00f2st acoger\u00e1 el concierto de clausura del Romanic Musicau de verano. El \u00faltimo concierto del ciclo ser\u00e1 este pr\u00f3ximo viernes d\u00eda 24 de agosto a partir de las 22:00 horas, con la clausura del ciclo de las visitas concierto gratuitas, Romanic&#8230;<\/p>\n","protected":false},"author":2,"featured_media":23854,"comment_status":"closed","ping_status":"closed","sticky":false,"template":"","format":"standard","meta":{"footnotes":""},"categories":[34],"tags":[],"_links":{"self":[{"href":"https:\/\/www.conselharan.org\/es\/wp-json\/wp\/v2\/posts\/23858"}],"collection":[{"href":"https:\/\/www.conselharan.org\/es\/wp-json\/wp\/v2\/posts"}],"about":[{"href":"https:\/\/www.conselharan.org\/es\/wp-json\/wp\/v2\/types\/post"}],"author":[{"embeddable":true,"href":"https:\/\/www.conselharan.org\/es\/wp-json\/wp\/v2\/users\/2"}],"replies":[{"embeddable":true,"href":"https:\/\/www.conselharan.org\/es\/wp-json\/wp\/v2\/comments?post=23858"}],"version-history":[{"count":1,"href":"https:\/\/www.conselharan.org\/es\/wp-json\/wp\/v2\/posts\/23858\/revisions"}],"predecessor-version":[{"id":23859,"href":"https:\/\/www.conselharan.org\/es\/wp-json\/wp\/v2\/posts\/23858\/revisions\/23859"}],"wp:featuredmedia":[{"embeddable":true,"href":"https:\/\/www.conselharan.org\/es\/wp-json\/wp\/v2\/media\/23854"}],"wp:attachment":[{"href":"https:\/\/www.conselharan.org\/es\/wp-json\/wp\/v2\/media?parent=23858"}],"wp:term":[{"taxonomy":"category","embeddable":true,"href":"https:\/\/www.conselharan.org\/es\/wp-json\/wp\/v2\/categories?post=23858"},{"taxonomy":"post_tag","embeddable":true,"href":"https:\/\/www.conselharan.org\/es\/wp-json\/wp\/v2\/tags?post=23858"}],"curies":[{"name":"wp","href":"https:\/\/api.w.org\/{rel}","templated":true}]}}