{"id":24106,"date":"2018-09-07T12:20:37","date_gmt":"2018-09-07T10:20:37","guid":{"rendered":"http:\/\/www.conselharan.org\/?p=24106"},"modified":"2018-09-07T12:20:37","modified_gmt":"2018-09-07T10:20:37","slug":"el-conselh-generau-daran-se-adhiere-a-la-plataforma-virtual-de-empleo-de-globalleida","status":"publish","type":"post","link":"https:\/\/www.conselharan.org\/es\/el-conselh-generau-daran-se-adhiere-a-la-plataforma-virtual-de-empleo-de-globalleida\/","title":{"rendered":"El Conselh Generau d\u2019Aran se adhiere a la Plataforma Virtual de Empleo de GLOBALleida"},"content":{"rendered":"<p>Vielha, 7 de septiembre de 2018.- El Conselh Generau d\u2019Aran ha firmado un convenio de colaboraci\u00f3n para adherirse a la nueva Plataforma Virtual de Empleo impulsada por GLOBALleida.<\/p>\n<p>Este convenio permitir\u00e1 compartir la nueva plataforma que tiene como objetivo convertirse en una herramienta de gesti\u00f3n y mejora de los servicios y programas ocupacionales que las entidades colaboradoras consideren adecuadas desarrollar para mejorar la empleabilidad de las personas del territorio, cooperando y compartiendo informaci\u00f3n y recursos.<\/p>\n<p><a href=\"http:\/\/www.conselharan.org\/wp-content\/uploads\/2018\/09\/IMG_3372-1024x768.jpg\"><img loading=\"lazy\" decoding=\"async\" class=\"aligncenter size-large wp-image-24102\" src=\"http:\/\/www.conselharan.org\/wp-content\/uploads\/2018\/09\/IMG_3372-1024x768-1024x768.jpg\" alt=\"\" width=\"1024\" height=\"768\" srcset=\"https:\/\/www.conselharan.org\/wp-content\/uploads\/2018\/09\/IMG_3372-1024x768.jpg 1024w, https:\/\/www.conselharan.org\/wp-content\/uploads\/2018\/09\/IMG_3372-1024x768-300x225.jpg 300w, https:\/\/www.conselharan.org\/wp-content\/uploads\/2018\/09\/IMG_3372-1024x768-768x576.jpg 768w\" sizes=\"(max-width: 1024px) 100vw, 1024px\" \/><\/a><\/p>\n<p>La plataforma nace como resultado de un estudio para identificar los servicios ocupacionales b\u00e1sicos de los consejos comarcales, Conselh Generau d\u2019Aran y ayuntamientos de la provincia de Lleida y evaluar las posibilidades de cooperaci\u00f3n y gesti\u00f3n com\u00fan.<\/p>\n<p>La Plataforma Virtual de Empleo tiene las siguientes funcionalidades:<\/p>\n<p>&#8211; Disponer de un programa inform\u00e1tico para gestionar los proyectos, programas y actuaciones de las entidades locales.<\/p>\n<p>&#8211; Impulsar la calidad de los servicios de empleo locales.<\/p>\n<p>&#8211; Mejorar la atenci\u00f3n a las personas en b\u00fasqueda de empleo y emprendimiento.<\/p>\n<p>&#8211; Tener acceso a una bolsa de trabajo interinstitucional.<\/p>\n<p>&#8211; Hacer difusi\u00f3n de los servicios y programas de empleo que se realizan.<\/p>\n<p>&#8211; Ofrecer a las personas la posibilidad de gestionar su trayectoria profesional (intereses formativos, elaboraci\u00f3n del curr\u00edculum, registros de inscripci\u00f3n a ofertas de trabajo)<\/p>\n<p>&#8211; Ofrecer a los entes locales una plataforma para hacer difusi\u00f3n de su formaci\u00f3n: agenda compartida, preinscripci\u00f3n online.<\/p>\n<p>&#8211; Disponer de un sistema de informaci\u00f3n com\u00fan entre las entidades adheridas para gestionar proyectos y\/o programas de empleo cooperativos.<\/p>\n<p>&#8211; Ofrecer formaci\u00f3n en competencias y habilidades personales y profesionales demandantes de empleo y\/o personas en b\u00fasqueda activa de empleo.<\/p>\n<p>&#8211; Mejorar la cualificaci\u00f3n profesional del personal t\u00e9cnico que trabaja en las \u00e1reas de promoci\u00f3n econ\u00f3mica y empleo mediante la realizaci\u00f3n de jornadas, formaci\u00f3n y\/o intercambio de experiencias.<\/p>\n<p>&nbsp;<\/p>\n ","protected":false},"excerpt":{"rendered":"<p>Vielha, 7 de septiembre de 2018.- El Conselh Generau d\u2019Aran ha firmado un convenio de colaboraci\u00f3n para adherirse a la nueva Plataforma Virtual de Empleo impulsada por GLOBALleida. Este convenio permitir\u00e1 compartir la nueva plataforma que tiene como objetivo convertirse en una herramienta de gesti\u00f3n y mejora de los servicios y programas ocupacionales que las&#8230;<\/p>\n","protected":false},"author":2,"featured_media":24102,"comment_status":"closed","ping_status":"closed","sticky":false,"template":"","format":"standard","meta":{"footnotes":""},"categories":[34],"tags":[],"_links":{"self":[{"href":"https:\/\/www.conselharan.org\/es\/wp-json\/wp\/v2\/posts\/24106"}],"collection":[{"href":"https:\/\/www.conselharan.org\/es\/wp-json\/wp\/v2\/posts"}],"about":[{"href":"https:\/\/www.conselharan.org\/es\/wp-json\/wp\/v2\/types\/post"}],"author":[{"embeddable":true,"href":"https:\/\/www.conselharan.org\/es\/wp-json\/wp\/v2\/users\/2"}],"replies":[{"embeddable":true,"href":"https:\/\/www.conselharan.org\/es\/wp-json\/wp\/v2\/comments?post=24106"}],"version-history":[{"count":1,"href":"https:\/\/www.conselharan.org\/es\/wp-json\/wp\/v2\/posts\/24106\/revisions"}],"predecessor-version":[{"id":24107,"href":"https:\/\/www.conselharan.org\/es\/wp-json\/wp\/v2\/posts\/24106\/revisions\/24107"}],"wp:featuredmedia":[{"embeddable":true,"href":"https:\/\/www.conselharan.org\/es\/wp-json\/wp\/v2\/media\/24102"}],"wp:attachment":[{"href":"https:\/\/www.conselharan.org\/es\/wp-json\/wp\/v2\/media?parent=24106"}],"wp:term":[{"taxonomy":"category","embeddable":true,"href":"https:\/\/www.conselharan.org\/es\/wp-json\/wp\/v2\/categories?post=24106"},{"taxonomy":"post_tag","embeddable":true,"href":"https:\/\/www.conselharan.org\/es\/wp-json\/wp\/v2\/tags?post=24106"}],"curies":[{"name":"wp","href":"https:\/\/api.w.org\/{rel}","templated":true}]}}