{"id":24302,"date":"2018-09-20T11:29:06","date_gmt":"2018-09-20T09:29:06","guid":{"rendered":"http:\/\/www.conselharan.org\/?p=24302"},"modified":"2018-09-21T09:02:48","modified_gmt":"2018-09-21T07:02:48","slug":"la-generalitat-reconoce-a-ton-consul-y-el-club-curling-val-daran-entre-los-mejores-deportistas-del-2017-en-el-alt-pirineu-y-aran","status":"publish","type":"post","link":"https:\/\/www.conselharan.org\/es\/la-generalitat-reconoce-a-ton-consul-y-el-club-curling-val-daran-entre-los-mejores-deportistas-del-2017-en-el-alt-pirineu-y-aran\/","title":{"rendered":"La Generalitat reconoce a T\u00f2n C\u00f3nsul y el Club Curling Val d\u2019Aran entre los mejores deportistas del 2017 en el Alt Pirineu y Aran"},"content":{"rendered":"<p><strong>Anna Esteve del Club CEVA mejor promesa femenina en esqu\u00ed alpino<\/strong><\/p>\n<p>Vielha, 20 de septiembre de 2018.- La secretar\u00eda general del Deporte de la Generalitat de Catalunya reconoci\u00f3 ayer mi\u00e9rcoles a 75 deportistas del Alt Pirineu y Aran que obtuvieron un \u00e9xito destacado durante 2017 en sus respectivas especialidades en competiciones de \u00e1mbito catal\u00e1n, estatal e internacional.<\/p>\n<p><a href=\"http:\/\/www.conselharan.org\/wp-content\/uploads\/2018\/09\/WhatsApp-Image-2018-09-21-at-08.46.35.jpeg\"><img loading=\"lazy\" decoding=\"async\" class=\"aligncenter size-large wp-image-24313\" src=\"http:\/\/www.conselharan.org\/wp-content\/uploads\/2018\/09\/WhatsApp-Image-2018-09-21-at-08.46.35-1024x768.jpeg\" alt=\"\" width=\"1024\" height=\"768\" srcset=\"https:\/\/www.conselharan.org\/wp-content\/uploads\/2018\/09\/WhatsApp-Image-2018-09-21-at-08.46.35.jpeg 1024w, https:\/\/www.conselharan.org\/wp-content\/uploads\/2018\/09\/WhatsApp-Image-2018-09-21-at-08.46.35-300x225.jpeg 300w, https:\/\/www.conselharan.org\/wp-content\/uploads\/2018\/09\/WhatsApp-Image-2018-09-21-at-08.46.35-768x576.jpeg 768w\" sizes=\"(max-width: 1024px) 100vw, 1024px\" \/><\/a><\/p>\n<p>El acto, que se celebr\u00f3 en el cine Ribagor\u00e7ana de Pont de Suert, fue presidido por el secretario general del Deporte, <strong>Gerard Figueras<\/strong>, la conselh\u00e8ra de Torisme e Desvolopament Economic d\u2019Aran, <strong>Anna D\u00edaz,<\/strong> junto con la delegada del Gobierno, <strong>Rosa Amor\u00f3s<\/strong>, y el alcalde de Pont de Suert, <strong>Josep Antoni Troguet<\/strong>. Tambi\u00e9n participaron el representante territorial de Deportes, <strong>Juan Segura<\/strong>, el presidente del Consejo Comarcal de la Alta Ribagor\u00e7a, <strong>Josep Llu\u00eds Farrero<\/strong>, y el director general de Pol\u00edticas de Monta\u00f1a y del Litoral, <strong>Albert Alins<\/strong>, entre otras autoridades.<\/p>\n<p>El patinador aran\u00e9s <strong>T\u00f2n C\u00f3nsul<\/strong> recogi\u00f3 dos galardones durante el acto, el primero como deportista destacado en deportes de invierno y el otro como mejor deportista joven promesa masculina del a\u00f1o 2017.<\/p>\n<p>Durante el acto dos equipos del <strong>Club Curling Val d\u2019Aran<\/strong> integrados por Jes\u00fas Manero, H\u00e9ctor Manero, Adri\u00e1n Manero, Marc Bar\u00e9s, Magdalena Vicente y Paula Escobar, recibieron el reconocimiento por el ascenso del equipo a la primera Categor\u00eda Nacional y el campeonato de Catalunya de curling. Adem\u00e1s, la esquiadora del Club CEVA, <strong>Anna<\/strong> <strong>Esteve<\/strong> tambi\u00e9n fue reconocida como mejor promesa femenina en esqu\u00ed alpino de 2017.<\/p>\n<p>De los 75 galardones individuales, 39 corresponden a deportistas masculinos y 36, a femeninos. Pertenecen a 20 clubes y entidades, 16 de los cuales del mismo territorio del Alt Pirineu y Aran, y se incluyen en 10 disciplinas deportivas o federaciones.<\/p>\n<p>El a\u00f1o 2017, 40 de estos deportistas quedaron primeros en campeonatos de Catalunya, 95 hicieron podio en campeonatos de Espa\u00f1a (48 consiguiendo medallas de oro), 8 hicieron podios en campeonatos del mundo y 2 en campeonatos europeos.<\/p>\n<p>Entre los deportistas distinguidos tambi\u00e9n est\u00e1n Kilian Jornet, Pep Fillat, Miquel Trav\u00e9 y N\u00faria Vilarrubla.<\/p>\n<p>Los seis premios especiales a los mejores deportistas del Alt Pirineu y Aran en 2017 han sido los siguientes:<\/p>\n<p><strong>Miquel Trav\u00e9<\/strong> &#8211; Mejor deportista masculino.<\/p>\n<p><strong>N\u00faria Vilarrubla<\/strong> &#8211; Mejor deportista femenina.<\/p>\n<p><strong>T\u00f2n C\u00f3nsul<\/strong> &#8211; Mejor deportista joven promesa masculina.<\/p>\n<p><strong>Anna Esteve<\/strong> &#8211; Mejor deportista joven promesa femenina.<\/p>\n<p><strong>Oriol Ruiz<\/strong> &#8211; Mejor deportista con otras capacidades masculino.<\/p>\n<p><strong>Almudena Ruiz<\/strong> &#8211; Mejor deportista con otras capacidades.<\/p>\n<p>Durante el acto, se entreg\u00f3 por primera vez el premio \u201cFita esportiva\u201d a Oriol Ruiz, por haber alcanzado el r\u00e9cord de Espa\u00f1a de slalom en la prueba WSB1 en categor\u00eda Infantil.<\/p>\n<p>En el acto de reconocimiento tambi\u00e9n recibieron su distinci\u00f3n otros deportistas araneses y de clubes de la Val d&#8217;Aran, como Lydia y Mar\u00eda Iglesias, J\u00falia Bargall\u00f3, Marta Cester, Pol Salvat, Marta Moreno, Alex Par\u00eds, Ares Capdevila, Mart\u00ed Alonso, Aina Masip, Eugenia Brotons, Lisa Vallcorba y Andreu Perdices.<\/p>\n<p>A todos los deportistas y equipos galardonados se les entreg\u00f3 una reproducci\u00f3n de la litograf\u00eda del artista Isidre Mercad\u00e9, titulada \u00abCastellers y escacs\u00bb.<\/p>\n<p><a href=\"http:\/\/www.conselharan.org\/wp-content\/uploads\/2018\/09\/180919_Esportistes1.jpeg\"><img loading=\"lazy\" decoding=\"async\" class=\"aligncenter size-large wp-image-24300\" src=\"http:\/\/www.conselharan.org\/wp-content\/uploads\/2018\/09\/180919_Esportistes1-1024x653.jpeg\" alt=\"\" width=\"1024\" height=\"653\" srcset=\"https:\/\/www.conselharan.org\/wp-content\/uploads\/2018\/09\/180919_Esportistes1-1024x653.jpeg 1024w, https:\/\/www.conselharan.org\/wp-content\/uploads\/2018\/09\/180919_Esportistes1-300x191.jpeg 300w, https:\/\/www.conselharan.org\/wp-content\/uploads\/2018\/09\/180919_Esportistes1-768x490.jpeg 768w, https:\/\/www.conselharan.org\/wp-content\/uploads\/2018\/09\/180919_Esportistes1.jpeg 1600w\" sizes=\"(max-width: 1024px) 100vw, 1024px\" \/><\/a><\/p>\n<p>Foto:\u00a0Secretaria generau der Esp\u00f2rt dera Generalitat de Catalonha<\/p>\n ","protected":false},"excerpt":{"rendered":"<p>Anna Esteve del Club CEVA mejor promesa femenina en esqu\u00ed alpino Vielha, 20 de septiembre de 2018.- La secretar\u00eda general del Deporte de la Generalitat de Catalunya reconoci\u00f3 ayer mi\u00e9rcoles a 75 deportistas del Alt Pirineu y Aran que obtuvieron un \u00e9xito destacado durante 2017 en sus respectivas especialidades en competiciones de \u00e1mbito catal\u00e1n, estatal&#8230;<\/p>\n","protected":false},"author":2,"featured_media":24313,"comment_status":"closed","ping_status":"closed","sticky":false,"template":"","format":"standard","meta":{"footnotes":""},"categories":[52,37],"tags":[],"_links":{"self":[{"href":"https:\/\/www.conselharan.org\/es\/wp-json\/wp\/v2\/posts\/24302"}],"collection":[{"href":"https:\/\/www.conselharan.org\/es\/wp-json\/wp\/v2\/posts"}],"about":[{"href":"https:\/\/www.conselharan.org\/es\/wp-json\/wp\/v2\/types\/post"}],"author":[{"embeddable":true,"href":"https:\/\/www.conselharan.org\/es\/wp-json\/wp\/v2\/users\/2"}],"replies":[{"embeddable":true,"href":"https:\/\/www.conselharan.org\/es\/wp-json\/wp\/v2\/comments?post=24302"}],"version-history":[{"count":3,"href":"https:\/\/www.conselharan.org\/es\/wp-json\/wp\/v2\/posts\/24302\/revisions"}],"predecessor-version":[{"id":24317,"href":"https:\/\/www.conselharan.org\/es\/wp-json\/wp\/v2\/posts\/24302\/revisions\/24317"}],"wp:featuredmedia":[{"embeddable":true,"href":"https:\/\/www.conselharan.org\/es\/wp-json\/wp\/v2\/media\/24313"}],"wp:attachment":[{"href":"https:\/\/www.conselharan.org\/es\/wp-json\/wp\/v2\/media?parent=24302"}],"wp:term":[{"taxonomy":"category","embeddable":true,"href":"https:\/\/www.conselharan.org\/es\/wp-json\/wp\/v2\/categories?post=24302"},{"taxonomy":"post_tag","embeddable":true,"href":"https:\/\/www.conselharan.org\/es\/wp-json\/wp\/v2\/tags?post=24302"}],"curies":[{"name":"wp","href":"https:\/\/api.w.org\/{rel}","templated":true}]}}