{"id":24327,"date":"2018-09-21T09:47:45","date_gmt":"2018-09-21T07:47:45","guid":{"rendered":"http:\/\/www.conselharan.org\/?p=24327"},"modified":"2018-09-21T09:47:45","modified_gmt":"2018-09-21T07:47:45","slug":"el-6-de-octubre-llega-la-8a-edicion-de-la-vertical-daran-vielha-montcorbison-memorial-tonet","status":"publish","type":"post","link":"https:\/\/www.conselharan.org\/es\/el-6-de-octubre-llega-la-8a-edicion-de-la-vertical-daran-vielha-montcorbison-memorial-tonet\/","title":{"rendered":"El 6 de octubre llega la 8\u00aa edici\u00f3n de la Vertical d\u2019Aran Vielha-Montcorbison. Memorial Tonet"},"content":{"rendered":"<p>Vielha, 21 de septiembre de 2018.- La Vertical d\u2019Aran Vielha-Montcorbison. Memorial Tonet, organizada por Era P\u00f2rta d\u2019Aran, es la \u00faltima gran prueba de Trail-Running de la temporada en el Valle de Aran, con llegada a la cima del Montcorbison a 2.170 metros, despu\u00e9s de 1.200 metros de desnivel positivos y 4,2 kil\u00f3metros de recorrido.<\/p>\n<p><a href=\"http:\/\/www.conselharan.org\/wp-content\/uploads\/2018\/09\/imatge-evento-vertical.jpg\"><img loading=\"lazy\" decoding=\"async\" class=\"aligncenter size-full wp-image-24320\" src=\"http:\/\/www.conselharan.org\/wp-content\/uploads\/2018\/09\/imatge-evento-vertical.jpg\" alt=\"\" width=\"1000\" height=\"524\" srcset=\"https:\/\/www.conselharan.org\/wp-content\/uploads\/2018\/09\/imatge-evento-vertical.jpg 1000w, https:\/\/www.conselharan.org\/wp-content\/uploads\/2018\/09\/imatge-evento-vertical-300x157.jpg 300w, https:\/\/www.conselharan.org\/wp-content\/uploads\/2018\/09\/imatge-evento-vertical-768x402.jpg 768w\" sizes=\"(max-width: 1000px) 100vw, 1000px\" \/><\/a><\/p>\n<p><strong>El pr\u00f3ximo s\u00e1bado 6 de octubre de 2018<\/strong> a partir de las 09: 00h comienzan las tres carreras de esta ya tradicional prueba de final de temporada en el Valle de Aran.<\/p>\n<p>La Vertical d\u2019Aran est\u00e1 dirigida a todas las personas amantes del deporte al aire libre, y propone tres recorridos diferentes. Marcha Popular, dirigida a ni\u00f1os y adultos, con un m\u00ednimo de condici\u00f3n f\u00edsica, para caminar por senderos de monta\u00f1a y campo a trav\u00e9s. Subida Popular Vertical Aran, dirigida a persona habituadas a una actividad f\u00edsica de aproximadamente 3 horas, caminando por pistas, caminos de tierra, senderos y campo a trav\u00e9s. Carrera Vertical Aran, enfocada a personas habituadas a correr por la monta\u00f1a.<\/p>\n<p><strong>MARCHA POPULAR<\/strong><\/p>\n<p>2km \/ 500m +. Salida 09:30h desde Bassa d&#8217;Oles \/ Transporte desde Vielha a partir de las 09:00h.<\/p>\n<p><strong>SUBIDA POPULAR VERTICAL ARAN<\/strong><\/p>\n<p>4,2km \/ 1.200m +. Salida a las 10:00h desde la Plaza de la Cruz de Occitania-Rotonda de Vielha.<\/p>\n<p><strong>CARRERA VERTICAL ARAN<\/strong><\/p>\n<p>4,2km \/ 1.200m +. Salida a las 11:00h desde la Plaza de la Cruz de Occitania-Rotonda de Vielha.<\/p>\n<p>Los organizadores no exigen un material m\u00ednimo indispensable para participar, pero recomiendan llevar ropa de abrigo, agua, bastones y un tel\u00e9fono. Adem\u00e1s, tambi\u00e9n se recomienda revisar la informaci\u00f3n meteorol\u00f3gica para adecuar el material seg\u00fan la climatolog\u00eda en la fecha de la prueba. Cabe recordar que la edici\u00f3n del a\u00f1o pasado se disput\u00f3 en algunos momentos bajo una intensa lluvia.<\/p>\n<p>Las inscripciones para participar en esta 8\u00aa edici\u00f3n se pueden formalizar en la web www.verticalaran.com. El precio de la inscripci\u00f3n es de 15 \u20ac.<\/p>\n<p>Para m\u00e1s informaci\u00f3n pueden llamar al + +34 696649871.<\/p>\n<p>La Vertical de Aran Vielha-Montcorbison. Memorial Tonet cuenta con el patrocinio y la colaboraci\u00f3n del <strong>Conselh Generau d\u2019Aran<\/strong>, <strong>Ayuntamiento de Vielha e Mijaran<\/strong> y <strong>Volentaris Val d\u2019Aran<\/strong>.<\/p>\n ","protected":false},"excerpt":{"rendered":"<p>Vielha, 21 de septiembre de 2018.- La Vertical d\u2019Aran Vielha-Montcorbison. Memorial Tonet, organizada por Era P\u00f2rta d\u2019Aran, es la \u00faltima gran prueba de Trail-Running de la temporada en el Valle de Aran, con llegada a la cima del Montcorbison a 2.170 metros, despu\u00e9s de 1.200 metros de desnivel positivos y 4,2 kil\u00f3metros de recorrido. El&#8230;<\/p>\n","protected":false},"author":2,"featured_media":24320,"comment_status":"closed","ping_status":"closed","sticky":false,"template":"","format":"standard","meta":{"footnotes":""},"categories":[135],"tags":[],"_links":{"self":[{"href":"https:\/\/www.conselharan.org\/es\/wp-json\/wp\/v2\/posts\/24327"}],"collection":[{"href":"https:\/\/www.conselharan.org\/es\/wp-json\/wp\/v2\/posts"}],"about":[{"href":"https:\/\/www.conselharan.org\/es\/wp-json\/wp\/v2\/types\/post"}],"author":[{"embeddable":true,"href":"https:\/\/www.conselharan.org\/es\/wp-json\/wp\/v2\/users\/2"}],"replies":[{"embeddable":true,"href":"https:\/\/www.conselharan.org\/es\/wp-json\/wp\/v2\/comments?post=24327"}],"version-history":[{"count":1,"href":"https:\/\/www.conselharan.org\/es\/wp-json\/wp\/v2\/posts\/24327\/revisions"}],"predecessor-version":[{"id":24328,"href":"https:\/\/www.conselharan.org\/es\/wp-json\/wp\/v2\/posts\/24327\/revisions\/24328"}],"wp:featuredmedia":[{"embeddable":true,"href":"https:\/\/www.conselharan.org\/es\/wp-json\/wp\/v2\/media\/24320"}],"wp:attachment":[{"href":"https:\/\/www.conselharan.org\/es\/wp-json\/wp\/v2\/media?parent=24327"}],"wp:term":[{"taxonomy":"category","embeddable":true,"href":"https:\/\/www.conselharan.org\/es\/wp-json\/wp\/v2\/categories?post=24327"},{"taxonomy":"post_tag","embeddable":true,"href":"https:\/\/www.conselharan.org\/es\/wp-json\/wp\/v2\/tags?post=24327"}],"curies":[{"name":"wp","href":"https:\/\/api.w.org\/{rel}","templated":true}]}}