{"id":24638,"date":"2018-10-09T12:08:31","date_gmt":"2018-10-09T10:08:31","guid":{"rendered":"http:\/\/www.conselharan.org\/actualizacion-deth-barrament-de-pistes-forestaus-deth-8-ath-14-doctobre-per-trabalhs-de-conservacion-der-auviatge-naturau-daran\/"},"modified":"2018-10-09T12:10:50","modified_gmt":"2018-10-09T10:10:50","slug":"actualizacion-deth-barrament-de-pistes-forestaus-deth-8-ath-14-doctobre-per-trabalhs-de-conservacion-der-auviatge-naturau-daran","status":"publish","type":"post","link":"https:\/\/www.conselharan.org\/es\/actualizacion-deth-barrament-de-pistes-forestaus-deth-8-ath-14-doctobre-per-trabalhs-de-conservacion-der-auviatge-naturau-daran\/","title":{"rendered":"Actualizaci\u00f3n del cierre de pistas forestales del 8 al 14 de octubre por trabajos de conservaci\u00f3n del patrimonio natural de Aran"},"content":{"rendered":"<p>Vielha, 9 de octubre de 2018.- El Conselh Generau d\u2019Aran lleva a cabo una serie de actuaciones en las pistas forestales dentro de los trabajos de mejora y conservaci\u00f3n de los accesos al patrimonio natural y cultural del Valle de Aran.<\/p>\n<p>Previsi\u00f3n de cortes semana del 8 al 14 de octubre:<\/p>\n<p>Permanecer\u00e1n cerradas del lunes d\u00eda 8 al jueves d\u00eda 11 las pistas de <strong>St. Joan<\/strong>, de Varrad\u00f2s a Vilam\u00f2s durante las 24 horas del d\u00eda; de <strong>Varrad\u00f2s<\/strong>, del cruce de Arr\u00f2s hasta Bordes dera Artiga de 08:00 a 13:00h y de 14:30 a 19:30h; de la <strong>Artiga de Lin<\/strong>, del P\u00f2nt deth C\u00f2c al aparcamiento de la Ermita y hasta el Plan de la Artiga de lunes a jueves de 08:00 a 13:00h y de 14:30 a 19:30h.<\/p>\n<p>Las pistas de <strong>Mina Victoria<\/strong>, de la Bassa d&#8217;Arres a Boss\u00f2st y de Arres de Sus a la Bassa de Arres, de lunes d\u00eda 8 a jueves d\u00eda 11, tendr\u00e1n cortes puntuales de una duraci\u00f3n aproximada de 10 a 15 minutos.<\/p>\n<p>La pista de <strong>Valarties<\/strong>, del P\u00f2nt de Valarties al Plan de Nera, permanecer\u00e1 abierta toda la semana.<\/p>\n<p>A partir <strong>del viernes d\u00eda 12 hasta el domingo d\u00eda 14 de octubre las pistas estar\u00e1n abiertas a la circulaci\u00f3n de manera normal.<\/strong><\/p>\n<p>Ver gr\u00e1fico adjunto<\/p>\n<p>Las actuaciones en las pistas forestales de los trabajos de mejora y conservaci\u00f3n de los accesos al patrimonio natural y cultural de la Val d&#8217;Aran, los lleva a cabo el Conselh Generau d\u2019Aran con la colaboraci\u00f3n del Fondo Europeo de Desarrollo Regional (FEDER), la Diputaci\u00f3n de Lleida y la Generalitat de Catalunya a trav\u00e9s del departamento de Pol\u00edticas Digitales y Administraci\u00f3n P\u00fablica.<\/p>\n<p>&nbsp;<\/p>\n<p><a href=\"http:\/\/www.conselharan.org\/wp-content\/uploads\/2018\/10\/1008-Talls-Setmanals-001-1.jpg\"><img loading=\"lazy\" decoding=\"async\" class=\"aligncenter size-large wp-image-24632\" src=\"http:\/\/www.conselharan.org\/wp-content\/uploads\/2018\/10\/1008-Talls-Setmanals-001-1-1024x724.jpg\" alt=\"\" width=\"1024\" height=\"724\" srcset=\"https:\/\/www.conselharan.org\/wp-content\/uploads\/2018\/10\/1008-Talls-Setmanals-001-1-1024x724.jpg 1024w, https:\/\/www.conselharan.org\/wp-content\/uploads\/2018\/10\/1008-Talls-Setmanals-001-1-300x212.jpg 300w, https:\/\/www.conselharan.org\/wp-content\/uploads\/2018\/10\/1008-Talls-Setmanals-001-1-768x543.jpg 768w, https:\/\/www.conselharan.org\/wp-content\/uploads\/2018\/10\/1008-Talls-Setmanals-001-1.jpg 1684w\" sizes=\"(max-width: 1024px) 100vw, 1024px\" \/><\/a> <a href=\"http:\/\/www.conselharan.org\/wp-content\/uploads\/2018\/09\/Logotipo_de_la_Generalitat_de_Catalunya.svg_.png\"><img loading=\"lazy\" decoding=\"async\" class=\"aligncenter wp-image-24432\" src=\"http:\/\/www.conselharan.org\/wp-content\/uploads\/2018\/09\/Logotipo_de_la_Generalitat_de_Catalunya.svg_-1024x296.png\" alt=\"\" width=\"554\" height=\"160\" srcset=\"https:\/\/www.conselharan.org\/wp-content\/uploads\/2018\/09\/Logotipo_de_la_Generalitat_de_Catalunya.svg_-1024x296.png 1024w, https:\/\/www.conselharan.org\/wp-content\/uploads\/2018\/09\/Logotipo_de_la_Generalitat_de_Catalunya.svg_-300x87.png 300w, https:\/\/www.conselharan.org\/wp-content\/uploads\/2018\/09\/Logotipo_de_la_Generalitat_de_Catalunya.svg_-768x222.png 768w, https:\/\/www.conselharan.org\/wp-content\/uploads\/2018\/09\/Logotipo_de_la_Generalitat_de_Catalunya.svg_.png 1280w\" sizes=\"(max-width: 554px) 100vw, 554px\" \/><\/a> <a href=\"http:\/\/www.conselharan.org\/wp-content\/uploads\/2018\/09\/LOGO-FEDER-OK.png\"><img loading=\"lazy\" decoding=\"async\" class=\"aligncenter wp-image-24431\" src=\"http:\/\/www.conselharan.org\/wp-content\/uploads\/2018\/09\/LOGO-FEDER-OK-1024x264.png\" alt=\"\" width=\"663\" height=\"171\" srcset=\"https:\/\/www.conselharan.org\/wp-content\/uploads\/2018\/09\/LOGO-FEDER-OK-1024x264.png 1024w, https:\/\/www.conselharan.org\/wp-content\/uploads\/2018\/09\/LOGO-FEDER-OK-300x77.png 300w, https:\/\/www.conselharan.org\/wp-content\/uploads\/2018\/09\/LOGO-FEDER-OK-768x198.png 768w, https:\/\/www.conselharan.org\/wp-content\/uploads\/2018\/09\/LOGO-FEDER-OK.png 1446w\" sizes=\"(max-width: 663px) 100vw, 663px\" \/><\/a> <a href=\"http:\/\/www.conselharan.org\/wp-content\/uploads\/2018\/09\/diputacio.jpg\"><img loading=\"lazy\" decoding=\"async\" class=\"aligncenter wp-image-24430\" src=\"http:\/\/www.conselharan.org\/wp-content\/uploads\/2018\/09\/diputacio-1024x512.jpg\" alt=\"\" width=\"362\" height=\"181\" srcset=\"https:\/\/www.conselharan.org\/wp-content\/uploads\/2018\/09\/diputacio-1024x512.jpg 1024w, https:\/\/www.conselharan.org\/wp-content\/uploads\/2018\/09\/diputacio-300x150.jpg 300w, https:\/\/www.conselharan.org\/wp-content\/uploads\/2018\/09\/diputacio-768x384.jpg 768w, https:\/\/www.conselharan.org\/wp-content\/uploads\/2018\/09\/diputacio-640x320.jpg 640w, https:\/\/www.conselharan.org\/wp-content\/uploads\/2018\/09\/diputacio.jpg 1654w\" sizes=\"(max-width: 362px) 100vw, 362px\" \/><\/a><\/p>\n ","protected":false},"excerpt":{"rendered":"<p>Vielha, 9 de octubre de 2018.- El Conselh Generau d\u2019Aran lleva a cabo una serie de actuaciones en las pistas forestales dentro de los trabajos de mejora y conservaci\u00f3n de los accesos al patrimonio natural y cultural del Valle de Aran. Previsi\u00f3n de cortes semana del 8 al 14 de octubre: Permanecer\u00e1n cerradas del lunes&#8230;<\/p>\n","protected":false},"author":2,"featured_media":24632,"comment_status":"closed","ping_status":"closed","sticky":false,"template":"","format":"standard","meta":{"footnotes":""},"categories":[34],"tags":[],"_links":{"self":[{"href":"https:\/\/www.conselharan.org\/es\/wp-json\/wp\/v2\/posts\/24638"}],"collection":[{"href":"https:\/\/www.conselharan.org\/es\/wp-json\/wp\/v2\/posts"}],"about":[{"href":"https:\/\/www.conselharan.org\/es\/wp-json\/wp\/v2\/types\/post"}],"author":[{"embeddable":true,"href":"https:\/\/www.conselharan.org\/es\/wp-json\/wp\/v2\/users\/2"}],"replies":[{"embeddable":true,"href":"https:\/\/www.conselharan.org\/es\/wp-json\/wp\/v2\/comments?post=24638"}],"version-history":[{"count":1,"href":"https:\/\/www.conselharan.org\/es\/wp-json\/wp\/v2\/posts\/24638\/revisions"}],"predecessor-version":[{"id":24639,"href":"https:\/\/www.conselharan.org\/es\/wp-json\/wp\/v2\/posts\/24638\/revisions\/24639"}],"wp:featuredmedia":[{"embeddable":true,"href":"https:\/\/www.conselharan.org\/es\/wp-json\/wp\/v2\/media\/24632"}],"wp:attachment":[{"href":"https:\/\/www.conselharan.org\/es\/wp-json\/wp\/v2\/media?parent=24638"}],"wp:term":[{"taxonomy":"category","embeddable":true,"href":"https:\/\/www.conselharan.org\/es\/wp-json\/wp\/v2\/categories?post=24638"},{"taxonomy":"post_tag","embeddable":true,"href":"https:\/\/www.conselharan.org\/es\/wp-json\/wp\/v2\/tags?post=24638"}],"curies":[{"name":"wp","href":"https:\/\/api.w.org\/{rel}","templated":true}]}}