{"id":24715,"date":"2018-10-12T13:20:39","date_gmt":"2018-10-12T11:20:39","guid":{"rendered":"http:\/\/www.conselharan.org\/?p=24715"},"modified":"2018-10-12T13:20:39","modified_gmt":"2018-10-12T11:20:39","slug":"la-val-daran-se-une-a-la-red-de-destinos-turisticos-inteligentes","status":"publish","type":"post","link":"https:\/\/www.conselharan.org\/es\/la-val-daran-se-une-a-la-red-de-destinos-turisticos-inteligentes\/","title":{"rendered":"La Val d\u2019Aran se une a la Red de Destinos Tur\u00edsticos Inteligentes"},"content":{"rendered":"<p><strong>La Val d\u2019Aran, Castelldefells, Lloret de Mar y Salou son los destinos tur\u00edsticos catalanes que forman parte de la nueva red<\/strong><\/p>\n<p>Vielha, 12 de octubre de 2018.- La consejera de Turismo de Aran, <strong>Anna D\u00edaz<\/strong>, asisti\u00f3 a la reuni\u00f3n convocada por la ministra de Industria, Comercio y Turismo, <strong>Reyes Maroto<\/strong>, de presentaci\u00f3n de la Red de Destinos Tur\u00edsticos Inteligentes (DTI), a la que se han adherido setenta destinos de las diecisiete Comunidades Aut\u00f3nomas.<\/p>\n<p>La Red de Destinos Tur\u00edsticos Inteligentes cuenta con zonas que se incluyen dentro de un nuevo modelo tur\u00edstico que a\u00fana conceptos como la sostenibilidad, la accesibilidad, la gobernanza p\u00fablico-privada, la innovaci\u00f3n y la tecnol\u00f3gica para hacer frente a los retos tur\u00edsticos del presente, que permitir\u00e1 conocer cu\u00e1les son las fortalezas de estos destinos, crear sinergias entre ellos, y trabajar con un enfoque de cohesi\u00f3n territorial y de integraci\u00f3n de los destinos utilizando las nuevas tecnolog\u00edas. Este proyecto se enmarca dentro del Plan Nacional e Integral de Turismo.<\/p>\n<p>El proyecto, que cuenta con la colaboraci\u00f3n de Segittur y de Red.es para la dotaci\u00f3n de fondos, se basa en asesoramiento, b\u00fasqueda de financiaci\u00f3n y de soluciones, tanto tecnol\u00f3gicas como de estrategia.<\/p>\n<p>Para la consejera de Turismo de Aran, <strong>Anna D\u00edaz<\/strong>, entrar a formar parte de esta nueva red significa poder acceder a todos los datos de ocupaci\u00f3n tur\u00edstica que maneja el ministerio de Turismo de Espa\u00f1a, que permitir\u00e1 a Torisme Val d\u2019Aran afinar las estrategias para mejorar la oferta tur\u00edstica de la Val d\u2019Aran y ofrecer a los socios de Foment Torisme Val d\u2019Aran datos completos en cuanto a ocupaci\u00f3n tur\u00edstica, as\u00ed como poner en valor y dar visibilidad a los esfuerzos p\u00fablicos y privados del sector tur\u00edstico como motor econ\u00f3mico de la Val d&#8217;Aran. Anna D\u00edaz, ha recordado que la Val d\u2019Aran hace ya 3 a\u00f1os que en colaboraci\u00f3n con Segittur participa en el programa piloto de destinos tur\u00edsticos inteligentes de monta\u00f1a.<\/p>\n<p><a href=\"http:\/\/www.conselharan.org\/wp-content\/uploads\/2018\/10\/DTI-2.jpg\"><img loading=\"lazy\" decoding=\"async\" class=\"aligncenter size-full wp-image-24710\" src=\"http:\/\/www.conselharan.org\/wp-content\/uploads\/2018\/10\/DTI-2.jpg\" alt=\"\" width=\"640\" height=\"427\" srcset=\"https:\/\/www.conselharan.org\/wp-content\/uploads\/2018\/10\/DTI-2.jpg 640w, https:\/\/www.conselharan.org\/wp-content\/uploads\/2018\/10\/DTI-2-300x200.jpg 300w\" sizes=\"(max-width: 640px) 100vw, 640px\" \/><\/a><\/p>\n<p>Anna D\u00edaz ha manifestado que, con la adhesi\u00f3n a la Red de Destinos Tur\u00edsticos Inteligentes, la Val d\u2019Aran contin\u00faa avanzando hacia un nuevo modelo de desarrollo tur\u00edstico basado en los principios de la sostenibilidad, la diversidad cultural y la responsabilidad social, lo que contribuye a que el Valle de Aran sea un destino tur\u00edstico basado en el respeto y la promoci\u00f3n de su rico patrimonio y de su cultura, junto con el medio ambiente y la responsabilidad.<\/p>\n<p>La ministra Reyes Maroto, ha destacado que la Red es una apuesta por un elemento clave de la estrategia de Destinos Tur\u00edsticos Inteligentes para dar apoyo a la conversi\u00f3n de los destinos, favorecer la cohesi\u00f3n, el intercambio de buenas pr\u00e1cticas y el aprovechamiento de sinergias entre los destinos y el sector.<\/p>\n<p>Cabe recordar que <strong>la Val d\u2019Aran cuenta con la certificaci\u00f3n Biosphere, Smart Destination, y el sello de destino de turismo familiar y trabaja<\/strong> <strong>en el reconocimiento de paisaje cultural agropastoral por parte de la Unesco<\/strong>, <strong>dentro del proyecto de la<\/strong> <strong>candidatura de la Val d\u2019Aran como Patrimonio de la Humanidad<\/strong>.<\/p>\n<p>&nbsp;<\/p>\n<p>&nbsp;<\/p>\n ","protected":false},"excerpt":{"rendered":"<p>La Val d\u2019Aran, Castelldefells, Lloret de Mar y Salou son los destinos tur\u00edsticos catalanes que forman parte de la nueva red Vielha, 12 de octubre de 2018.- La consejera de Turismo de Aran, Anna D\u00edaz, asisti\u00f3 a la reuni\u00f3n convocada por la ministra de Industria, Comercio y Turismo, Reyes Maroto, de presentaci\u00f3n de la Red&#8230;<\/p>\n","protected":false},"author":2,"featured_media":24711,"comment_status":"closed","ping_status":"closed","sticky":false,"template":"","format":"standard","meta":{"footnotes":""},"categories":[52],"tags":[],"_links":{"self":[{"href":"https:\/\/www.conselharan.org\/es\/wp-json\/wp\/v2\/posts\/24715"}],"collection":[{"href":"https:\/\/www.conselharan.org\/es\/wp-json\/wp\/v2\/posts"}],"about":[{"href":"https:\/\/www.conselharan.org\/es\/wp-json\/wp\/v2\/types\/post"}],"author":[{"embeddable":true,"href":"https:\/\/www.conselharan.org\/es\/wp-json\/wp\/v2\/users\/2"}],"replies":[{"embeddable":true,"href":"https:\/\/www.conselharan.org\/es\/wp-json\/wp\/v2\/comments?post=24715"}],"version-history":[{"count":1,"href":"https:\/\/www.conselharan.org\/es\/wp-json\/wp\/v2\/posts\/24715\/revisions"}],"predecessor-version":[{"id":24716,"href":"https:\/\/www.conselharan.org\/es\/wp-json\/wp\/v2\/posts\/24715\/revisions\/24716"}],"wp:featuredmedia":[{"embeddable":true,"href":"https:\/\/www.conselharan.org\/es\/wp-json\/wp\/v2\/media\/24711"}],"wp:attachment":[{"href":"https:\/\/www.conselharan.org\/es\/wp-json\/wp\/v2\/media?parent=24715"}],"wp:term":[{"taxonomy":"category","embeddable":true,"href":"https:\/\/www.conselharan.org\/es\/wp-json\/wp\/v2\/categories?post=24715"},{"taxonomy":"post_tag","embeddable":true,"href":"https:\/\/www.conselharan.org\/es\/wp-json\/wp\/v2\/tags?post=24715"}],"curies":[{"name":"wp","href":"https:\/\/api.w.org\/{rel}","templated":true}]}}