{"id":24772,"date":"2018-10-17T10:30:48","date_gmt":"2018-10-17T08:30:48","guid":{"rendered":"http:\/\/www.conselharan.org\/?p=24772"},"modified":"2018-10-17T14:17:46","modified_gmt":"2018-10-17T12:17:46","slug":"se-cambia-con-exito-el-collar-de-seguimiento-del-oso-goiat","status":"publish","type":"post","link":"https:\/\/www.conselharan.org\/es\/se-cambia-con-exito-el-collar-de-seguimiento-del-oso-goiat\/","title":{"rendered":"Se cambia con \u00e9xito el collar de seguimiento del oso Goiat"},"content":{"rendered":"<p><strong>T\u00e9cnicos del Departamento de Territorio y Sostenibilidad, del Cuerpo de Agentes Rurales, y Agentes y T\u00e9cnicos de Medio Ambiente del Conselh Generau d\u2019Aran han participado en un operativo especial de captura del animal, despu\u00e9s de que la semana pasada volviera a Catalunya<\/strong><\/p>\n<p><strong>Han empleado un helic\u00f3ptero para acercarse al animal y dormirlo, para cogerle muestras y cambiarle el collar GPS, ya que la bater\u00eda estaba al l\u00edmite de su vida \u00fatil<\/strong><\/p>\n<p><a href=\"http:\/\/www.conselharan.org\/wp-content\/uploads\/2018\/10\/Collar-Goiat.jpg\"><img loading=\"lazy\" decoding=\"async\" class=\"aligncenter size-large wp-image-24770\" src=\"http:\/\/www.conselharan.org\/wp-content\/uploads\/2018\/10\/Collar-Goiat-1024x768.jpg\" alt=\"\" width=\"1024\" height=\"768\" srcset=\"https:\/\/www.conselharan.org\/wp-content\/uploads\/2018\/10\/Collar-Goiat-1024x768.jpg 1024w, https:\/\/www.conselharan.org\/wp-content\/uploads\/2018\/10\/Collar-Goiat-300x225.jpg 300w, https:\/\/www.conselharan.org\/wp-content\/uploads\/2018\/10\/Collar-Goiat-768x576.jpg 768w, https:\/\/www.conselharan.org\/wp-content\/uploads\/2018\/10\/Collar-Goiat.jpg 1600w\" sizes=\"(max-width: 1024px) 100vw, 1024px\" \/><\/a><\/p>\n<p>Vielha, 17 de octubre de 2018.- T\u00e9cnicos del Departamento de Territorio y Sostenibilidad, del Cuerpo de Agentes Rurales, y Agentes y T\u00e9cnicos de Medio Ambiente del Conselh Generau d\u2019Aran, intervinieron ayer en un dispositivo especial de captura del oso Goiat para cambiarle el collar de seguimiento GPS, tal y como estaba previsto.<\/p>\n<p>La intervenci\u00f3n, que tuvo lugar en la zona de Naut Aran, se llev\u00f3 a cabo con el apoyo de la unidad a\u00e9rea de los Agentes Rurales. Mediante un helic\u00f3ptero se pudo efectuar el seguimiento visual del animal, la maniobra de aproximaci\u00f3n, as\u00ed como el disparo con rifle anest\u00e9sico. Despu\u00e9s de dormirlo, los t\u00e9cnicos le sacaron muestras, y le cambiaron el collar, ya que la bater\u00eda estaba a punto de agotarse. De este modo, el seguimiento GPS del animal queda garantizado como hasta ahora.<\/p>\n<p>La captura se ha conseguido en el segundo intento, despu\u00e9s de que el pasado viernes 12 se intent\u00f3 sin \u00e9xito. Es la primera vez en los Pirineos que se realiza una captura de oso por medios a\u00e9reos.<\/p>\n<p>Se prev\u00e9 que en las pr\u00f3ximas semanas los osos comiencen el periodo de hibernaci\u00f3n, coincidiendo con la bajada de temperaturas. En paralelo, se est\u00e1 tramitando, por parte del Ministerio y con la participaci\u00f3n de las comunidades aut\u00f3nomas afectadas, el Protocolo de intervenci\u00f3n y gesti\u00f3n de osos problem\u00e1ticos en los Pirineos. Se trata de un documento t\u00e9cnico y de consenso que debe guiar la toma de decisiones en este \u00e1mbito.<\/p>\n<p>Desde el Conselh Generau d\u2019Aran se valora muy positivamente esta actuaci\u00f3n que debe permitir mantener la localizaci\u00f3n del oso Goiat, ejemplar reintroducido en el Pirineo dentro del Programa Pyroslife, y tener conocimiento de sus movimientos disponiendo de una informaci\u00f3n absolutamente necesaria para ir completando el protocolo que permita finalmente su extracci\u00f3n del medio.<\/p>\n<p>Durante el tiempo que Goiat ha estado en territorio franc\u00e9s y a pesar de la demanda formulada por el Departamento de Territorio y Sostenibilidad de la Generalitat de Catalunya, de realizar la operaci\u00f3n con helic\u00f3ptero como la que se ha llevado a cabo en Aran, Francia, no autoriz\u00f3 la intervenci\u00f3n. Esta cuesti\u00f3n tambi\u00e9n ser\u00e1 tratada en las reuniones del Grupo Transfronterizo del oso con los t\u00e9cnicos franceses.<\/p>\n<p>Mientras Goiat ha estado en Francia ha atacado a 37 ovejas, un caballo antes del verano, y 5 colmenas seg\u00fan confirmaron fuentes del gobierno franc\u00e9s.<\/p>\n<p>Pod\u00e9is descargar el v\u00eddeo aqu\u00ed &#8211;\u00a0https:\/\/drive.google.com\/drive\/mobile\/folders\/1U4wswaEydH_-L3L8KbWPeE9X-GF6evcZ?usp=sharing<\/p>\n ","protected":false},"excerpt":{"rendered":"<p>T\u00e9cnicos del Departamento de Territorio y Sostenibilidad, del Cuerpo de Agentes Rurales, y Agentes y T\u00e9cnicos de Medio Ambiente del Conselh Generau d\u2019Aran han participado en un operativo especial de captura del animal, despu\u00e9s de que la semana pasada volviera a Catalunya Han empleado un helic\u00f3ptero para acercarse al animal y dormirlo, para cogerle muestras&#8230;<\/p>\n","protected":false},"author":2,"featured_media":24770,"comment_status":"closed","ping_status":"closed","sticky":false,"template":"","format":"standard","meta":{"footnotes":""},"categories":[129,52,126,37],"tags":[],"_links":{"self":[{"href":"https:\/\/www.conselharan.org\/es\/wp-json\/wp\/v2\/posts\/24772"}],"collection":[{"href":"https:\/\/www.conselharan.org\/es\/wp-json\/wp\/v2\/posts"}],"about":[{"href":"https:\/\/www.conselharan.org\/es\/wp-json\/wp\/v2\/types\/post"}],"author":[{"embeddable":true,"href":"https:\/\/www.conselharan.org\/es\/wp-json\/wp\/v2\/users\/2"}],"replies":[{"embeddable":true,"href":"https:\/\/www.conselharan.org\/es\/wp-json\/wp\/v2\/comments?post=24772"}],"version-history":[{"count":4,"href":"https:\/\/www.conselharan.org\/es\/wp-json\/wp\/v2\/posts\/24772\/revisions"}],"predecessor-version":[{"id":24782,"href":"https:\/\/www.conselharan.org\/es\/wp-json\/wp\/v2\/posts\/24772\/revisions\/24782"}],"wp:featuredmedia":[{"embeddable":true,"href":"https:\/\/www.conselharan.org\/es\/wp-json\/wp\/v2\/media\/24770"}],"wp:attachment":[{"href":"https:\/\/www.conselharan.org\/es\/wp-json\/wp\/v2\/media?parent=24772"}],"wp:term":[{"taxonomy":"category","embeddable":true,"href":"https:\/\/www.conselharan.org\/es\/wp-json\/wp\/v2\/categories?post=24772"},{"taxonomy":"post_tag","embeddable":true,"href":"https:\/\/www.conselharan.org\/es\/wp-json\/wp\/v2\/tags?post=24772"}],"curies":[{"name":"wp","href":"https:\/\/api.w.org\/{rel}","templated":true}]}}