{"id":24901,"date":"2018-10-24T16:55:49","date_gmt":"2018-10-24T14:55:49","guid":{"rendered":"http:\/\/www.conselharan.org\/?p=24901"},"modified":"2018-10-24T16:55:49","modified_gmt":"2018-10-24T14:55:49","slug":"la-consejera-de-cultura-laura-borras-entrega-el-v-premio-robert-lafont-a-georg-kremnitz","status":"publish","type":"post","link":"https:\/\/www.conselharan.org\/es\/la-consejera-de-cultura-laura-borras-entrega-el-v-premio-robert-lafont-a-georg-kremnitz\/","title":{"rendered":"La consejera de Cultura Laura Borr\u00e0s entrega el V Premio Rob\u00e8rt Lafont a Georg Kremnitz"},"content":{"rendered":"<p>Vielha, 24 de octubre de 2018.- La Consejera de Cultura, <strong>Laura Borr\u00e0s<\/strong>, ha presidido la entrega de los VII Premios Pompeu Fabra, y del quinto Premio Rob\u00e8rt Lafont, en un acto en el Teatro Nacional de Catalunya. La edici\u00f3n de este a\u00f1o ha tenido un car\u00e1cter especial pues coincidi\u00f3 con los actos de la conmemoraci\u00f3n del A\u00f1o Fabra, que recuerda los 150 a\u00f1os del nacimiento del ling\u00fcista y gram\u00e1tico catal\u00e1n m\u00e1s ilustre y los 100 a\u00f1os de la publicaci\u00f3n de la Gram\u00e1tica catalana.<\/p>\n<p><a href=\"http:\/\/www.conselharan.org\/wp-content\/uploads\/2018\/10\/23-10-2018-19h13m53.jpg\"><img loading=\"lazy\" decoding=\"async\" class=\"aligncenter size-large wp-image-24899\" src=\"http:\/\/www.conselharan.org\/wp-content\/uploads\/2018\/10\/23-10-2018-19h13m53-1024x683.jpg\" alt=\"\" width=\"1024\" height=\"683\" srcset=\"https:\/\/www.conselharan.org\/wp-content\/uploads\/2018\/10\/23-10-2018-19h13m53-1024x683.jpg 1024w, https:\/\/www.conselharan.org\/wp-content\/uploads\/2018\/10\/23-10-2018-19h13m53-300x200.jpg 300w, https:\/\/www.conselharan.org\/wp-content\/uploads\/2018\/10\/23-10-2018-19h13m53-768x512.jpg 768w, https:\/\/www.conselharan.org\/wp-content\/uploads\/2018\/10\/23-10-2018-19h13m53.jpg 1800w\" sizes=\"(max-width: 1024px) 100vw, 1024px\" \/><\/a><\/p>\n<p>La consejera Borr\u00e0s ha recordado que \u00abel occitano, que fue oficializado en todo el Principado en el a\u00f1o 2006, es la otra lengua propia de Catalunya, y por tanto, patrimonio de todos los catalanes\u00bb por lo que, record\u00f3 que \u00abla jornada de hoy tambi\u00e9n ha servido para entregar el quinto Premio Rob\u00e8rt Lafont\u00bb. La consejera de Cultura ha a\u00f1adido que \u00abes con este esp\u00edritu de libertad y, al mismo tiempo, de defensa cerrada de nuestras dos lenguas propias que hace 10 a\u00f1os el gobierno catal\u00e1n cre\u00f3 este premio\u00bb.<\/p>\n<p><strong>Georg Kremnitz<\/strong>, que ha recibido el galard\u00f3n de manos de la consejera <strong>Laura Borr\u00e0s<\/strong> y de la directora general de Pol\u00edtica Ling\u00fc\u00edstica del Gobierno de la Generalitat, <strong>Ester Franquesa<\/strong>, es profesor em\u00e9rito de filolog\u00eda rom\u00e1nica de la Universidad de Viena. Este galard\u00f3n reconoce a personas o entidades que se han distinguido por la defensa, proyecci\u00f3n y promoci\u00f3n de la lengua occitana en cualquier punto del dominio ling\u00fc\u00edstico.<\/p>\n<p>Con la elecci\u00f3n de G. Kremnitz, se ha querido distinguir la larga trayectoria dedicada al estudio y el fomento de la lengua occitana, en especial su especial dedicaci\u00f3n a la investigaci\u00f3n hist\u00f3rica y socioling\u00fc\u00edstica de la lengua occitana, que comprende toda su \u00e1rea ling\u00fc\u00edstica o \u00e1rea occitana, as\u00ed como su participaci\u00f3n en iniciativas de fomento y proyecci\u00f3n del occitano, especialmente en el \u00e1mbito acad\u00e9mico y universitario, pero tambi\u00e9n en el \u00e1mbito asociativo y de la dinamizaci\u00f3n ling\u00fc\u00edstica.<\/p>\n<p><a href=\"http:\/\/www.conselharan.org\/wp-content\/uploads\/2018\/10\/Alid\u00e9-Sans-2.jpg\"><img loading=\"lazy\" decoding=\"async\" class=\"aligncenter size-large wp-image-24898\" src=\"http:\/\/www.conselharan.org\/wp-content\/uploads\/2018\/10\/Alid\u00e9-Sans-2-1024x768.jpg\" alt=\"\" width=\"1024\" height=\"768\" srcset=\"https:\/\/www.conselharan.org\/wp-content\/uploads\/2018\/10\/Alid\u00e9-Sans-2-1024x768.jpg 1024w, https:\/\/www.conselharan.org\/wp-content\/uploads\/2018\/10\/Alid\u00e9-Sans-2-300x225.jpg 300w, https:\/\/www.conselharan.org\/wp-content\/uploads\/2018\/10\/Alid\u00e9-Sans-2-768x576.jpg 768w, https:\/\/www.conselharan.org\/wp-content\/uploads\/2018\/10\/Alid\u00e9-Sans-2.jpg 1200w\" sizes=\"(max-width: 1024px) 100vw, 1024px\" \/><\/a><\/p>\n<p>Durante la entrega de los premios, la cantautora aranesa <strong>Alid\u00e9 Sans<\/strong>, ha interpretado su canci\u00f3n \u00abEth riu\u00bb.<\/p>\n<p>Info y fotos: Cultura Gencat<\/p>\n ","protected":false},"excerpt":{"rendered":"<p>Vielha, 24 de octubre de 2018.- La Consejera de Cultura, Laura Borr\u00e0s, ha presidido la entrega de los VII Premios Pompeu Fabra, y del quinto Premio Rob\u00e8rt Lafont, en un acto en el Teatro Nacional de Catalunya. La edici\u00f3n de este a\u00f1o ha tenido un car\u00e1cter especial pues coincidi\u00f3 con los actos de la conmemoraci\u00f3n&#8230;<\/p>\n","protected":false},"author":2,"featured_media":24899,"comment_status":"closed","ping_status":"closed","sticky":false,"template":"","format":"standard","meta":{"footnotes":""},"categories":[52],"tags":[],"_links":{"self":[{"href":"https:\/\/www.conselharan.org\/es\/wp-json\/wp\/v2\/posts\/24901"}],"collection":[{"href":"https:\/\/www.conselharan.org\/es\/wp-json\/wp\/v2\/posts"}],"about":[{"href":"https:\/\/www.conselharan.org\/es\/wp-json\/wp\/v2\/types\/post"}],"author":[{"embeddable":true,"href":"https:\/\/www.conselharan.org\/es\/wp-json\/wp\/v2\/users\/2"}],"replies":[{"embeddable":true,"href":"https:\/\/www.conselharan.org\/es\/wp-json\/wp\/v2\/comments?post=24901"}],"version-history":[{"count":1,"href":"https:\/\/www.conselharan.org\/es\/wp-json\/wp\/v2\/posts\/24901\/revisions"}],"predecessor-version":[{"id":24902,"href":"https:\/\/www.conselharan.org\/es\/wp-json\/wp\/v2\/posts\/24901\/revisions\/24902"}],"wp:featuredmedia":[{"embeddable":true,"href":"https:\/\/www.conselharan.org\/es\/wp-json\/wp\/v2\/media\/24899"}],"wp:attachment":[{"href":"https:\/\/www.conselharan.org\/es\/wp-json\/wp\/v2\/media?parent=24901"}],"wp:term":[{"taxonomy":"category","embeddable":true,"href":"https:\/\/www.conselharan.org\/es\/wp-json\/wp\/v2\/categories?post=24901"},{"taxonomy":"post_tag","embeddable":true,"href":"https:\/\/www.conselharan.org\/es\/wp-json\/wp\/v2\/tags?post=24901"}],"curies":[{"name":"wp","href":"https:\/\/api.w.org\/{rel}","templated":true}]}}