{"id":25020,"date":"2018-10-31T18:23:51","date_gmt":"2018-10-31T17:23:51","guid":{"rendered":"http:\/\/www.conselharan.org\/?p=25020"},"modified":"2018-10-31T18:23:51","modified_gmt":"2018-10-31T17:23:51","slug":"segunda-jornada-del-proceso-participativo-del-plan-estrategico-del-sabs-2018-2013","status":"publish","type":"post","link":"https:\/\/www.conselharan.org\/es\/segunda-jornada-del-proceso-participativo-del-plan-estrategico-del-sabs-2018-2013\/","title":{"rendered":"Segunda jornada del proceso participativo del Plan Estrat\u00e9gico del SABS 2018-2013"},"content":{"rendered":"<p><strong>50 de las 97 aportaciones hechas por ciudadanos y profesionales ser\u00e1n incorporadas al Plan Estrat\u00e9gico<\/strong><\/p>\n<p><strong>El Plan Estrat\u00e9gico del SABS contar\u00e1 con la creaci\u00f3n de un Consejo Participativo Comunitario<\/strong><\/p>\n<p>Vielha, 30 de octubre de 2018.- Ha tenido lugar en la residencia geri\u00e1trica Sant Antoni de Vielha la segunda jornada del proceso participativo iniciado el pasado 9 de octubre para elaborar el Plan Estrat\u00e9gico del Servicio Aran\u00e9s de Bienestar y Salud 2018-2023.<\/p>\n<p><a href=\"http:\/\/www.conselharan.org\/wp-content\/uploads\/2018\/10\/ffa8f023-d4a9-4040-bda4-0ed7a6cec3b2.jpg\"><img loading=\"lazy\" decoding=\"async\" class=\"aligncenter size-large wp-image-25016\" src=\"http:\/\/www.conselharan.org\/wp-content\/uploads\/2018\/10\/ffa8f023-d4a9-4040-bda4-0ed7a6cec3b2-1024x768.jpg\" alt=\"\" width=\"1024\" height=\"768\" srcset=\"https:\/\/www.conselharan.org\/wp-content\/uploads\/2018\/10\/ffa8f023-d4a9-4040-bda4-0ed7a6cec3b2-1024x768.jpg 1024w, https:\/\/www.conselharan.org\/wp-content\/uploads\/2018\/10\/ffa8f023-d4a9-4040-bda4-0ed7a6cec3b2-300x225.jpg 300w, https:\/\/www.conselharan.org\/wp-content\/uploads\/2018\/10\/ffa8f023-d4a9-4040-bda4-0ed7a6cec3b2-768x576.jpg 768w, https:\/\/www.conselharan.org\/wp-content\/uploads\/2018\/10\/ffa8f023-d4a9-4040-bda4-0ed7a6cec3b2.jpg 1600w\" sizes=\"(max-width: 1024px) 100vw, 1024px\" \/><\/a><\/p>\n<p>En la primera jornada del proceso participativo colaboraron un total de 33 personas, 17 profesionales del \u00e1mbito sanitario, y 16 representantes de la ciudadan\u00eda, repartidos en 8 grupos de trabajo. Los participantes hicieron un total de 97 aportaciones al proceso participativo dentro de tres \u00e1mbitos: iniciativas sobre el modelo; iniciativas asistenciales; e iniciativas sobre los recursos.<\/p>\n<p>Del total de 97 aportaciones realizadas por los grupos de trabajo 55 corresponden a los profesionales de la sanidad y 41 a los representantes de la ciudadan\u00eda. En total ha habido 38 aportaciones referidas a iniciativas sobre el modelo, 25 sobre iniciativas asistenciales, y 34 sobre recursos y competencias.<\/p>\n<p><strong>Del total de aportaciones del proceso participativo, 50 de estas ser\u00e1n incorporadas al Plan Estrat\u00e9gico del SABS 2018-2023.<\/strong><\/p>\n<p><strong>M\u00aa \u00c1ngeles Borr\u00e0s<\/strong>, directora del Servicio Aran\u00e9s de Bienestar y Salud, explic\u00f3 que el Plan Estrat\u00e9gico debe recoger la planificaci\u00f3n a trav\u00e9s de diferentes l\u00edneas estrat\u00e9gicas, y que cuestiones sobre recursos humanos o econ\u00f3micos, no deben formar parte del Plan Estrat\u00e9gico, ya que se canalizan a trav\u00e9s de proyectos espec\u00edficos dedicados a la necesidad de implementar nuevos servicios. Es por ello, dijo, que despu\u00e9s de una revisi\u00f3n detallada de las aportaciones de profesionales y ciudadanos, algunas de las propuestas hechas en la primera jornada del proceso participativo no se incorporan al Plan Estrat\u00e9gico 2018-2023.<\/p>\n<p>Finalmente, Borr\u00e0s ha anunciado que una de las aportaciones que se incorporan al Plan Estrat\u00e9gico es <strong>la creaci\u00f3n de un Consejo Participativo Comunitario<\/strong> integrado por representantes de asociaciones y entidades, ciudadanos a t\u00edtulo particular y profesionales del \u00c1mbito Sanitario.<\/p>\n<p>El Plan contempla las l\u00edneas estrat\u00e9gicas y proyectos singulares por un per\u00edodo de 5 a\u00f1os, entre 2018 y 2023, entre los que se encuentran: Desarrollar estrategias para implementar el modelo de atenci\u00f3n centrada en las personas; la atenci\u00f3n sanitaria accesible, resolutiva e integral; implementar un modelo de atenci\u00f3n integral y centrado en las personas con enfermedades cr\u00f3nicas y con necesidades complejas; la creaci\u00f3n de un nuevo modelo de atenci\u00f3n primaria y salud comunitaria en Aran; la aplicaci\u00f3n de la salud digital en estructuras asistenciales; el abordaje de la violencia machista, infantil y a las personas mayores; implementar la rehabilitaci\u00f3n domiciliaria e incrementar el apoyo al paciente oncol\u00f3gico, entre otros.<\/p>\n ","protected":false},"excerpt":{"rendered":"<p>50 de las 97 aportaciones hechas por ciudadanos y profesionales ser\u00e1n incorporadas al Plan Estrat\u00e9gico El Plan Estrat\u00e9gico del SABS contar\u00e1 con la creaci\u00f3n de un Consejo Participativo Comunitario Vielha, 30 de octubre de 2018.- Ha tenido lugar en la residencia geri\u00e1trica Sant Antoni de Vielha la segunda jornada del proceso participativo iniciado el pasado&#8230;<\/p>\n","protected":false},"author":2,"featured_media":25016,"comment_status":"closed","ping_status":"closed","sticky":false,"template":"","format":"standard","meta":{"footnotes":""},"categories":[37],"tags":[],"_links":{"self":[{"href":"https:\/\/www.conselharan.org\/es\/wp-json\/wp\/v2\/posts\/25020"}],"collection":[{"href":"https:\/\/www.conselharan.org\/es\/wp-json\/wp\/v2\/posts"}],"about":[{"href":"https:\/\/www.conselharan.org\/es\/wp-json\/wp\/v2\/types\/post"}],"author":[{"embeddable":true,"href":"https:\/\/www.conselharan.org\/es\/wp-json\/wp\/v2\/users\/2"}],"replies":[{"embeddable":true,"href":"https:\/\/www.conselharan.org\/es\/wp-json\/wp\/v2\/comments?post=25020"}],"version-history":[{"count":1,"href":"https:\/\/www.conselharan.org\/es\/wp-json\/wp\/v2\/posts\/25020\/revisions"}],"predecessor-version":[{"id":25021,"href":"https:\/\/www.conselharan.org\/es\/wp-json\/wp\/v2\/posts\/25020\/revisions\/25021"}],"wp:featuredmedia":[{"embeddable":true,"href":"https:\/\/www.conselharan.org\/es\/wp-json\/wp\/v2\/media\/25016"}],"wp:attachment":[{"href":"https:\/\/www.conselharan.org\/es\/wp-json\/wp\/v2\/media?parent=25020"}],"wp:term":[{"taxonomy":"category","embeddable":true,"href":"https:\/\/www.conselharan.org\/es\/wp-json\/wp\/v2\/categories?post=25020"},{"taxonomy":"post_tag","embeddable":true,"href":"https:\/\/www.conselharan.org\/es\/wp-json\/wp\/v2\/tags?post=25020"}],"curies":[{"name":"wp","href":"https:\/\/api.w.org\/{rel}","templated":true}]}}