{"id":25672,"date":"2018-12-07T16:01:50","date_gmt":"2018-12-07T15:01:50","guid":{"rendered":"http:\/\/www.conselharan.org\/?p=25672"},"modified":"2018-12-07T16:01:50","modified_gmt":"2018-12-07T15:01:50","slug":"conferencia-la-aventura-humana-de-domingo-de-miguel-hijo-de-vilac-y-director-de-la-escuela-normal-de-lleida","status":"publish","type":"post","link":"https:\/\/www.conselharan.org\/es\/conferencia-la-aventura-humana-de-domingo-de-miguel-hijo-de-vilac-y-director-de-la-escuela-normal-de-lleida\/","title":{"rendered":"Conferencia \u00abLa aventura humana de Domingo de Miguel, hijo de Vilac y director de la Escuela Normal de Lleida\u00bb"},"content":{"rendered":"<p>Vielha, 7 de diciembre de 2018.- El pasado 29 de noviembre tuvo lugar en el Conselh Generau d\u2019Aran la conferencia \u00abLa aventura humana de Domingo de Miguel, hijo de Vilac y director de la Escuela Normal de Lleida\u00bb organizada por la Fundaci\u00f3n Privada del Museo Etnol\u00f3gico del Valle de Aran a cargo de <strong>Josep Varela i Serra<\/strong>, catedr\u00e1tico de Matem\u00e1ticas de Ense\u00f1anza Media, profesor, pol\u00edtico y escritor leridano.<\/p>\n<p><a href=\"http:\/\/www.conselharan.org\/wp-content\/uploads\/2018\/12\/Conferencia-Fund-Museu-Etnologic-2.jpeg\"><img loading=\"lazy\" decoding=\"async\" class=\"aligncenter size-large wp-image-25666\" src=\"http:\/\/www.conselharan.org\/wp-content\/uploads\/2018\/12\/Conferencia-Fund-Museu-Etnologic-2-1024x768.jpeg\" alt=\"\" width=\"1024\" height=\"768\" srcset=\"https:\/\/www.conselharan.org\/wp-content\/uploads\/2018\/12\/Conferencia-Fund-Museu-Etnologic-2-1024x768.jpeg 1024w, https:\/\/www.conselharan.org\/wp-content\/uploads\/2018\/12\/Conferencia-Fund-Museu-Etnologic-2-300x225.jpeg 300w, https:\/\/www.conselharan.org\/wp-content\/uploads\/2018\/12\/Conferencia-Fund-Museu-Etnologic-2-768x576.jpeg 768w\" sizes=\"(max-width: 1024px) 100vw, 1024px\" \/><\/a><\/p>\n<p>La presentaci\u00f3n de la conferencia corri\u00f3 a cargo de la presidenta de la Fundaci\u00f3n Privada del Museo Etnol\u00f3gico del Valle de Aran, <strong>Rosa M\u00aa Salgueiro<\/strong> y de la consejera de Turismo y Desarrollo Econ\u00f3mico de Aran, <strong>Anna D\u00edaz<\/strong>.<\/p>\n<p>En la conferencia, Josep Varela, repas\u00f3 la aventura vital de <strong>Juan Domingo de Miguel<\/strong>, nacido en Vilac en 1813, que dirigi\u00f3 la Escuela Normal de Lleida durante 20 a\u00f1os, entre 1858 y 1878. Juan Domingo de Miguel, estudi\u00f3 en la Universidad Literaria de Huesca y durante unos a\u00f1os ejerci\u00f3 de maestro en Vilac.<\/p>\n<p>La Escuela Normal de Maestros de Lleida fue una instituci\u00f3n educativa creada el 26 de noviembre de 1841 por la Diputaci\u00f3n de Lleida. Comenz\u00f3 con s\u00f3lo 21 alumnos y un profesor en un aula del antiguo Seminario Conciliar en la calle Compa\u00f1\u00eda, para luego continuar en el edificio Roser. La escuela femenina se puso en marcha en 1885. Constituy\u00f3 el \u00fanico centro de estudios superiores de Lleida desde el cierre del Estudio General en 1717. Durante sus a\u00f1os como director, Juan Domingo de Miguel, trabaj\u00f3 desde de la escuela Normal de Lleida para establecer la escuela de Agricultura con su granja de experimentaci\u00f3n agr\u00edcola. En aquella \u00e9poca la Escuela Normal de Lleida contaba con 2 profesores y entre 30 y 40 alumnos.<\/p>\n<p><a href=\"http:\/\/www.conselharan.org\/wp-content\/uploads\/2018\/12\/Conferencia-Fund-Museu-Etnologic-3.jpeg\"><img loading=\"lazy\" decoding=\"async\" class=\"aligncenter size-large wp-image-25667\" src=\"http:\/\/www.conselharan.org\/wp-content\/uploads\/2018\/12\/Conferencia-Fund-Museu-Etnologic-3-1024x768.jpeg\" alt=\"\" width=\"1024\" height=\"768\" srcset=\"https:\/\/www.conselharan.org\/wp-content\/uploads\/2018\/12\/Conferencia-Fund-Museu-Etnologic-3-1024x768.jpeg 1024w, https:\/\/www.conselharan.org\/wp-content\/uploads\/2018\/12\/Conferencia-Fund-Museu-Etnologic-3-300x225.jpeg 300w, https:\/\/www.conselharan.org\/wp-content\/uploads\/2018\/12\/Conferencia-Fund-Museu-Etnologic-3-768x576.jpeg 768w\" sizes=\"(max-width: 1024px) 100vw, 1024px\" \/><\/a><\/p>\n<p>Seg\u00fan Josep Varela, la vida de Domingo de Miguel no fue nada apacible. Domingo de Miguel, fil\u00f3sofo del Centro Cristiano Espiritista cr\u00edtico con la iglesia, publicaba la revista \u00abEl Buen Sentido\u00bb que la iglesia prohibi\u00f3, lo que le supuso ser expedientado y desterrado a Las Palmas de Gran Canaria. De Miguel, no acept\u00f3 el destierro y finalmente fue destituido y expulsado de la Escuela Normal. Juan Domingo de Miguel muri\u00f3 un a\u00f1o despu\u00e9s de estos hechos, en 1880.<\/p>\n<p><a href=\"http:\/\/www.conselharan.org\/wp-content\/uploads\/2018\/12\/Conferencia-Fund-Museu-Etnologic-4.jpeg\"><img loading=\"lazy\" decoding=\"async\" class=\"aligncenter size-large wp-image-25668\" src=\"http:\/\/www.conselharan.org\/wp-content\/uploads\/2018\/12\/Conferencia-Fund-Museu-Etnologic-4-1024x768.jpeg\" alt=\"\" width=\"1024\" height=\"768\" srcset=\"https:\/\/www.conselharan.org\/wp-content\/uploads\/2018\/12\/Conferencia-Fund-Museu-Etnologic-4-1024x768.jpeg 1024w, https:\/\/www.conselharan.org\/wp-content\/uploads\/2018\/12\/Conferencia-Fund-Museu-Etnologic-4-300x225.jpeg 300w, https:\/\/www.conselharan.org\/wp-content\/uploads\/2018\/12\/Conferencia-Fund-Museu-Etnologic-4-768x576.jpeg 768w\" sizes=\"(max-width: 1024px) 100vw, 1024px\" \/><\/a><\/p>\n ","protected":false},"excerpt":{"rendered":"<p>Vielha, 7 de diciembre de 2018.- El pasado 29 de noviembre tuvo lugar en el Conselh Generau d\u2019Aran la conferencia \u00abLa aventura humana de Domingo de Miguel, hijo de Vilac y director de la Escuela Normal de Lleida\u00bb organizada por la Fundaci\u00f3n Privada del Museo Etnol\u00f3gico del Valle de Aran a cargo de Josep Varela&#8230;<\/p>\n","protected":false},"author":2,"featured_media":25665,"comment_status":"closed","ping_status":"closed","sticky":false,"template":"","format":"standard","meta":{"footnotes":""},"categories":[34],"tags":[],"_links":{"self":[{"href":"https:\/\/www.conselharan.org\/es\/wp-json\/wp\/v2\/posts\/25672"}],"collection":[{"href":"https:\/\/www.conselharan.org\/es\/wp-json\/wp\/v2\/posts"}],"about":[{"href":"https:\/\/www.conselharan.org\/es\/wp-json\/wp\/v2\/types\/post"}],"author":[{"embeddable":true,"href":"https:\/\/www.conselharan.org\/es\/wp-json\/wp\/v2\/users\/2"}],"replies":[{"embeddable":true,"href":"https:\/\/www.conselharan.org\/es\/wp-json\/wp\/v2\/comments?post=25672"}],"version-history":[{"count":1,"href":"https:\/\/www.conselharan.org\/es\/wp-json\/wp\/v2\/posts\/25672\/revisions"}],"predecessor-version":[{"id":25673,"href":"https:\/\/www.conselharan.org\/es\/wp-json\/wp\/v2\/posts\/25672\/revisions\/25673"}],"wp:featuredmedia":[{"embeddable":true,"href":"https:\/\/www.conselharan.org\/es\/wp-json\/wp\/v2\/media\/25665"}],"wp:attachment":[{"href":"https:\/\/www.conselharan.org\/es\/wp-json\/wp\/v2\/media?parent=25672"}],"wp:term":[{"taxonomy":"category","embeddable":true,"href":"https:\/\/www.conselharan.org\/es\/wp-json\/wp\/v2\/categories?post=25672"},{"taxonomy":"post_tag","embeddable":true,"href":"https:\/\/www.conselharan.org\/es\/wp-json\/wp\/v2\/tags?post=25672"}],"curies":[{"name":"wp","href":"https:\/\/api.w.org\/{rel}","templated":true}]}}