{"id":25804,"date":"2018-12-17T18:26:16","date_gmt":"2018-12-17T17:26:16","guid":{"rendered":"http:\/\/www.conselharan.org\/?p=25804"},"modified":"2018-12-18T14:44:25","modified_gmt":"2018-12-18T13:44:25","slug":"el-pleno-del-conselh-generau-aprueba-la-modificacion-de-la-ordenanza-reguladora-de-la-gestion-de-residuos-urbanos-de-la-val-daran","status":"publish","type":"post","link":"https:\/\/www.conselharan.org\/es\/el-pleno-del-conselh-generau-aprueba-la-modificacion-de-la-ordenanza-reguladora-de-la-gestion-de-residuos-urbanos-de-la-val-daran\/","title":{"rendered":"El pleno del Conselh Generau aprueba la modificaci\u00f3n de la Ordenanza Reguladora de la Gesti\u00f3n de Residuos Urbanos de la Val d&#8217;Aran"},"content":{"rendered":"<p><strong>La ordenanza contempla sanciones que van de 100 a 300 \u20ac para las sanciones consideradas leves, de 300 a 3.000 \u20ac para las graves, y de 3.000 a 6.000 \u20ac para las consideradas muy graves<\/strong><\/p>\n<p>Arroz, 17 de diciembre de 2018.- El pleno del Conselh Generau d\u2019Aran en sesi\u00f3n ordinaria celebrada en la Casa del Se\u00f1or de Arr\u00f2s, ha aprobado por unanimidad la modificaci\u00f3n de la Ordenanza Reguladora de la Gesti\u00f3n de Residuos Urbanos de la Val d&#8217;Aran.<\/p>\n<p>El s\u00edndic d\u2019Aran, <strong>Carlos Barrera<\/strong>, explic\u00f3 que la Ordenanza Reguladora contempla derechos y deberes, entre ellos los de los ciudadanos, que pueden hacer sugerencias sobre c\u00f3mo mejorar el servicio o la implicaci\u00f3n de la ciudadan\u00eda en el funcionamiento del mismo. El sindic d\u2019Aran ha hecho referencia a la dificultad en los \u00faltimos a\u00f1os del funcionamiento del servicio, sobre todo en invierno, por las carencias de recursos de la empresa concesionaria pero tambi\u00e9n por el mal uso que hacen algunos usuarios que afectan a la eficacia y la calidad de este servicio, por lo que el pleno del Conselh Generau ha aprobado la Ordenanza que simplifica la anterior y que como todas las ordenanzas contempla el aspecto sancionador para todos aquellos que la incumplen.<\/p>\n<p><a href=\"http:\/\/www.conselharan.org\/wp-content\/uploads\/2018\/12\/Ple-Conselh-17-de-desembre-2.jpg\"><img loading=\"lazy\" decoding=\"async\" class=\"aligncenter size-large wp-image-25798\" src=\"http:\/\/www.conselharan.org\/wp-content\/uploads\/2018\/12\/Ple-Conselh-17-de-desembre-2-1024x768.jpg\" alt=\"\" width=\"1024\" height=\"768\" srcset=\"https:\/\/www.conselharan.org\/wp-content\/uploads\/2018\/12\/Ple-Conselh-17-de-desembre-2-1024x768.jpg 1024w, https:\/\/www.conselharan.org\/wp-content\/uploads\/2018\/12\/Ple-Conselh-17-de-desembre-2-300x225.jpg 300w, https:\/\/www.conselharan.org\/wp-content\/uploads\/2018\/12\/Ple-Conselh-17-de-desembre-2-768x576.jpg 768w, https:\/\/www.conselharan.org\/wp-content\/uploads\/2018\/12\/Ple-Conselh-17-de-desembre-2.jpg 2016w\" sizes=\"(max-width: 1024px) 100vw, 1024px\" \/><\/a><\/p>\n<p>En este sentido, el sindic d\u2019Aran, Carlos Barrera, explic\u00f3 que la ordenanza contempla sanciones que van de 100 a 300 \u20ac para las sanciones consideradas leves, de 300 a 3.000 \u20ac para las graves, y de 3.000 a 6.000 \u20ac para las consideradas muy graves. Si la sanci\u00f3n se abona los 15 d\u00edas h\u00e1biles siguientes a la imposici\u00f3n contar\u00e1 con una bonificaci\u00f3n del 50% de la misma.<\/p>\n<p>Carlos Barrera, explic\u00f3 que este es un primer paso ya que se considera que a estas alturas el mal uso que se hace de las islas y de los contenedores no tiene ninguna justificaci\u00f3n y por eso hay que incidir en este aspecto. El sindic d\u2019Aran ha recordado que la empresa concesionaria ha pedido al Conselh Generau d\u2019Aran que se reconsidere el coste de este servicio teniendo en cuenta que se ha mejorado mucho la recogida de las 5 fracciones tratadas (envases, papel y cart\u00f3n, vidrio, resto y org\u00e1nico) y que parece evidente que es necesario un equipo m\u00e1s para realizar efectivamente el servicio de recogida. Barrera manifest\u00f3 que los ayuntamientos del Valle de Aran deber\u00e1n implicarse mucho m\u00e1s para posibilitar que no haya veh\u00edculos que impidan a los camiones de recogida de residuos acceder a las islas de contenedores para realizar el servicio.<\/p>\n<p><a href=\"http:\/\/www.conselharan.org\/wp-content\/uploads\/2018\/12\/Ple-Conselh-17-de-desembre-4.jpg\"><img loading=\"lazy\" decoding=\"async\" class=\"aligncenter size-large wp-image-25799\" src=\"http:\/\/www.conselharan.org\/wp-content\/uploads\/2018\/12\/Ple-Conselh-17-de-desembre-4-1024x768.jpg\" alt=\"\" width=\"1024\" height=\"768\" srcset=\"https:\/\/www.conselharan.org\/wp-content\/uploads\/2018\/12\/Ple-Conselh-17-de-desembre-4-1024x768.jpg 1024w, https:\/\/www.conselharan.org\/wp-content\/uploads\/2018\/12\/Ple-Conselh-17-de-desembre-4-300x225.jpg 300w, https:\/\/www.conselharan.org\/wp-content\/uploads\/2018\/12\/Ple-Conselh-17-de-desembre-4-768x576.jpg 768w, https:\/\/www.conselharan.org\/wp-content\/uploads\/2018\/12\/Ple-Conselh-17-de-desembre-4.jpg 2016w\" sizes=\"(max-width: 1024px) 100vw, 1024px\" \/><\/a><\/p>\n<p>El sindic d\u2019Aran ha anunciado que el pr\u00f3ximo d\u00eda 20 de diciembre se celebrar\u00e1 un Consejo de Alcaldes en el que se pedir\u00e1 a los responsables municipales que los agentes y vigilantes municipales dediquen una parte de su jornada al control sobre todo de dep\u00f3sito de voluminosos en las islas de contenedores para detectar qu\u00e9 personas incumplen la ordenanza y que hagan llegar las actas al Conselh Generau d\u2019Aran para que pueda iniciar los expedientes sancionadores correspondientes.<\/p>\n<p>Finalmente, el sindic d\u2019Aran, ha explicado que en el mismo Consejo de Alcaldes, tambi\u00e9n se pedir\u00e1 que todos aquellos ayuntamientos que a\u00fan no han adaptado el escudo de su municipio al reglamento de los escudos de los entes municipales del Valle de Aran que lo hagan para que el pleno del Conselh Generau d\u2019Aran pueda aprobarlos y desplegar con plenitud los s\u00edmbolos de la Val d&#8217;Aran.<\/p>\n ","protected":false},"excerpt":{"rendered":"<p>La ordenanza contempla sanciones que van de 100 a 300 \u20ac para las sanciones consideradas leves, de 300 a 3.000 \u20ac para las graves, y de 3.000 a 6.000 \u20ac para las consideradas muy graves Arroz, 17 de diciembre de 2018.- El pleno del Conselh Generau d\u2019Aran en sesi\u00f3n ordinaria celebrada en la Casa del&#8230;<\/p>\n","protected":false},"author":2,"featured_media":25800,"comment_status":"closed","ping_status":"closed","sticky":false,"template":"","format":"standard","meta":{"footnotes":""},"categories":[52],"tags":[],"_links":{"self":[{"href":"https:\/\/www.conselharan.org\/es\/wp-json\/wp\/v2\/posts\/25804"}],"collection":[{"href":"https:\/\/www.conselharan.org\/es\/wp-json\/wp\/v2\/posts"}],"about":[{"href":"https:\/\/www.conselharan.org\/es\/wp-json\/wp\/v2\/types\/post"}],"author":[{"embeddable":true,"href":"https:\/\/www.conselharan.org\/es\/wp-json\/wp\/v2\/users\/2"}],"replies":[{"embeddable":true,"href":"https:\/\/www.conselharan.org\/es\/wp-json\/wp\/v2\/comments?post=25804"}],"version-history":[{"count":1,"href":"https:\/\/www.conselharan.org\/es\/wp-json\/wp\/v2\/posts\/25804\/revisions"}],"predecessor-version":[{"id":25805,"href":"https:\/\/www.conselharan.org\/es\/wp-json\/wp\/v2\/posts\/25804\/revisions\/25805"}],"wp:featuredmedia":[{"embeddable":true,"href":"https:\/\/www.conselharan.org\/es\/wp-json\/wp\/v2\/media\/25800"}],"wp:attachment":[{"href":"https:\/\/www.conselharan.org\/es\/wp-json\/wp\/v2\/media?parent=25804"}],"wp:term":[{"taxonomy":"category","embeddable":true,"href":"https:\/\/www.conselharan.org\/es\/wp-json\/wp\/v2\/categories?post=25804"},{"taxonomy":"post_tag","embeddable":true,"href":"https:\/\/www.conselharan.org\/es\/wp-json\/wp\/v2\/tags?post=25804"}],"curies":[{"name":"wp","href":"https:\/\/api.w.org\/{rel}","templated":true}]}}