{"id":26056,"date":"2019-01-08T16:52:26","date_gmt":"2019-01-08T15:52:26","guid":{"rendered":"http:\/\/www.conselharan.org\/?p=26056"},"modified":"2019-01-10T11:16:18","modified_gmt":"2019-01-10T10:16:18","slug":"se-da-por-estabilizado-el-fuego-forestal-en-arties","status":"publish","type":"post","link":"https:\/\/www.conselharan.org\/es\/se-da-por-estabilizado-el-fuego-forestal-en-arties\/","title":{"rendered":"Se da por estabilizado el fuego forestal en Arties"},"content":{"rendered":"<p><strong>El fuego ha quemado 215 hect\u00e1reas de pastos, pero no ha habido peligro de que llegara a las poblaciones<\/strong><\/p>\n<p>Vielha, 8 de enero de 2019.- Los Bomberos de la Generalitat y los Pompi\u00e8rs d\u2019Aran han dado por estabilizado el fuego forestal que quema desde el domingo por la noche en los alrededores de las poblaciones de Arties y Gessa en el Valle de Aran que ha quemado 215 hect\u00e1reas de pastos.<\/p>\n<p><a href=\"http:\/\/www.conselharan.org\/wp-content\/uploads\/2019\/01\/Incendi-Arties-6.png\"><img loading=\"lazy\" decoding=\"async\" class=\"aligncenter size-large wp-image-26050\" src=\"http:\/\/www.conselharan.org\/wp-content\/uploads\/2019\/01\/Incendi-Arties-6-1024x767.png\" alt=\"\" width=\"1024\" height=\"767\" srcset=\"https:\/\/www.conselharan.org\/wp-content\/uploads\/2019\/01\/Incendi-Arties-6-1024x767.png 1024w, https:\/\/www.conselharan.org\/wp-content\/uploads\/2019\/01\/Incendi-Arties-6-300x225.png 300w, https:\/\/www.conselharan.org\/wp-content\/uploads\/2019\/01\/Incendi-Arties-6-768x575.png 768w, https:\/\/www.conselharan.org\/wp-content\/uploads\/2019\/01\/Incendi-Arties-6.png 1063w\" sizes=\"(max-width: 1024px) 100vw, 1024px\" \/><\/a><\/p>\n<p>Seg\u00fan inform\u00f3 <strong>Marc Castellnou<\/strong>, inspector jefe del \u00e1rea GRAF, el fuego ha evolucionado favorablemente durante la noche y durante la ma\u00f1ana 30 efectivos con el apoyo de dos helic\u00f3pteros han trabajado en los dos focos activos del fuego. El flanco derecho est\u00e1 estabilizado y el izquierdo quedar\u00e1 confinado hasta su extinci\u00f3n.<\/p>\n<p>La meteorolog\u00eda de los \u00faltimos d\u00edas con inversi\u00f3n t\u00e9rmica en las zonas altas en el Pirineo ha sido extremadamente seca y ha hecho que la vegetaci\u00f3n propagara r\u00e1pidamente el fuego.<\/p>\n<p>La previsi\u00f3n es que con el cambio de tiempo y las nevadas d\u00e9biles que se esperan para hoy en el Valle de Aran el fuego quede extinguido.<\/p>\n<p><a href=\"http:\/\/www.conselharan.org\/wp-content\/uploads\/2019\/01\/Incendi-Arties-8.jpg\"><img loading=\"lazy\" decoding=\"async\" class=\"aligncenter size-large wp-image-26051\" src=\"http:\/\/www.conselharan.org\/wp-content\/uploads\/2019\/01\/Incendi-Arties-8-1024x695.jpg\" alt=\"\" width=\"1024\" height=\"695\" srcset=\"https:\/\/www.conselharan.org\/wp-content\/uploads\/2019\/01\/Incendi-Arties-8-1024x695.jpg 1024w, https:\/\/www.conselharan.org\/wp-content\/uploads\/2019\/01\/Incendi-Arties-8-300x204.jpg 300w, https:\/\/www.conselharan.org\/wp-content\/uploads\/2019\/01\/Incendi-Arties-8-768x521.jpg 768w, https:\/\/www.conselharan.org\/wp-content\/uploads\/2019\/01\/Incendi-Arties-8.jpg 1624w\" sizes=\"(max-width: 1024px) 100vw, 1024px\" \/><\/a><\/p>\n<p>El sindic d\u2019Aran, Carlos Barrera ha agradecido a todos los servicios implicados tanto del Valle de Aran como los de la Generalidad de Catalu\u00f1a y los grupos de actuaci\u00f3n forestal (GRAF), su dedicaci\u00f3n y profesionalidad para afrontar este episodio.<\/p>\n ","protected":false},"excerpt":{"rendered":"<p>El fuego ha quemado 215 hect\u00e1reas de pastos, pero no ha habido peligro de que llegara a las poblaciones Vielha, 8 de enero de 2019.- Los Bomberos de la Generalitat y los Pompi\u00e8rs d\u2019Aran han dado por estabilizado el fuego forestal que quema desde el domingo por la noche en los alrededores de las poblaciones&#8230;<\/p>\n","protected":false},"author":2,"featured_media":26052,"comment_status":"closed","ping_status":"closed","sticky":false,"template":"","format":"standard","meta":{"footnotes":""},"categories":[52],"tags":[],"_links":{"self":[{"href":"https:\/\/www.conselharan.org\/es\/wp-json\/wp\/v2\/posts\/26056"}],"collection":[{"href":"https:\/\/www.conselharan.org\/es\/wp-json\/wp\/v2\/posts"}],"about":[{"href":"https:\/\/www.conselharan.org\/es\/wp-json\/wp\/v2\/types\/post"}],"author":[{"embeddable":true,"href":"https:\/\/www.conselharan.org\/es\/wp-json\/wp\/v2\/users\/2"}],"replies":[{"embeddable":true,"href":"https:\/\/www.conselharan.org\/es\/wp-json\/wp\/v2\/comments?post=26056"}],"version-history":[{"count":1,"href":"https:\/\/www.conselharan.org\/es\/wp-json\/wp\/v2\/posts\/26056\/revisions"}],"predecessor-version":[{"id":26057,"href":"https:\/\/www.conselharan.org\/es\/wp-json\/wp\/v2\/posts\/26056\/revisions\/26057"}],"wp:featuredmedia":[{"embeddable":true,"href":"https:\/\/www.conselharan.org\/es\/wp-json\/wp\/v2\/media\/26052"}],"wp:attachment":[{"href":"https:\/\/www.conselharan.org\/es\/wp-json\/wp\/v2\/media?parent=26056"}],"wp:term":[{"taxonomy":"category","embeddable":true,"href":"https:\/\/www.conselharan.org\/es\/wp-json\/wp\/v2\/categories?post=26056"},{"taxonomy":"post_tag","embeddable":true,"href":"https:\/\/www.conselharan.org\/es\/wp-json\/wp\/v2\/tags?post=26056"}],"curies":[{"name":"wp","href":"https:\/\/api.w.org\/{rel}","templated":true}]}}