{"id":26322,"date":"2019-01-25T15:18:22","date_gmt":"2019-01-25T14:18:22","guid":{"rendered":"http:\/\/www.conselharan.org\/?p=26322"},"modified":"2019-01-28T10:21:36","modified_gmt":"2019-01-28T09:21:36","slug":"nueva-programacion-de-cursos-en-el-cei-val-daran-para-2019","status":"publish","type":"post","link":"https:\/\/www.conselharan.org\/es\/nueva-programacion-de-cursos-en-el-cei-val-daran-para-2019\/","title":{"rendered":"Nueva programaci\u00f3n de cursos en el CEI Val d\u2019Aran para 2019"},"content":{"rendered":"<p>Vielha, 25 de enero de 2019.- El CEI Val d\u2019Aran, junto con GlobaLleida y con el patrocinio de la Diputaci\u00f3n de Lleida, ha preparado un nuevo ciclo de cursos y c\u00e1psulas formativas gratuitas que comenzar\u00e1n en marzo de 2019.<\/p>\n<p>Las nuevas c\u00e1psulas formativas son:<\/p>\n<p><strong>\u00abProtecci\u00f3n de Datos\u00bb.<\/strong>\u00a014\/03\/2019. De 11.00 a 13.00h<\/p>\n<p><strong>\u00abPresentaciones escritas, telef\u00f3nicas y en persona: Las claves para tener \u00e9xito\u00bb.<\/strong> 02\/04 \/ 2019.De 10:00 a12.00h<\/p>\n<p><strong>\u00abUsa tu Smartphone en la b\u00fasqueda de trabajo\u00bb.<\/strong> 02\/04 \/ 2019.De 10:00 a12.00h<\/p>\n<p><strong>\u00abFotograf\u00eda con m\u00f3vil para Instagram\u00bb.<\/strong>\u00a030\/05\/2019. De 10.00 a 12.00h<\/p>\n<p><strong>\u00abEstrategias de Marketing Digital en Instagram\u00bb.<\/strong>\u00a030\/05\/2019. De 12.00 a 14.00h<\/p>\n<p><strong>\u00ab\u00bfC\u00f3mo puedo subir mi empresa a la Nube?\u00bb.<\/strong> 18\/09 \/ 2019.De 10.00 a 14.00h<\/p>\n<p><strong>\u00ab\u00bfEst\u00e1s pensando en crear tu empresa y no sabes si tu idea tendr\u00e1 aceptaci\u00f3n? \u00a1Aprende como averiguar si tendr\u00e1s clientes! \u00ab.<\/strong> 16\/10 \/ 2019.De 10.00 a 12.00h<\/p>\n<p><strong>\u00abFomentando el esp\u00edritu emprendedor entre j\u00f3venes en las zonas rurales\u00bb.<\/strong> 16\/10\/2019. De 12.00 a 14.00h<\/p>\n<p><strong>\u00abCrea la App corporativa de tu empresa para Android y para iPhone gratuitamente y sin saber programar\u00bb.<\/strong> 13\/11\/2019. De 10.00 a 14.00h<\/p>\n<p><a href=\"http:\/\/www.conselharan.org\/wp-content\/uploads\/2019\/01\/Capsula-CEI-excelencia-atenci\u00f3-al-client-5.jpeg\"><img loading=\"lazy\" decoding=\"async\" class=\"aligncenter size-large wp-image-26317\" src=\"http:\/\/www.conselharan.org\/wp-content\/uploads\/2019\/01\/Capsula-CEI-excelencia-atenci\u00f3-al-client-5-1024x640.jpeg\" alt=\"\" width=\"1024\" height=\"640\" srcset=\"https:\/\/www.conselharan.org\/wp-content\/uploads\/2019\/01\/Capsula-CEI-excelencia-atenci\u00f3-al-client-5-1024x640.jpeg 1024w, https:\/\/www.conselharan.org\/wp-content\/uploads\/2019\/01\/Capsula-CEI-excelencia-atenci\u00f3-al-client-5-300x188.jpeg 300w, https:\/\/www.conselharan.org\/wp-content\/uploads\/2019\/01\/Capsula-CEI-excelencia-atenci\u00f3-al-client-5-768x480.jpeg 768w, https:\/\/www.conselharan.org\/wp-content\/uploads\/2019\/01\/Capsula-CEI-excelencia-atenci\u00f3-al-client-5.jpeg 1080w\" sizes=\"(max-width: 1024px) 100vw, 1024px\" \/><\/a><\/p>\n<p>Las c\u00e1psulas formativas se imparten en el mismo CEI Val d\u2019Aran de Casau, Plaza naua, 1, y est\u00e1n organizadas por el CEI Val d\u2019Aran y el Conselh Generau d\u2019Aran en colaboraci\u00f3n con la Diputaci\u00f3n de Lleida y GlobaLleida, con el apoyo del Departamento de Empresa y Ocupaci\u00f3n de la Generalitat de Catalunya, Catalunya Empr\u00e8n y el Fondo Social Europeo.<\/p>\n<p>Las inscripciones se pueden formalizar en www.ceivaldaran.org o tambi\u00e9n llamando al Telf. 973 64 18 01.<\/p>\n<p>Toda la informaci\u00f3n en la web del CEI Val d\u2019Aran <a href=\"http:\/\/www.ceivaldaran.com\">www.ceivaldaran.com<\/a><\/p>\n ","protected":false},"excerpt":{"rendered":"<p>Vielha, 25 de enero de 2019.- El CEI Val d\u2019Aran, junto con GlobaLleida y con el patrocinio de la Diputaci\u00f3n de Lleida, ha preparado un nuevo ciclo de cursos y c\u00e1psulas formativas gratuitas que comenzar\u00e1n en marzo de 2019. Las nuevas c\u00e1psulas formativas son: \u00abProtecci\u00f3n de Datos\u00bb.\u00a014\/03\/2019. De 11.00 a 13.00h \u00abPresentaciones escritas, telef\u00f3nicas y&#8230;<\/p>\n","protected":false},"author":2,"featured_media":26317,"comment_status":"closed","ping_status":"closed","sticky":false,"template":"","format":"standard","meta":{"footnotes":""},"categories":[34],"tags":[],"_links":{"self":[{"href":"https:\/\/www.conselharan.org\/es\/wp-json\/wp\/v2\/posts\/26322"}],"collection":[{"href":"https:\/\/www.conselharan.org\/es\/wp-json\/wp\/v2\/posts"}],"about":[{"href":"https:\/\/www.conselharan.org\/es\/wp-json\/wp\/v2\/types\/post"}],"author":[{"embeddable":true,"href":"https:\/\/www.conselharan.org\/es\/wp-json\/wp\/v2\/users\/2"}],"replies":[{"embeddable":true,"href":"https:\/\/www.conselharan.org\/es\/wp-json\/wp\/v2\/comments?post=26322"}],"version-history":[{"count":2,"href":"https:\/\/www.conselharan.org\/es\/wp-json\/wp\/v2\/posts\/26322\/revisions"}],"predecessor-version":[{"id":26384,"href":"https:\/\/www.conselharan.org\/es\/wp-json\/wp\/v2\/posts\/26322\/revisions\/26384"}],"wp:featuredmedia":[{"embeddable":true,"href":"https:\/\/www.conselharan.org\/es\/wp-json\/wp\/v2\/media\/26317"}],"wp:attachment":[{"href":"https:\/\/www.conselharan.org\/es\/wp-json\/wp\/v2\/media?parent=26322"}],"wp:term":[{"taxonomy":"category","embeddable":true,"href":"https:\/\/www.conselharan.org\/es\/wp-json\/wp\/v2\/categories?post=26322"},{"taxonomy":"post_tag","embeddable":true,"href":"https:\/\/www.conselharan.org\/es\/wp-json\/wp\/v2\/tags?post=26322"}],"curies":[{"name":"wp","href":"https:\/\/api.w.org\/{rel}","templated":true}]}}