{"id":26478,"date":"2019-02-01T17:38:37","date_gmt":"2019-02-01T16:38:37","guid":{"rendered":"http:\/\/www.conselharan.org\/?p=26478"},"modified":"2019-02-01T17:38:37","modified_gmt":"2019-02-01T16:38:37","slug":"valoracion-muy-positiva-de-la-primera-universidad-internacional-de-invierno-del-valle-de-aran","status":"publish","type":"post","link":"https:\/\/www.conselharan.org\/es\/valoracion-muy-positiva-de-la-primera-universidad-internacional-de-invierno-del-valle-de-aran\/","title":{"rendered":"Valoraci\u00f3n muy positiva de la primera Universidad Internacional de Invierno del Valle de Aran"},"content":{"rendered":"<p>Vielha, 1 de febrero de 2019.- Podemos decir que la 1\u00aa. Edici\u00f3n de la <strong>Universidad Internacional de Invierno del Valle de Aran <\/strong>del 25, 26 y 27 de enero de 2019 ha tenido una excelente acogida, con m\u00e1s de 60 asistentes, la mayor parte de ellos de la Val d\u2019Aran, lo que quiere decir que hay un inter\u00e9s por el conocimiento sobre el patrimonio, en este caso sacro, del Valle de Aran, por parte de sus habitantes. Adem\u00e1s, tambi\u00e9n ha tenido participaci\u00f3n de personas procedentes de Commenges, de la Ribagorza y de otras zonas de Catalunya.<\/p>\n<p><a href=\"http:\/\/www.conselharan.org\/wp-content\/uploads\/2019\/02\/Univ-Hivern-3.jpg\"><img loading=\"lazy\" decoding=\"async\" class=\"aligncenter size-large wp-image-26472\" src=\"http:\/\/www.conselharan.org\/wp-content\/uploads\/2019\/02\/Univ-Hivern-3-1024x659.jpg\" alt=\"\" width=\"1024\" height=\"659\" srcset=\"https:\/\/www.conselharan.org\/wp-content\/uploads\/2019\/02\/Univ-Hivern-3.jpg 1024w, https:\/\/www.conselharan.org\/wp-content\/uploads\/2019\/02\/Univ-Hivern-3-300x193.jpg 300w, https:\/\/www.conselharan.org\/wp-content\/uploads\/2019\/02\/Univ-Hivern-3-768x494.jpg 768w\" sizes=\"(max-width: 1024px) 100vw, 1024px\" \/><\/a><\/p>\n<p>Inaugurada por la consejera de Turismo, <strong>Anna D\u00edaz<\/strong>, y presentada por el asesor en Cultura y Patrimonio del Conselh Generau d\u2019Aran, <strong>J\u00e8p de Montoya<\/strong>, han sido unas jornadas de una riqueza enorme de conocimiento.<\/p>\n<p>El <strong>Dr. Josep Llu\u00eds Ginovart<\/strong> de la <strong>School of Architecture <\/strong>de la<strong> Universidad Internacional de Catalunya<\/strong> ha aportado su saber sobre la investigaci\u00f3n arquitect\u00f3nica y sobre las orientaciones de las iglesias aranesas, con nuevas tesis y teor\u00edas sobre el momento de las planificaciones y construcciones de las mismas.<\/p>\n<p>El <strong>Dr. Agust\u00ed Costa<\/strong> de la <strong>Escuela T\u00e9cnica Superior de Arquitectura de la Universidad Rovira i Virgili<\/strong> de Reus-Tarragona ha explicado todo el proceso de estudio de las iglesias aranesas desde un punto de vista arquitect\u00f3nico, llevado a t\u00e9rmino por alumnos y profesores de esta escuela durante 7 a\u00f1os.<\/p>\n<p>La <strong>Dra. Julia Pav\u00f3n<\/strong> de la <strong>Universidad de Navarra<\/strong> ha puesto sobre la mesa que el privilegio de era Querim\u00f2nia, que los araneses reclamaron en Lleida al rey Jaime II, posiblemente no se plasm\u00f3 en un documento hasta el 15 de mayo de 1328, cuando fue firmado por Alfonso III el Benigno, a causa del miedo de los araneses de permanecer de nuevo desamparados y de un posible nuevo litigio entre franceses y aragoneses, ante el cambio en Francia de la dinast\u00eda de los Capetos por la de Valois.<\/p>\n<p><strong>Carla del Valle<\/strong>, directora de los <strong>Museos del Valle de Aran<\/strong>, junto con el <strong>Dr. Jordi Camps<\/strong>, conservador en jefe del Departamento de Arte medieval del <strong>Museu Nacional d\u2019Art de Catalunya, MNAC<\/strong>, han hecho un repaso exhaustivo de los creadores, maestros escultores y pintores, del arte medieval de Aran.<\/p>\n<p><a href=\"http:\/\/www.conselharan.org\/wp-content\/uploads\/2019\/02\/Univ-Hivern-6.jpg\"><img loading=\"lazy\" decoding=\"async\" class=\"aligncenter size-full wp-image-26473\" src=\"http:\/\/www.conselharan.org\/wp-content\/uploads\/2019\/02\/Univ-Hivern-6.jpg\" alt=\"\" width=\"960\" height=\"642\" srcset=\"https:\/\/www.conselharan.org\/wp-content\/uploads\/2019\/02\/Univ-Hivern-6.jpg 960w, https:\/\/www.conselharan.org\/wp-content\/uploads\/2019\/02\/Univ-Hivern-6-300x201.jpg 300w, https:\/\/www.conselharan.org\/wp-content\/uploads\/2019\/02\/Univ-Hivern-6-768x514.jpg 768w\" sizes=\"(max-width: 960px) 100vw, 960px\" \/><\/a><\/p>\n<p><strong>Tha\u00efs Rod\u00e9s<\/strong> de la <strong>Universidad de Navarra<\/strong>, en su ponencia sobre el arte sacro contempor\u00e1neo del Valle de Aran, despu\u00e9s de enumerar y explicar la mayor parte de la obra hecha en los \u00faltimos decenios, ha dado a conocer el trabajo del taller de Ramon Borr\u00e0s de Lleida, constructor de los retablos neog\u00f3ticos de las iglesias de Vielha, Gausac, Es B\u00f2rdes, Vilam\u00f2s y Canejan, que perdieron sus retablos en la Guerra Civil y que gracias a las subastas de madera de sus bosques pudieron encargar estas piezas en los a\u00f1os 40 del siglo pasado.<\/p>\n<p>Asimismo, <strong>Jordi Camps<\/strong>, gran especialista en escultura rom\u00e1nica ha profundizado mucho en el estudio sobre el <strong>Cristo de Mijaran<\/strong> y el <strong>Cristo de Salard\u00fa<\/strong>, asegurando que estas obras no pueden pertenecer al Taller de Erill o Taller Ribagorzano como se ha dicho hasta ahora, sino a otro taller, despu\u00e9s de las diferencias de estilo y de factura observada. Asegura que debi\u00f3 de existir un Taller o Maestro del Valle, con una t\u00e9cnica bien refinada para poder llegar a hacer estas piezas de una magn\u00edfica calidad y perfecci\u00f3n. La investigadora Tha\u00efs Rod\u00e9s, en sus recientes estudios, reafirma esta tesis.<\/p>\n<p><strong>Elisa Ros<\/strong>, t\u00e9cnica de Patrimonio del <strong>Conselh Generau d\u2019Aran<\/strong> asegura, con un an\u00e1lisis pormenorizado de la documentaci\u00f3n existente y de los restos arquitect\u00f3nicos de la iglesia de Santa Maria de Mijaran, como ya ten\u00eda apuntado <strong>Dom\u00e8nech i Montaner<\/strong> y otros autores posteriores, que la iglesia de Mijaran ten\u00eda en su origen planta basilical de las tres naves, con pilares circulares que soportaban las vueltas de las tres naves, antes de construir los arcos g\u00f3ticos que podemos ver en la documentaci\u00f3n fotogr\u00e1fica anterior al a\u00f1o 1938, fecha de su destrucci\u00f3n, y tambi\u00e9n en los restos que permanecen. Tambi\u00e9n ha diferenciado diversas fases constructivas en el edificio.<\/p>\n<p>El <strong>Dr.<\/strong> <strong>Sergio Coll<\/strong> de la <strong>Escuela T\u00e9cnica Superior de Arquitectura de la Universidad Rovira i Virgili<\/strong> ha explicado con todo lujo de detalles los momentos de construcci\u00f3n arquitect\u00f3nica de las iglesias rom\u00e1nicas como sus patolog\u00edas y deformaciones y las soluciones a algunos de sus problemas.<\/p>\n<p>El Dr. <strong>Juan Antonio Ola\u00f1eta<\/strong> de la <strong>Universidad de Barcelona<\/strong> despu\u00e9s de analizar los 18 crismones araneses conocidos y probar que en un gran porcentaje de ellos aparecen las letras griegas, Alfa, y Omega, y la S invertida (derecha-izquierda), ha asegurado que son bien genuinas, y apunta que la explicaci\u00f3n podemos encontrarla en la defensa por parte de la Iglesia del dogma de la Sant\u00edsima Trinidad, para contrarrestar a la herej\u00eda albigense que lo negaba. Tambi\u00e9n manifiesta que la Omega, _final de todo_, se pone en lugar del Alfa, _principio de todo_, porque estos crismones, a menudo situados en las paredes de las iglesias que ten\u00edan el cementerio a su pie, quer\u00edan recordar que la muerte no era el final, sino el comienzo de la vida eterna. Con la misma teor\u00eda, <strong>Jordi Camps<\/strong> ha mantenido la idea de que tanto los cristos crucificados en la escultura en piedra en las portaladas de las iglesias como las tallas de los cristos en madera har\u00edan la misma funci\u00f3n de mostrar la naturaleza humana de Cristo, en contra de lo que propon\u00eda el hereje albigense.<\/p>\n<p><a href=\"http:\/\/www.conselharan.org\/wp-content\/uploads\/2019\/02\/Univ-Hivern-5.jpg\"><img loading=\"lazy\" decoding=\"async\" class=\"aligncenter size-full wp-image-26474\" src=\"http:\/\/www.conselharan.org\/wp-content\/uploads\/2019\/02\/Univ-Hivern-5.jpg\" alt=\"\" width=\"960\" height=\"642\" srcset=\"https:\/\/www.conselharan.org\/wp-content\/uploads\/2019\/02\/Univ-Hivern-5.jpg 960w, https:\/\/www.conselharan.org\/wp-content\/uploads\/2019\/02\/Univ-Hivern-5-300x201.jpg 300w, https:\/\/www.conselharan.org\/wp-content\/uploads\/2019\/02\/Univ-Hivern-5-768x514.jpg 768w\" sizes=\"(max-width: 960px) 100vw, 960px\" \/><\/a><\/p>\n<p><strong>Jus\u00e8p Lo\u00eds Sans<\/strong>, presidente del <strong>Instituto de Estudios Araneses &#8211; Academia aranesa de la lengua occitana<\/strong>, ha explicado el momento socioling\u00fc\u00edstico de la lengua occitana tanto en todo su contexto ling\u00fc\u00edstico como en el Valle de Aran y ha presentado las publicaciones de la Academia como ente normativo de la lengua para el Valle de Aran y toda Catalunya.<\/p>\n<p>Adem\u00e1s de las ponencias donde se han dado todo tipo de explicaciones en todos los dominios como arquitectura, escultura, pintura, bienes inmuebles\u2026 se han visitado tambi\u00e9n, las iglesias de <strong>Sant Miqu\u00e8u de Vielha, Santa Maria de Arties, La Purificaci\u00f3n de Maria de Boss\u00f2st, el Museo del Valle de Aran <\/strong>en Vielha y la <strong>Exposici\u00f3n AR\u00c1N ME + FECIT<\/strong> en la iglesia de Sant Joan de Arties.<\/p>\n<p>En algunos momentos De estas jornadas se han a\u00f1adido las personas del <strong>Aula de Extensi\u00f3n Universitaria de la Gente Mayor de Aran AUGGA<\/strong> que han mostrado un gran inter\u00e9s por las explicaciones.<\/p>\n<p>&nbsp;<\/p>\n<p>&nbsp;<\/p>\n ","protected":false},"excerpt":{"rendered":"<p>Vielha, 1 de febrero de 2019.- Podemos decir que la 1\u00aa. Edici\u00f3n de la Universidad Internacional de Invierno del Valle de Aran del 25, 26 y 27 de enero de 2019 ha tenido una excelente acogida, con m\u00e1s de 60 asistentes, la mayor parte de ellos de la Val d\u2019Aran, lo que quiere decir que&#8230;<\/p>\n","protected":false},"author":2,"featured_media":26472,"comment_status":"closed","ping_status":"closed","sticky":false,"template":"","format":"standard","meta":{"footnotes":""},"categories":[52],"tags":[],"_links":{"self":[{"href":"https:\/\/www.conselharan.org\/es\/wp-json\/wp\/v2\/posts\/26478"}],"collection":[{"href":"https:\/\/www.conselharan.org\/es\/wp-json\/wp\/v2\/posts"}],"about":[{"href":"https:\/\/www.conselharan.org\/es\/wp-json\/wp\/v2\/types\/post"}],"author":[{"embeddable":true,"href":"https:\/\/www.conselharan.org\/es\/wp-json\/wp\/v2\/users\/2"}],"replies":[{"embeddable":true,"href":"https:\/\/www.conselharan.org\/es\/wp-json\/wp\/v2\/comments?post=26478"}],"version-history":[{"count":1,"href":"https:\/\/www.conselharan.org\/es\/wp-json\/wp\/v2\/posts\/26478\/revisions"}],"predecessor-version":[{"id":26479,"href":"https:\/\/www.conselharan.org\/es\/wp-json\/wp\/v2\/posts\/26478\/revisions\/26479"}],"wp:featuredmedia":[{"embeddable":true,"href":"https:\/\/www.conselharan.org\/es\/wp-json\/wp\/v2\/media\/26472"}],"wp:attachment":[{"href":"https:\/\/www.conselharan.org\/es\/wp-json\/wp\/v2\/media?parent=26478"}],"wp:term":[{"taxonomy":"category","embeddable":true,"href":"https:\/\/www.conselharan.org\/es\/wp-json\/wp\/v2\/categories?post=26478"},{"taxonomy":"post_tag","embeddable":true,"href":"https:\/\/www.conselharan.org\/es\/wp-json\/wp\/v2\/tags?post=26478"}],"curies":[{"name":"wp","href":"https:\/\/api.w.org\/{rel}","templated":true}]}}