{"id":26643,"date":"2019-02-12T10:29:32","date_gmt":"2019-02-12T09:29:32","guid":{"rendered":"http:\/\/www.conselharan.org\/?p=26643"},"modified":"2019-02-12T10:29:32","modified_gmt":"2019-02-12T09:29:32","slug":"amics-de-montgarri-la-fiesta-de-los-u10u12","status":"publish","type":"post","link":"https:\/\/www.conselharan.org\/es\/amics-de-montgarri-la-fiesta-de-los-u10u12\/","title":{"rendered":"AMICS DE MONTGARRI: LA FIESTA DE LOS U10\/U12"},"content":{"rendered":"<p><a href=\"http:\/\/www.conselharan.org\/amics-de-montgarri-era-hesta-des-u10u12\/301_aqc_190209_fototurbr\/\" rel=\"attachment wp-att-26638\"><img loading=\"lazy\" decoding=\"async\" class=\"aligncenter size-large wp-image-26638\" src=\"http:\/\/www.conselharan.org\/wp-content\/uploads\/2019\/02\/301_AQC_190209_fototurbr-1024x683.jpg\" alt=\"\" width=\"1024\" height=\"683\" srcset=\"https:\/\/www.conselharan.org\/wp-content\/uploads\/2019\/02\/301_AQC_190209_fototurbr-1024x683.jpg 1024w, https:\/\/www.conselharan.org\/wp-content\/uploads\/2019\/02\/301_AQC_190209_fototurbr-300x200.jpg 300w, https:\/\/www.conselharan.org\/wp-content\/uploads\/2019\/02\/301_AQC_190209_fototurbr-768x512.jpg 768w, https:\/\/www.conselharan.org\/wp-content\/uploads\/2019\/02\/301_AQC_190209_fototurbr.jpg 1181w\" sizes=\"(max-width: 1024px) 100vw, 1024px\" \/><\/a><\/p>\n<p>&nbsp;<\/p>\n<p>Casi 300 corredores de las categor\u00edas U10 y U12 se dieron cita el pasado fin de semana en la estaci\u00f3n aranesa de <strong>Baqueira Beret<\/strong> para participar en la 22\u00aa edici\u00f3n del Trofeo Amics de Montgarri organizado por el <em>Club Aran\u00e9s d\u2019Esp\u00f2rts d\u2019Iu\u00e8rn<\/em> (<strong>CAEI<\/strong>). Esta carrera forma parte del circuito <strong>Audi Quattro Cup<\/strong> de esqu\u00ed alpino y del calendario de la <strong>RFEDI<\/strong>.<\/p>\n<p>El s\u00e1bado, 9 de febrero, se disput\u00f3 el S\u00faper Gigante para las dos categor\u00edas en unas condiciones inmejorables, tanto por la pista como por la meteorolog\u00eda.<\/p>\n<p>Por la tarde, el CAEI y el circuito Audi Quattro Cup hicieron que la competici\u00f3n se transformara en una fiesta y de esta manera los ni\u00f1os y ni\u00f1as disfrutaron de la jornada deportiva m\u00e1s all\u00e1 de los resultados. Por ello, adem\u00e1s de la entrega de premios se realizaron actividades y sorteos de regalos para todos, tanto para los corredores como para los familiares y amigos presentes.<\/p>\n<p>El domingo, 10 de febrero, se celebr\u00f3 un Gigante para los m\u00e1s peque\u00f1os (U10) y un Slalom con palos cortos para los de la categor\u00eda superior (U12).<\/p>\n<p>Tras la entrega de premios celebrada a pie de pistas, cuatro afortunados esquiadores disfrutaron de un paseo en moto de nieve por el Pla de Beret. El premio correspondi\u00f3 a los cuatro primeros clasificados de la combinada (resultado medio de la suma del gigante\/slalom y el s\u00faper gigante) de cada una de las cuatro categor\u00edas. Una experiencia para los peque\u00f1os que tan buen espect\u00e1culo brindaron durante el fin de semana.<\/p>\n<p><strong>RESULTADOS:<\/strong><\/p>\n<ul>\n<li><strong>SG U10 DAMAS<\/strong><\/li>\n<\/ul>\n<p>1 SECO SANCHEZ MACARENA (MITIC)<br \/>\n2 ROS AZANZA MAIALEN (CAEI)<br \/>\n3 CARRASCOSA SANCHA PAULA (TECAL)<br \/>\n4 RAMON HINOJOSA IRENE (CEVA)<br \/>\n5 OCHOA PRADO GABRIELA (AISC)<\/p>\n<ul>\n<li><strong>SG U10 HOMBRES<\/strong><\/li>\n<\/ul>\n<p>1 UBEIRA CIERCO MARTI (CAEI)<br \/>\n2 PEREZ LABARTA GONZALO (AISC)<br \/>\n3 TRULLAS GUERRA DANIEL (TECAL)<br \/>\n4 DE LA CRUZ MARTIN MARIO (TECAL)<br \/>\n5 FIGUERUELO UBEIRA RAMON (CAEI)<\/p>\n<ul>\n<li><strong>SG U12 DAMAS<\/strong><\/li>\n<\/ul>\n<p>1 TORRES CASAS NUR (GRANUEC)<br \/>\n2 BLANXER ROCA EMMA (LLIVI)<br \/>\n3 ALVAREZ LOSADA VALERIA (NOROE)<br \/>\n4 SECO SANCHEZ ALEJANDRA (MITIC)<br \/>\n5 GENERO DE PRADO CLOE (ELIT)<\/p>\n<ul>\n<li><strong>SG U12 HOMBRES<\/strong><\/li>\n<\/ul>\n<p>1 ORDO\u00d1EZ RUBIO JAN (LLIVI)<br \/>\n2 VILAMITJANA SAGUES ARNAU (C.E.T)<br \/>\n3 JORGE L\u00d3PEZ ALEX (LLIVI)<br \/>\n4 BALLESTER MASSAGU\u00c9 SERGI (ELIT)<br \/>\n5 PADOAN &#8212; MATTEO (LMCE)<\/p>\n<ul>\n<li><strong>GS U10 DAMAS<\/strong><\/li>\n<\/ul>\n<p>1 ROS AZANZA MAIALEN (CAEI)<br \/>\n2 SECO SANCHEZ MACARENA (MITIC)<br \/>\n3 RAMON HINOJOSA IRENE (CEVA)<br \/>\n4 MARCOS CORTEZO CARLOTA (COPOS)<br \/>\n5 FIGULS GARRIGA LAIA (COPOS)<\/p>\n<ul>\n<li><strong>GS U10 HOMBRES<\/strong><\/li>\n<\/ul>\n<p>1 UBEIRA CIERCO MARTI (CAEI)<br \/>\n2 COMAS MONGE PAU (COPOS)<br \/>\n3 TRULLAS GUERRA DANIEL (TECAL)<br \/>\n4 FIGUERUELO UBEIRA RAMON (CAEI)<br \/>\n5 DE LA CRUZ MARTIN MARIO (TECAL)<\/p>\n<ul>\n<li><strong>SL U12 DAMAS<\/strong><\/li>\n<\/ul>\n<p>1 SECO SANCHEZ ALEJANDRA (MITIC)<br \/>\n2 VIVAS GARC\u00cdA CLAUDIA (MITIC)<br \/>\n3 CABASSERS MORROS MAR (CANMC)<br \/>\n4 TORRES CASAS NUR (GRANUEC)<br \/>\n5 GIMENEZ PEREIRO PAULA (ELIT)<\/p>\n<ul>\n<li><strong>SL U12 HOMBRES<\/strong><\/li>\n<\/ul>\n<p>1 VILAMITJANA SAGUES ARNAU (C.E.T)<br \/>\n2 BALLESTER MASSAGU\u00c9 SERGI (ELIT)<br \/>\n3 MATA RODRIGUEZ VICTOR (CANMC)<br \/>\n4 RORRES PALMITJAVILA JAN (SEC)<br \/>\n5 IBARBIA URLEZAGA IGNACIO (CEVA)<\/p>\n<p>&nbsp;<\/p>\n<p>M\u00e1s informaci\u00f3n: <a href=\"http:\/\/www.caei.es\/\" target=\"_blank\" rel=\"noopener\">http:\/\/www.caei.es\/<\/a><\/p>\n<p>&nbsp;<\/p>\n<p>&nbsp;<\/p>\n<p>&nbsp;<\/p>\n<p>&nbsp;<\/p>\n<p>&nbsp;<\/p>\n<p>&nbsp;<\/p>\n<p>Vielha, 12 de febrero de 2019<\/p>\n<p>&nbsp;<\/p>\n<p><em>Conselh Generau d&#8217;Aran: N\u00faria Sanjuan<\/em><\/p>\n<p><em>Informaci\u00f3n y fotos: CAEI<\/em><\/p>\n ","protected":false},"excerpt":{"rendered":"<p>&nbsp; Casi 300 corredores de las categor\u00edas U10 y U12 se dieron cita el pasado fin de semana en la estaci\u00f3n aranesa de Baqueira Beret para participar en la 22\u00aa edici\u00f3n del Trofeo Amics de Montgarri organizado por el Club Aran\u00e9s d\u2019Esp\u00f2rts d\u2019Iu\u00e8rn (CAEI). Esta carrera forma parte del circuito Audi Quattro Cup de esqu\u00ed&#8230;<\/p>\n","protected":false},"author":2,"featured_media":26638,"comment_status":"closed","ping_status":"closed","sticky":false,"template":"","format":"standard","meta":{"footnotes":""},"categories":[135],"tags":[],"_links":{"self":[{"href":"https:\/\/www.conselharan.org\/es\/wp-json\/wp\/v2\/posts\/26643"}],"collection":[{"href":"https:\/\/www.conselharan.org\/es\/wp-json\/wp\/v2\/posts"}],"about":[{"href":"https:\/\/www.conselharan.org\/es\/wp-json\/wp\/v2\/types\/post"}],"author":[{"embeddable":true,"href":"https:\/\/www.conselharan.org\/es\/wp-json\/wp\/v2\/users\/2"}],"replies":[{"embeddable":true,"href":"https:\/\/www.conselharan.org\/es\/wp-json\/wp\/v2\/comments?post=26643"}],"version-history":[{"count":1,"href":"https:\/\/www.conselharan.org\/es\/wp-json\/wp\/v2\/posts\/26643\/revisions"}],"predecessor-version":[{"id":26644,"href":"https:\/\/www.conselharan.org\/es\/wp-json\/wp\/v2\/posts\/26643\/revisions\/26644"}],"wp:featuredmedia":[{"embeddable":true,"href":"https:\/\/www.conselharan.org\/es\/wp-json\/wp\/v2\/media\/26638"}],"wp:attachment":[{"href":"https:\/\/www.conselharan.org\/es\/wp-json\/wp\/v2\/media?parent=26643"}],"wp:term":[{"taxonomy":"category","embeddable":true,"href":"https:\/\/www.conselharan.org\/es\/wp-json\/wp\/v2\/categories?post=26643"},{"taxonomy":"post_tag","embeddable":true,"href":"https:\/\/www.conselharan.org\/es\/wp-json\/wp\/v2\/tags?post=26643"}],"curies":[{"name":"wp","href":"https:\/\/api.w.org\/{rel}","templated":true}]}}