{"id":26816,"date":"2019-02-20T11:41:45","date_gmt":"2019-02-20T10:41:45","guid":{"rendered":"http:\/\/www.conselharan.org\/?p=26816"},"modified":"2019-02-20T11:41:45","modified_gmt":"2019-02-20T10:41:45","slug":"proteccion-de-datos-nueva-capsula-formativa-gratuita-del-cei-val-daran","status":"publish","type":"post","link":"https:\/\/www.conselharan.org\/es\/proteccion-de-datos-nueva-capsula-formativa-gratuita-del-cei-val-daran\/","title":{"rendered":"\u00abProtecci\u00f3n de datos\u00bb nueva c\u00e1psula formativa gratuita del CEI Val d\u2019Aran"},"content":{"rendered":"<p>Vielha, 20 de febrero de 2019.- El CEI Val d\u2019Aran de Casau propone una nueva c\u00e1psula gratuita sobre <strong>Protecci\u00f3n de datos<\/strong> dentro del ciclo de formaci\u00f3n \u00abJueves emprendedores\u00bb el pr\u00f3ximo <strong>jueves 14 de marzo de 11.00 a 13.00h.<\/strong><\/p>\n<p>La formaci\u00f3n correr\u00e1 a cargo de <strong>Meritxell Benavente Cugat<\/strong> CEO de la empresa ON4 Servicios y Formaci\u00f3n, SL.<\/p>\n<p><a href=\"http:\/\/www.conselharan.org\/wp-content\/uploads\/2019\/02\/Proteccio-de-dades-CEI-2.jpg\"><img loading=\"lazy\" decoding=\"async\" class=\"aligncenter size-large wp-image-26811\" src=\"http:\/\/www.conselharan.org\/wp-content\/uploads\/2019\/02\/Proteccio-de-dades-CEI-2-724x1024.jpg\" alt=\"\" width=\"724\" height=\"1024\" srcset=\"https:\/\/www.conselharan.org\/wp-content\/uploads\/2019\/02\/Proteccio-de-dades-CEI-2-724x1024.jpg 724w, https:\/\/www.conselharan.org\/wp-content\/uploads\/2019\/02\/Proteccio-de-dades-CEI-2-212x300.jpg 212w, https:\/\/www.conselharan.org\/wp-content\/uploads\/2019\/02\/Proteccio-de-dades-CEI-2-768x1087.jpg 768w\" sizes=\"(max-width: 724px) 100vw, 724px\" \/><\/a><\/p>\n<p>Las c\u00e1psulas formativas se imparten en el CEI Val d\u2019Aran de Casau, Plaza Naua, 1, y est\u00e1n organizadas por el mismo CEI Val d\u2019Aran y el Conselh Generau d\u2019Aran en colaboraci\u00f3n con la Diputaci\u00f3n de Lleida y GlobaLleida, con el apoyo del Departamento de Empresa i Ocupaci\u00f3 de la Generalitat de Catalunya, Catalunya Empr\u00e8n y el Fondo Social Europeo.<\/p>\n<p>Las inscripciones para participar en esta c\u00e1psula formativa sobre protecci\u00f3n de datos se pueden formalizar en www.ceivaldaran.org o en el enlace correspondiente de la web del Conselh Generau d\u2019Aran www.aran.org, y tambi\u00e9n llamando al telf. 973 64 18 01. Las c\u00e1psulas del CEI Val d\u2019Aran son gratuitas y se dirigen a todas las personas o empresas interesadas en ampliar su formaci\u00f3n.<\/p>\n<p>Todas las personas inscritas deber\u00e1n llevar el DNI, NIE o fotocopia del documento.<\/p>\n ","protected":false},"excerpt":{"rendered":"<p>Vielha, 20 de febrero de 2019.- El CEI Val d\u2019Aran de Casau propone una nueva c\u00e1psula gratuita sobre Protecci\u00f3n de datos dentro del ciclo de formaci\u00f3n \u00abJueves emprendedores\u00bb el pr\u00f3ximo jueves 14 de marzo de 11.00 a 13.00h. La formaci\u00f3n correr\u00e1 a cargo de Meritxell Benavente Cugat CEO de la empresa ON4 Servicios y Formaci\u00f3n,&#8230;<\/p>\n","protected":false},"author":2,"featured_media":26812,"comment_status":"closed","ping_status":"closed","sticky":false,"template":"","format":"standard","meta":{"footnotes":""},"categories":[52],"tags":[],"_links":{"self":[{"href":"https:\/\/www.conselharan.org\/es\/wp-json\/wp\/v2\/posts\/26816"}],"collection":[{"href":"https:\/\/www.conselharan.org\/es\/wp-json\/wp\/v2\/posts"}],"about":[{"href":"https:\/\/www.conselharan.org\/es\/wp-json\/wp\/v2\/types\/post"}],"author":[{"embeddable":true,"href":"https:\/\/www.conselharan.org\/es\/wp-json\/wp\/v2\/users\/2"}],"replies":[{"embeddable":true,"href":"https:\/\/www.conselharan.org\/es\/wp-json\/wp\/v2\/comments?post=26816"}],"version-history":[{"count":1,"href":"https:\/\/www.conselharan.org\/es\/wp-json\/wp\/v2\/posts\/26816\/revisions"}],"predecessor-version":[{"id":26817,"href":"https:\/\/www.conselharan.org\/es\/wp-json\/wp\/v2\/posts\/26816\/revisions\/26817"}],"wp:featuredmedia":[{"embeddable":true,"href":"https:\/\/www.conselharan.org\/es\/wp-json\/wp\/v2\/media\/26812"}],"wp:attachment":[{"href":"https:\/\/www.conselharan.org\/es\/wp-json\/wp\/v2\/media?parent=26816"}],"wp:term":[{"taxonomy":"category","embeddable":true,"href":"https:\/\/www.conselharan.org\/es\/wp-json\/wp\/v2\/categories?post=26816"},{"taxonomy":"post_tag","embeddable":true,"href":"https:\/\/www.conselharan.org\/es\/wp-json\/wp\/v2\/tags?post=26816"}],"curies":[{"name":"wp","href":"https:\/\/api.w.org\/{rel}","templated":true}]}}