{"id":26838,"date":"2019-02-21T15:28:34","date_gmt":"2019-02-21T14:28:34","guid":{"rendered":"http:\/\/www.conselharan.org\/?p=26838"},"modified":"2019-02-25T21:53:05","modified_gmt":"2019-02-25T20:53:05","slug":"el-conselh-generau-daran-incrementa-un-15-el-presupuesto-del-transporte-extraescolar-de-las-escuelas-y-el-ies-de-la-val-daran","status":"publish","type":"post","link":"https:\/\/www.conselharan.org\/es\/el-conselh-generau-daran-incrementa-un-15-el-presupuesto-del-transporte-extraescolar-de-las-escuelas-y-el-ies-de-la-val-daran\/","title":{"rendered":"El Conselh Generau d\u2019Aran incrementa un 15% el presupuesto del transporte extraescolar de las escuelas y el IES de la Val d\u2019Aran"},"content":{"rendered":"<p>Vielha, 21 de febrero de 2019.- La consejera de Salud y Bienestar de Aran, Anna D\u00edaz, y los directores y directoras de las escuelas y del IES del Valle de Aran han firmado la renovaci\u00f3n de los convenios para la financiaci\u00f3n del transporte de las actividades extraescolares y de comedor escolar por parte del Conselh Generau d\u2019Aran.<\/p>\n<p>La consejera <strong>Anna D\u00edaz<\/strong>, explic\u00f3 que este a\u00f1o el Gobierno de Aran incrementa en un 15% la dotaci\u00f3n econ\u00f3mica para financiar el transporte de las actividades extraescolares de los alumnos de la Val d&#8217;Aran. <strong>El importe total destinado a estos convenios es de 30.000 \u20ac<\/strong> que incluye tambi\u00e9n 1.246,50 \u20ac para la financiaci\u00f3n de los viajes que realiza el CRP (Centro de Recursos Pedag\u00f3gicos) a la Alta Ribagor\u00e7a y los Pallars con motivo de las exposiciones de los TDR (Trabajos de investigaci\u00f3n) de los alumnos de Bachillerato.<\/p>\n<p><a href=\"http:\/\/www.conselharan.org\/wp-content\/uploads\/2019\/02\/Convenis-transport-extraescolar-2.jpg\"><img loading=\"lazy\" decoding=\"async\" class=\"aligncenter size-large wp-image-26833\" src=\"http:\/\/www.conselharan.org\/wp-content\/uploads\/2019\/02\/Convenis-transport-extraescolar-2-1024x683.jpg\" alt=\"\" width=\"1024\" height=\"683\" srcset=\"https:\/\/www.conselharan.org\/wp-content\/uploads\/2019\/02\/Convenis-transport-extraescolar-2-1024x683.jpg 1024w, https:\/\/www.conselharan.org\/wp-content\/uploads\/2019\/02\/Convenis-transport-extraescolar-2-300x200.jpg 300w, https:\/\/www.conselharan.org\/wp-content\/uploads\/2019\/02\/Convenis-transport-extraescolar-2-768x512.jpg 768w\" sizes=\"(max-width: 1024px) 100vw, 1024px\" \/><\/a><\/p>\n<p>Las escuelas Alejandro Casona y Sant R\u00f2c recibir\u00e1n 2.811,75 \u20ac cada una; Las ZER Val d\u2019Aran recibir\u00e1n 5.060,00 \u20ac; y el Instituto de Aran y la Escuela Garona 8.993,00 \u20ac cada uno.<\/p>\n<p>El incremento total del presupuesto destinado a estas actividades es de un 20%.<\/p>\n<p>Por otro lado, tambi\u00e9n se han firmado las renovaciones para el curso 2018-2019 de los convenios para la financiaci\u00f3n parcial de los servicios de comedores escolares de las escuelas del Valle de Aran, que tienen por objetivo igualar el precio de los servicios de comedor escolar gestionados por las AMPA en todas las escuelas del Aran.<\/p>\n<p>En este sentido la consejera Anna D\u00edaz ha manifestado que la voluntad del Gobierno de Aran es favorecer la existencia de las peque\u00f1as escuelas en todos los municipios de la Val d\u2019Aran y mantener el servicio de comedor escolar y el cuidado de los ni\u00f1os durante el horario interlectivo de mediod\u00eda para contribuir a la conciliaci\u00f3n laboral de las familias, a\u00f1adiendo que, el objetivo de estos convenios es intentar igualar en todas las escuelas de la Val d\u2019Aran el precio del servicio del comedor escolar cuyo coste soportan directamente las familias.<\/p>\n<p>&nbsp;<\/p>\n ","protected":false},"excerpt":{"rendered":"<p>Vielha, 21 de febrero de 2019.- La consejera de Salud y Bienestar de Aran, Anna D\u00edaz, y los directores y directoras de las escuelas y del IES del Valle de Aran han firmado la renovaci\u00f3n de los convenios para la financiaci\u00f3n del transporte de las actividades extraescolares y de comedor escolar por parte del Conselh&#8230;<\/p>\n","protected":false},"author":2,"featured_media":26834,"comment_status":"closed","ping_status":"closed","sticky":false,"template":"","format":"standard","meta":{"footnotes":""},"categories":[52],"tags":[],"_links":{"self":[{"href":"https:\/\/www.conselharan.org\/es\/wp-json\/wp\/v2\/posts\/26838"}],"collection":[{"href":"https:\/\/www.conselharan.org\/es\/wp-json\/wp\/v2\/posts"}],"about":[{"href":"https:\/\/www.conselharan.org\/es\/wp-json\/wp\/v2\/types\/post"}],"author":[{"embeddable":true,"href":"https:\/\/www.conselharan.org\/es\/wp-json\/wp\/v2\/users\/2"}],"replies":[{"embeddable":true,"href":"https:\/\/www.conselharan.org\/es\/wp-json\/wp\/v2\/comments?post=26838"}],"version-history":[{"count":1,"href":"https:\/\/www.conselharan.org\/es\/wp-json\/wp\/v2\/posts\/26838\/revisions"}],"predecessor-version":[{"id":26839,"href":"https:\/\/www.conselharan.org\/es\/wp-json\/wp\/v2\/posts\/26838\/revisions\/26839"}],"wp:featuredmedia":[{"embeddable":true,"href":"https:\/\/www.conselharan.org\/es\/wp-json\/wp\/v2\/media\/26834"}],"wp:attachment":[{"href":"https:\/\/www.conselharan.org\/es\/wp-json\/wp\/v2\/media?parent=26838"}],"wp:term":[{"taxonomy":"category","embeddable":true,"href":"https:\/\/www.conselharan.org\/es\/wp-json\/wp\/v2\/categories?post=26838"},{"taxonomy":"post_tag","embeddable":true,"href":"https:\/\/www.conselharan.org\/es\/wp-json\/wp\/v2\/tags?post=26838"}],"curies":[{"name":"wp","href":"https:\/\/api.w.org\/{rel}","templated":true}]}}