{"id":27039,"date":"2019-03-01T19:43:56","date_gmt":"2019-03-01T18:43:56","guid":{"rendered":"http:\/\/www.conselharan.org\/?p=27039"},"modified":"2019-03-01T19:43:56","modified_gmt":"2019-03-01T18:43:56","slug":"lucas-eguibar-gana-la-clasificatoria-de-la-copa-del-mundo-de-snowboard-cross-fis-de-baqueira-beret","status":"publish","type":"post","link":"https:\/\/www.conselharan.org\/es\/lucas-eguibar-gana-la-clasificatoria-de-la-copa-del-mundo-de-snowboard-cross-fis-de-baqueira-beret\/","title":{"rendered":"Lucas Eguibar gana la clasificatoria de la Copa del Mundo de snowboard cross FIS de Baqueira Beret"},"content":{"rendered":"<p>Vielha, 1 de marzo de 2019.- <strong>Lucas Eguibar<\/strong> rider de la Real Federaci\u00f3n Espa\u00f1ola Deportes de Invierno (RFEDI), tiene posibilidades de entrar en el podio de la Copa del Mundo de Baqueira Beret, ya que en la clasificatoria del viernes ha registrado el mejor tiempo, con 53,44 segundos. En segundo lugar se ha metido en la final del s\u00e1bado el austriaco <strong>Alessandro Haemmerle<\/strong> (53,63), seguido del italiano <strong>Lorenzo Sommariva<\/strong> (53,89). El medallista ol\u00edmpico espa\u00f1ol de la RFEDI <strong>Regino Hern\u00e1ndez<\/strong> se ha clasificado en octava posici\u00f3n con un tiempo de 54,39. Tras finalizar la bajada ganadora, Eguibar se ha mostrado muy satisfecho con el resultado de las clasificatorias.<\/p>\n<p><a href=\"http:\/\/www.conselharan.org\/wp-content\/uploads\/2019\/03\/Lucas-Eguibar-Fototur-1.jpg\"><img loading=\"lazy\" decoding=\"async\" class=\"aligncenter size-large wp-image-27032\" src=\"http:\/\/www.conselharan.org\/wp-content\/uploads\/2019\/03\/Lucas-Eguibar-Fototur-1-1024x683.jpg\" alt=\"\" width=\"1024\" height=\"683\" srcset=\"https:\/\/www.conselharan.org\/wp-content\/uploads\/2019\/03\/Lucas-Eguibar-Fototur-1-1024x683.jpg 1024w, https:\/\/www.conselharan.org\/wp-content\/uploads\/2019\/03\/Lucas-Eguibar-Fototur-1-300x200.jpg 300w, https:\/\/www.conselharan.org\/wp-content\/uploads\/2019\/03\/Lucas-Eguibar-Fototur-1-768x512.jpg 768w\" sizes=\"(max-width: 1024px) 100vw, 1024px\" \/><\/a><\/p>\n<p>La checa <strong>Eva Samkova<\/strong> ha sido la rider m\u00e1s r\u00e1pida en las clasificatorias del viernes, con un crono de 56,60 segundos. La segunda mejor clasificada ha sido la italiana <strong>Francesca<\/strong> <strong>Gallina<\/strong> con un tiempo de 56,80 y tercera ha resultado la estadounidense <strong>Lindsey Jacobellis<\/strong> (56,81), rider que a d\u00eda de hoy ocupa el primer lugar de la general.<\/p>\n<p>Con unas condiciones meteorol\u00f3gicas muy buenas, el viernes 1 de marzo, la estaci\u00f3n de Baqueira Beret ha sido el escenario de las pruebas clasificatorias de la Copa del Mundo de snowboard cross, evento patrocinado por Movistar y Seguros Catalana Occidente. 91 deportistas (56 hombres y 35 mujeres), los mejores del mundo, han dado lo mejor de ellos mismos para entrar en la final, que se disputar\u00e1 el s\u00e1bado 2 de marzo. Las pruebas clasificatorias femeninas se han iniciado a las 11.15 h y las masculinas, a las 13.15 h.<\/p>\n<p>En la final del s\u00e1bado competir\u00e1n 16 mujeres y 32 hombres. En el caso de las mujeres las 8 primeras han clasificado directamente a la final y en el caso de los hombres han sido los 16 primeros. El resto de clasificados para concretar los cuadros se ha decidido en una espectacular segunda manga de todo o nada.<\/p>\n<p>EL s\u00e1bado 2 de marzo a partir del mediod\u00eda, competir\u00e1n los 32 riders de la categor\u00eda masculina y las 16 corredoras de la categor\u00eda femenina, clasificados el viernes. Los riders disputar\u00e1n su primera ronda en octavos de final. Los corredores bajar\u00e1n en grupos de 4 y los dos primeros de cada manga pasar\u00e1n a la siguiente eliminatoria (octavos de final, cuartos de final, semifinales y finales) hasta llegar a la gran final (big final) y la final de consolaci\u00f3n (small final) para decidir los puestos del 1\u00ba al 8\u00ba.<\/p>\n<p><a href=\"http:\/\/www.conselharan.org\/wp-content\/uploads\/2019\/03\/Lucas-Eguibar-Fototur-2.jpg\"><img loading=\"lazy\" decoding=\"async\" class=\"aligncenter size-large wp-image-27033\" src=\"http:\/\/www.conselharan.org\/wp-content\/uploads\/2019\/03\/Lucas-Eguibar-Fototur-2-1024x683.jpg\" alt=\"\" width=\"1024\" height=\"683\" srcset=\"https:\/\/www.conselharan.org\/wp-content\/uploads\/2019\/03\/Lucas-Eguibar-Fototur-2-1024x683.jpg 1024w, https:\/\/www.conselharan.org\/wp-content\/uploads\/2019\/03\/Lucas-Eguibar-Fototur-2-300x200.jpg 300w, https:\/\/www.conselharan.org\/wp-content\/uploads\/2019\/03\/Lucas-Eguibar-Fototur-2-768x512.jpg 768w\" sizes=\"(max-width: 1024px) 100vw, 1024px\" \/><\/a><\/p>\n<p>En total, 91 snowboarders se han desplazado a Baqueira Beret (56 hombres y 35 mujeres) procedentes de 17 pa\u00edses: Alemania (7), Andorra (1), Argentina (1), Australia (6), Austria (9), Canad\u00e1 (9), Espa\u00f1a (2), Estados Unidos (16), Francia (9), Finlandia (1), Italia (11), Jap\u00f3n (2), Pa\u00edses Bajos (1), Polonia (1), Gran Breta\u00f1a (2 ), Rep\u00fablica Checa (4) y Suiza (9).<\/p>\n<p>La Copa del Mundo SBX en la Val d\u2019Aran cuenta con el apoyo de instituciones deportivas como el Consejo Catal\u00e1n del Deporte (CCE), junto con la RFEDI (Real Federaci\u00f3n Espa\u00f1ola de Deportes de Invierno) y la colaboraci\u00f3n de las instituciones locales como el Conselh Generau d\u2019Aran, el ayuntamiento de Naut Aran y la Diputaci\u00f3n de Lleida. Tambi\u00e9n hay que recordar la vinculaci\u00f3n de los clubes araneses de esqu\u00ed y de la Asociaci\u00f3n Volentaris de Aran.<\/p>\n<p><strong>Programa de la final de la Copa del Mundo SBX<\/strong><\/p>\n<p><strong>S\u00e1bado 2 de marzo:<\/strong><\/p>\n<p>12:15-13:00 h: Entrenamiento.<\/p>\n<p>13:30-14:50 h: Finales SBX (octavos, cuartos, semifinales y final).<\/p>\n<p>15:00-18:00 h: Fiesta con DJ Serx Einheri en el village.<\/p>\n<p><a href=\"http:\/\/www.conselharan.org\/wp-content\/uploads\/2019\/03\/Lucas-Eguibar-Fototur-3.jpg\"><img loading=\"lazy\" decoding=\"async\" class=\"aligncenter size-large wp-image-27034\" src=\"http:\/\/www.conselharan.org\/wp-content\/uploads\/2019\/03\/Lucas-Eguibar-Fototur-3-1024x683.jpg\" alt=\"\" width=\"1024\" height=\"683\" srcset=\"https:\/\/www.conselharan.org\/wp-content\/uploads\/2019\/03\/Lucas-Eguibar-Fototur-3-1024x683.jpg 1024w, https:\/\/www.conselharan.org\/wp-content\/uploads\/2019\/03\/Lucas-Eguibar-Fototur-3-300x200.jpg 300w, https:\/\/www.conselharan.org\/wp-content\/uploads\/2019\/03\/Lucas-Eguibar-Fototur-3-768x512.jpg 768w\" sizes=\"(max-width: 1024px) 100vw, 1024px\" \/><\/a><\/p>\n<p><a href=\"http:\/\/www.conselharan.org\/wp-content\/uploads\/2019\/03\/Lucas-Eguibar-Fototur-4.jpg\"><img loading=\"lazy\" decoding=\"async\" class=\"aligncenter size-large wp-image-27035\" src=\"http:\/\/www.conselharan.org\/wp-content\/uploads\/2019\/03\/Lucas-Eguibar-Fototur-4-1024x683.jpg\" alt=\"\" width=\"1024\" height=\"683\" srcset=\"https:\/\/www.conselharan.org\/wp-content\/uploads\/2019\/03\/Lucas-Eguibar-Fototur-4-1024x683.jpg 1024w, https:\/\/www.conselharan.org\/wp-content\/uploads\/2019\/03\/Lucas-Eguibar-Fototur-4-300x200.jpg 300w, https:\/\/www.conselharan.org\/wp-content\/uploads\/2019\/03\/Lucas-Eguibar-Fototur-4-768x512.jpg 768w\" sizes=\"(max-width: 1024px) 100vw, 1024px\" \/><\/a><\/p>\n<p>&nbsp;<\/p>\n<p>Info: Baqueira Media<\/p>\n<p>Fotos: Fototur<\/p>\n ","protected":false},"excerpt":{"rendered":"<p>Vielha, 1 de marzo de 2019.- Lucas Eguibar rider de la Real Federaci\u00f3n Espa\u00f1ola Deportes de Invierno (RFEDI), tiene posibilidades de entrar en el podio de la Copa del Mundo de Baqueira Beret, ya que en la clasificatoria del viernes ha registrado el mejor tiempo, con 53,44 segundos. En segundo lugar se ha metido en&#8230;<\/p>\n","protected":false},"author":2,"featured_media":27033,"comment_status":"closed","ping_status":"closed","sticky":false,"template":"","format":"standard","meta":{"footnotes":""},"categories":[135],"tags":[],"_links":{"self":[{"href":"https:\/\/www.conselharan.org\/es\/wp-json\/wp\/v2\/posts\/27039"}],"collection":[{"href":"https:\/\/www.conselharan.org\/es\/wp-json\/wp\/v2\/posts"}],"about":[{"href":"https:\/\/www.conselharan.org\/es\/wp-json\/wp\/v2\/types\/post"}],"author":[{"embeddable":true,"href":"https:\/\/www.conselharan.org\/es\/wp-json\/wp\/v2\/users\/2"}],"replies":[{"embeddable":true,"href":"https:\/\/www.conselharan.org\/es\/wp-json\/wp\/v2\/comments?post=27039"}],"version-history":[{"count":1,"href":"https:\/\/www.conselharan.org\/es\/wp-json\/wp\/v2\/posts\/27039\/revisions"}],"predecessor-version":[{"id":27040,"href":"https:\/\/www.conselharan.org\/es\/wp-json\/wp\/v2\/posts\/27039\/revisions\/27040"}],"wp:featuredmedia":[{"embeddable":true,"href":"https:\/\/www.conselharan.org\/es\/wp-json\/wp\/v2\/media\/27033"}],"wp:attachment":[{"href":"https:\/\/www.conselharan.org\/es\/wp-json\/wp\/v2\/media?parent=27039"}],"wp:term":[{"taxonomy":"category","embeddable":true,"href":"https:\/\/www.conselharan.org\/es\/wp-json\/wp\/v2\/categories?post=27039"},{"taxonomy":"post_tag","embeddable":true,"href":"https:\/\/www.conselharan.org\/es\/wp-json\/wp\/v2\/tags?post=27039"}],"curies":[{"name":"wp","href":"https:\/\/api.w.org\/{rel}","templated":true}]}}