{"id":28489,"date":"2019-05-03T15:21:22","date_gmt":"2019-05-03T13:21:22","guid":{"rendered":"https:\/\/www.conselharan.org\/leu-100-nedadors-ena-2au-fasa-intercomarcau-de-natacion-val-daran-cors-2018-2019\/"},"modified":"2019-05-03T15:37:55","modified_gmt":"2019-05-03T13:37:55","slug":"leu-100-nedadors-ena-2au-fasa-intercomarcau-de-natacion-val-daran-cors-2018-2019","status":"publish","type":"post","link":"https:\/\/www.conselharan.org\/es\/leu-100-nedadors-ena-2au-fasa-intercomarcau-de-natacion-val-daran-cors-2018-2019\/","title":{"rendered":"L\u00e8u 100 nedadors ena 2au Fasa Intercomarcau de Natacion Val d\u2019Aran- Cors 2018- 2019"},"content":{"rendered":"<p><a href=\"https:\/\/www.conselharan.org\/leu-100-nedadors-ena-2au-fasa-intercomarcau-de-natacion-val-daran-cors-2018-2019\/dsc_0655\/\" rel=\"attachment wp-att-28442\"><img loading=\"lazy\" decoding=\"async\" class=\"aligncenter size-large wp-image-28442\" src=\"https:\/\/www.conselharan.org\/wp-content\/uploads\/2019\/05\/DSC_0655-1024x683.jpg\" alt=\"\" width=\"1024\" height=\"683\" srcset=\"https:\/\/www.conselharan.org\/wp-content\/uploads\/2019\/05\/DSC_0655-1024x683.jpg 1024w, https:\/\/www.conselharan.org\/wp-content\/uploads\/2019\/05\/DSC_0655-300x200.jpg 300w, https:\/\/www.conselharan.org\/wp-content\/uploads\/2019\/05\/DSC_0655-768x512.jpg 768w\" sizes=\"(max-width: 1024px) 100vw, 1024px\" \/><\/a><\/p>\n<p>Eth Conselh Esportiu dera Val d\u2019Aran, damb era inestimabla collaboracion, entre d\u2019auti, dera equipa aranesa de natacion \u201cVielha Swim Team\u201d organiz\u00e8ren era passada dimenjada era Fasa Intercomarcal de natacion Val d\u2019Aran, cors 2018-2019, que se disput\u00e8c ena piscina deth Palai de G\u00e8u de Vielha e aon particip\u00e8ren l\u00e8u 100 nedadors dera Val d\u2019Aran e des comarques vesies.<\/p>\n<p>Se disput\u00e8ren pr\u00f2ves de:<\/p>\n<p>&#8211; <strong>25m Esquia Prebenjamin masculin e femenin<\/strong> (2011-2012), <strong>Benjamin masculin e femenin<\/strong> (2009- 2010).<\/p>\n<p><a href=\"https:\/\/www.conselharan.org\/leu-100-nedadors-ena-2au-fasa-intercomarcau-de-natacion-val-daran-cors-2018-2019\/dsc_0108\/\" rel=\"attachment wp-att-28430\"><img loading=\"lazy\" decoding=\"async\" class=\"aligncenter size-large wp-image-28430\" src=\"https:\/\/www.conselharan.org\/wp-content\/uploads\/2019\/05\/DSC_0108-1024x683.jpg\" alt=\"\" width=\"1024\" height=\"683\" srcset=\"https:\/\/www.conselharan.org\/wp-content\/uploads\/2019\/05\/DSC_0108-1024x683.jpg 1024w, https:\/\/www.conselharan.org\/wp-content\/uploads\/2019\/05\/DSC_0108-300x200.jpg 300w, https:\/\/www.conselharan.org\/wp-content\/uploads\/2019\/05\/DSC_0108-768x512.jpg 768w\" sizes=\"(max-width: 1024px) 100vw, 1024px\" \/><\/a><\/p>\n<p><a href=\"https:\/\/www.conselharan.org\/leu-100-nedadors-ena-2au-fasa-intercomarcau-de-natacion-val-daran-cors-2018-2019\/dsc_0117-2\/\" rel=\"attachment wp-att-28431\"><img loading=\"lazy\" decoding=\"async\" class=\"aligncenter size-large wp-image-28431\" src=\"https:\/\/www.conselharan.org\/wp-content\/uploads\/2019\/05\/DSC_0117-1024x683.jpg\" alt=\"\" width=\"1024\" height=\"683\" srcset=\"https:\/\/www.conselharan.org\/wp-content\/uploads\/2019\/05\/DSC_0117-1024x683.jpg 1024w, https:\/\/www.conselharan.org\/wp-content\/uploads\/2019\/05\/DSC_0117-300x200.jpg 300w, https:\/\/www.conselharan.org\/wp-content\/uploads\/2019\/05\/DSC_0117-768x512.jpg 768w\" sizes=\"(max-width: 1024px) 100vw, 1024px\" \/><\/a><\/p>\n<p><a href=\"https:\/\/www.conselharan.org\/leu-100-nedadors-ena-2au-fasa-intercomarcau-de-natacion-val-daran-cors-2018-2019\/dsc_0121-2\/\" rel=\"attachment wp-att-28432\"><img loading=\"lazy\" decoding=\"async\" class=\"aligncenter size-large wp-image-28432\" src=\"https:\/\/www.conselharan.org\/wp-content\/uploads\/2019\/05\/DSC_0121-1024x683.jpg\" alt=\"\" width=\"1024\" height=\"683\" srcset=\"https:\/\/www.conselharan.org\/wp-content\/uploads\/2019\/05\/DSC_0121-1024x683.jpg 1024w, https:\/\/www.conselharan.org\/wp-content\/uploads\/2019\/05\/DSC_0121-300x200.jpg 300w, https:\/\/www.conselharan.org\/wp-content\/uploads\/2019\/05\/DSC_0121-768x512.jpg 768w\" sizes=\"(max-width: 1024px) 100vw, 1024px\" \/><\/a><\/p>\n<p><a href=\"https:\/\/www.conselharan.org\/leu-100-nedadors-ena-2au-fasa-intercomarcau-de-natacion-val-daran-cors-2018-2019\/dsc_0125\/\" rel=\"attachment wp-att-28433\"><img loading=\"lazy\" decoding=\"async\" class=\"aligncenter size-large wp-image-28433\" src=\"https:\/\/www.conselharan.org\/wp-content\/uploads\/2019\/05\/DSC_0125-1024x683.jpg\" alt=\"\" width=\"1024\" height=\"683\" srcset=\"https:\/\/www.conselharan.org\/wp-content\/uploads\/2019\/05\/DSC_0125-1024x683.jpg 1024w, https:\/\/www.conselharan.org\/wp-content\/uploads\/2019\/05\/DSC_0125-300x200.jpg 300w, https:\/\/www.conselharan.org\/wp-content\/uploads\/2019\/05\/DSC_0125-768x512.jpg 768w\" sizes=\"(max-width: 1024px) 100vw, 1024px\" \/><\/a><\/p>\n<p>&#8211; <strong>50m Esquia Alevin masculin e femenin<\/strong>(2007- 2008).<\/p>\n<p><a href=\"https:\/\/www.conselharan.org\/leu-100-nedadors-ena-2au-fasa-intercomarcau-de-natacion-val-daran-cors-2018-2019\/dsc_0127\/\" rel=\"attachment wp-att-28434\"><img loading=\"lazy\" decoding=\"async\" class=\"aligncenter size-large wp-image-28434\" src=\"https:\/\/www.conselharan.org\/wp-content\/uploads\/2019\/05\/DSC_0127-1024x683.jpg\" alt=\"\" width=\"1024\" height=\"683\" srcset=\"https:\/\/www.conselharan.org\/wp-content\/uploads\/2019\/05\/DSC_0127-1024x683.jpg 1024w, https:\/\/www.conselharan.org\/wp-content\/uploads\/2019\/05\/DSC_0127-300x200.jpg 300w, https:\/\/www.conselharan.org\/wp-content\/uploads\/2019\/05\/DSC_0127-768x512.jpg 768w\" sizes=\"(max-width: 1024px) 100vw, 1024px\" \/><\/a><\/p>\n<p><a href=\"https:\/\/www.conselharan.org\/leu-100-nedadors-ena-2au-fasa-intercomarcau-de-natacion-val-daran-cors-2018-2019\/dsc_0131-3\/\" rel=\"attachment wp-att-28435\"><img loading=\"lazy\" decoding=\"async\" class=\"aligncenter size-large wp-image-28435\" src=\"https:\/\/www.conselharan.org\/wp-content\/uploads\/2019\/05\/DSC_0131-1024x683.jpg\" alt=\"\" width=\"1024\" height=\"683\" srcset=\"https:\/\/www.conselharan.org\/wp-content\/uploads\/2019\/05\/DSC_0131-1024x683.jpg 1024w, https:\/\/www.conselharan.org\/wp-content\/uploads\/2019\/05\/DSC_0131-300x200.jpg 300w, https:\/\/www.conselharan.org\/wp-content\/uploads\/2019\/05\/DSC_0131-768x512.jpg 768w\" sizes=\"(max-width: 1024px) 100vw, 1024px\" \/><\/a><\/p>\n<p>&#8211; <strong>100m Esquia Infantil- Cadet masculin e femenin<\/strong> (2001 a 2006).<\/p>\n<p><a href=\"https:\/\/www.conselharan.org\/leu-100-nedadors-ena-2au-fasa-intercomarcau-de-natacion-val-daran-cors-2018-2019\/dsc_0135-2\/\" rel=\"attachment wp-att-28436\"><img loading=\"lazy\" decoding=\"async\" class=\"aligncenter size-large wp-image-28436\" src=\"https:\/\/www.conselharan.org\/wp-content\/uploads\/2019\/05\/DSC_0135-1024x683.jpg\" alt=\"\" width=\"1024\" height=\"683\" srcset=\"https:\/\/www.conselharan.org\/wp-content\/uploads\/2019\/05\/DSC_0135-1024x683.jpg 1024w, https:\/\/www.conselharan.org\/wp-content\/uploads\/2019\/05\/DSC_0135-300x200.jpg 300w, https:\/\/www.conselharan.org\/wp-content\/uploads\/2019\/05\/DSC_0135-768x512.jpg 768w\" sizes=\"(max-width: 1024px) 100vw, 1024px\" \/><\/a><\/p>\n<p>&#8211; <strong>25m Bra\u00e7a Prebenjamin masculin e femenin<\/strong> (2011- 2012), <strong>Benjamin masculin e femenin<\/strong> (2009- 2010).<\/p>\n<p><a href=\"https:\/\/www.conselharan.org\/leu-100-nedadors-ena-2au-fasa-intercomarcau-de-natacion-val-daran-cors-2018-2019\/dsc_0137\/\" rel=\"attachment wp-att-28437\"><img loading=\"lazy\" decoding=\"async\" class=\"aligncenter size-large wp-image-28437\" src=\"https:\/\/www.conselharan.org\/wp-content\/uploads\/2019\/05\/DSC_0137-1024x683.jpg\" alt=\"\" width=\"1024\" height=\"683\" srcset=\"https:\/\/www.conselharan.org\/wp-content\/uploads\/2019\/05\/DSC_0137-1024x683.jpg 1024w, https:\/\/www.conselharan.org\/wp-content\/uploads\/2019\/05\/DSC_0137-300x200.jpg 300w, https:\/\/www.conselharan.org\/wp-content\/uploads\/2019\/05\/DSC_0137-768x512.jpg 768w\" sizes=\"(max-width: 1024px) 100vw, 1024px\" \/><\/a><\/p>\n<p><a href=\"https:\/\/www.conselharan.org\/leu-100-nedadors-ena-2au-fasa-intercomarcau-de-natacion-val-daran-cors-2018-2019\/dsc_0144\/\" rel=\"attachment wp-att-28438\"><img loading=\"lazy\" decoding=\"async\" class=\"aligncenter size-large wp-image-28438\" src=\"https:\/\/www.conselharan.org\/wp-content\/uploads\/2019\/05\/DSC_0144-1024x683.jpg\" alt=\"\" width=\"1024\" height=\"683\" srcset=\"https:\/\/www.conselharan.org\/wp-content\/uploads\/2019\/05\/DSC_0144-1024x683.jpg 1024w, https:\/\/www.conselharan.org\/wp-content\/uploads\/2019\/05\/DSC_0144-300x200.jpg 300w, https:\/\/www.conselharan.org\/wp-content\/uploads\/2019\/05\/DSC_0144-768x512.jpg 768w\" sizes=\"(max-width: 1024px) 100vw, 1024px\" \/><\/a><\/p>\n<p><a href=\"https:\/\/www.conselharan.org\/leu-100-nedadors-ena-2au-fasa-intercomarcau-de-natacion-val-daran-cors-2018-2019\/thumbnail-5-7\/\" rel=\"attachment wp-att-28472\"><img loading=\"lazy\" decoding=\"async\" class=\"aligncenter size-large wp-image-28472\" src=\"https:\/\/www.conselharan.org\/wp-content\/uploads\/2019\/05\/thumbnail-5-1024x768.jpg\" alt=\"\" width=\"1024\" height=\"768\" srcset=\"https:\/\/www.conselharan.org\/wp-content\/uploads\/2019\/05\/thumbnail-5-1024x768.jpg 1024w, https:\/\/www.conselharan.org\/wp-content\/uploads\/2019\/05\/thumbnail-5-300x225.jpg 300w, https:\/\/www.conselharan.org\/wp-content\/uploads\/2019\/05\/thumbnail-5-768x576.jpg 768w, https:\/\/www.conselharan.org\/wp-content\/uploads\/2019\/05\/thumbnail-5.jpg 1080w\" sizes=\"(max-width: 1024px) 100vw, 1024px\" \/><\/a><\/p>\n<p><a href=\"https:\/\/www.conselharan.org\/leu-100-nedadors-ena-2au-fasa-intercomarcau-de-natacion-val-daran-cors-2018-2019\/thumbnail-6-7\/\" rel=\"attachment wp-att-28473\"><img loading=\"lazy\" decoding=\"async\" class=\"aligncenter size-large wp-image-28473\" src=\"https:\/\/www.conselharan.org\/wp-content\/uploads\/2019\/05\/thumbnail-6-1024x768.jpg\" alt=\"\" width=\"1024\" height=\"768\" srcset=\"https:\/\/www.conselharan.org\/wp-content\/uploads\/2019\/05\/thumbnail-6-1024x768.jpg 1024w, https:\/\/www.conselharan.org\/wp-content\/uploads\/2019\/05\/thumbnail-6-300x225.jpg 300w, https:\/\/www.conselharan.org\/wp-content\/uploads\/2019\/05\/thumbnail-6-768x576.jpg 768w, https:\/\/www.conselharan.org\/wp-content\/uploads\/2019\/05\/thumbnail-6.jpg 1080w\" sizes=\"(max-width: 1024px) 100vw, 1024px\" \/><\/a><\/p>\n<p>&#8211; <strong>50m Bra\u00e7a Alevin masculin e femenin (2007- 2008)<\/strong>.<\/p>\n<p><a href=\"https:\/\/www.conselharan.org\/leu-100-nedadors-ena-2au-fasa-intercomarcau-de-natacion-val-daran-cors-2018-2019\/thumbnail-7-6\/\" rel=\"attachment wp-att-28474\"><img loading=\"lazy\" decoding=\"async\" class=\"aligncenter size-large wp-image-28474\" src=\"https:\/\/www.conselharan.org\/wp-content\/uploads\/2019\/05\/thumbnail-7-1024x768.jpg\" alt=\"\" width=\"1024\" height=\"768\" srcset=\"https:\/\/www.conselharan.org\/wp-content\/uploads\/2019\/05\/thumbnail-7-1024x768.jpg 1024w, https:\/\/www.conselharan.org\/wp-content\/uploads\/2019\/05\/thumbnail-7-300x225.jpg 300w, https:\/\/www.conselharan.org\/wp-content\/uploads\/2019\/05\/thumbnail-7-768x576.jpg 768w, https:\/\/www.conselharan.org\/wp-content\/uploads\/2019\/05\/thumbnail-7.jpg 1080w\" sizes=\"(max-width: 1024px) 100vw, 1024px\" \/><\/a><\/p>\n<p>&#8211; <strong>100m Bra\u00e7a Infantil- Cadet masculin e femenin<\/strong> (2001 a 2006)<\/p>\n<p>&#8211; <strong>25m Liure Prebenjamin masculin e femenin<\/strong> (2011- 2012), <strong>Benjamin masculin e femenin<\/strong> (2009- 2010)<\/p>\n<p><a href=\"https:\/\/www.conselharan.org\/leu-100-nedadors-ena-2au-fasa-intercomarcau-de-natacion-val-daran-cors-2018-2019\/thumbnail-14-3\/\" rel=\"attachment wp-att-28481\"><img loading=\"lazy\" decoding=\"async\" class=\"aligncenter size-large wp-image-28481\" src=\"https:\/\/www.conselharan.org\/wp-content\/uploads\/2019\/05\/thumbnail-14-1024x768.jpg\" alt=\"\" width=\"1024\" height=\"768\" srcset=\"https:\/\/www.conselharan.org\/wp-content\/uploads\/2019\/05\/thumbnail-14-1024x768.jpg 1024w, https:\/\/www.conselharan.org\/wp-content\/uploads\/2019\/05\/thumbnail-14-300x225.jpg 300w, https:\/\/www.conselharan.org\/wp-content\/uploads\/2019\/05\/thumbnail-14-768x576.jpg 768w, https:\/\/www.conselharan.org\/wp-content\/uploads\/2019\/05\/thumbnail-14.jpg 1080w\" sizes=\"(max-width: 1024px) 100vw, 1024px\" \/><\/a><\/p>\n<p><a href=\"https:\/\/www.conselharan.org\/leu-100-nedadors-ena-2au-fasa-intercomarcau-de-natacion-val-daran-cors-2018-2019\/thumbnail-4-10\/\" rel=\"attachment wp-att-28471\"><img loading=\"lazy\" decoding=\"async\" class=\"aligncenter size-large wp-image-28471\" src=\"https:\/\/www.conselharan.org\/wp-content\/uploads\/2019\/05\/thumbnail-4-1024x768.jpg\" alt=\"\" width=\"1024\" height=\"768\" srcset=\"https:\/\/www.conselharan.org\/wp-content\/uploads\/2019\/05\/thumbnail-4-1024x768.jpg 1024w, https:\/\/www.conselharan.org\/wp-content\/uploads\/2019\/05\/thumbnail-4-300x225.jpg 300w, https:\/\/www.conselharan.org\/wp-content\/uploads\/2019\/05\/thumbnail-4-768x576.jpg 768w, https:\/\/www.conselharan.org\/wp-content\/uploads\/2019\/05\/thumbnail-4.jpg 1080w\" sizes=\"(max-width: 1024px) 100vw, 1024px\" \/><\/a><\/p>\n<p><a href=\"https:\/\/www.conselharan.org\/leu-100-nedadors-ena-2au-fasa-intercomarcau-de-natacion-val-daran-cors-2018-2019\/thumbnail-16-3\/\" rel=\"attachment wp-att-28483\"><img loading=\"lazy\" decoding=\"async\" class=\"aligncenter size-large wp-image-28483\" src=\"https:\/\/www.conselharan.org\/wp-content\/uploads\/2019\/05\/thumbnail-16-1024x768.jpg\" alt=\"\" width=\"1024\" height=\"768\" srcset=\"https:\/\/www.conselharan.org\/wp-content\/uploads\/2019\/05\/thumbnail-16-1024x768.jpg 1024w, https:\/\/www.conselharan.org\/wp-content\/uploads\/2019\/05\/thumbnail-16-300x225.jpg 300w, https:\/\/www.conselharan.org\/wp-content\/uploads\/2019\/05\/thumbnail-16-768x576.jpg 768w, https:\/\/www.conselharan.org\/wp-content\/uploads\/2019\/05\/thumbnail-16.jpg 1080w\" sizes=\"(max-width: 1024px) 100vw, 1024px\" \/><\/a><\/p>\n<p><a href=\"https:\/\/www.conselharan.org\/leu-100-nedadors-ena-2au-fasa-intercomarcau-de-natacion-val-daran-cors-2018-2019\/thumbnail-10-4\/\" rel=\"attachment wp-att-28477\"><img loading=\"lazy\" decoding=\"async\" class=\"aligncenter size-large wp-image-28477\" src=\"https:\/\/www.conselharan.org\/wp-content\/uploads\/2019\/05\/thumbnail-10-1024x768.jpg\" alt=\"\" width=\"1024\" height=\"768\" srcset=\"https:\/\/www.conselharan.org\/wp-content\/uploads\/2019\/05\/thumbnail-10-1024x768.jpg 1024w, https:\/\/www.conselharan.org\/wp-content\/uploads\/2019\/05\/thumbnail-10-300x225.jpg 300w, https:\/\/www.conselharan.org\/wp-content\/uploads\/2019\/05\/thumbnail-10-768x576.jpg 768w, https:\/\/www.conselharan.org\/wp-content\/uploads\/2019\/05\/thumbnail-10.jpg 1080w\" sizes=\"(max-width: 1024px) 100vw, 1024px\" \/><\/a><\/p>\n<p>&#8211; <strong>50m Liure Alevin Masculin e femenin<\/strong> (2007-2008)<\/p>\n<p><a href=\"https:\/\/www.conselharan.org\/leu-100-nedadors-ena-2au-fasa-intercomarcau-de-natacion-val-daran-cors-2018-2019\/thumbnail-17-2\/\" rel=\"attachment wp-att-28484\"><img loading=\"lazy\" decoding=\"async\" class=\"aligncenter size-large wp-image-28484\" src=\"https:\/\/www.conselharan.org\/wp-content\/uploads\/2019\/05\/thumbnail-17-1024x768.jpg\" alt=\"\" width=\"1024\" height=\"768\" srcset=\"https:\/\/www.conselharan.org\/wp-content\/uploads\/2019\/05\/thumbnail-17-1024x768.jpg 1024w, https:\/\/www.conselharan.org\/wp-content\/uploads\/2019\/05\/thumbnail-17-300x225.jpg 300w, https:\/\/www.conselharan.org\/wp-content\/uploads\/2019\/05\/thumbnail-17-768x576.jpg 768w, https:\/\/www.conselharan.org\/wp-content\/uploads\/2019\/05\/thumbnail-17.jpg 1080w\" sizes=\"(max-width: 1024px) 100vw, 1024px\" \/><\/a><\/p>\n<p>&#8211; <strong>100m Liure Infantil- Cadet masculin e femenin<\/strong> (2001 a 2006)<\/p>\n<p><a href=\"https:\/\/www.conselharan.org\/leu-100-nedadors-ena-2au-fasa-intercomarcau-de-natacion-val-daran-cors-2018-2019\/thumbnail-33\/\" rel=\"attachment wp-att-28485\"><img loading=\"lazy\" decoding=\"async\" class=\"aligncenter size-large wp-image-28485\" src=\"https:\/\/www.conselharan.org\/wp-content\/uploads\/2019\/05\/thumbnail-1024x768.jpg\" alt=\"\" width=\"1024\" height=\"768\" srcset=\"https:\/\/www.conselharan.org\/wp-content\/uploads\/2019\/05\/thumbnail-1024x768.jpg 1024w, https:\/\/www.conselharan.org\/wp-content\/uploads\/2019\/05\/thumbnail-300x225.jpg 300w, https:\/\/www.conselharan.org\/wp-content\/uploads\/2019\/05\/thumbnail-768x576.jpg 768w, https:\/\/www.conselharan.org\/wp-content\/uploads\/2019\/05\/thumbnail.jpg 1080w\" sizes=\"(max-width: 1024px) 100vw, 1024px\" \/><\/a><\/p>\n<p><a href=\"https:\/\/www.conselharan.org\/leu-100-nedadors-ena-2au-fasa-intercomarcau-de-natacion-val-daran-cors-2018-2019\/thumbnail-15-3\/\" rel=\"attachment wp-att-28482\"><img loading=\"lazy\" decoding=\"async\" class=\"aligncenter size-large wp-image-28482\" src=\"https:\/\/www.conselharan.org\/wp-content\/uploads\/2019\/05\/thumbnail-15-1024x768.jpg\" alt=\"\" width=\"1024\" height=\"768\" srcset=\"https:\/\/www.conselharan.org\/wp-content\/uploads\/2019\/05\/thumbnail-15-1024x768.jpg 1024w, https:\/\/www.conselharan.org\/wp-content\/uploads\/2019\/05\/thumbnail-15-300x225.jpg 300w, https:\/\/www.conselharan.org\/wp-content\/uploads\/2019\/05\/thumbnail-15-768x576.jpg 768w, https:\/\/www.conselharan.org\/wp-content\/uploads\/2019\/05\/thumbnail-15.jpg 1080w\" sizes=\"(max-width: 1024px) 100vw, 1024px\" \/><\/a><\/p>\n<p><a href=\"https:\/\/www.conselharan.org\/leu-100-nedadors-ena-2au-fasa-intercomarcau-de-natacion-val-daran-cors-2018-2019\/thumbnail-12-4\/\" rel=\"attachment wp-att-28479\"><img loading=\"lazy\" decoding=\"async\" class=\"aligncenter size-large wp-image-28479\" src=\"https:\/\/www.conselharan.org\/wp-content\/uploads\/2019\/05\/thumbnail-12-1024x768.jpg\" alt=\"\" width=\"1024\" height=\"768\" srcset=\"https:\/\/www.conselharan.org\/wp-content\/uploads\/2019\/05\/thumbnail-12-1024x768.jpg 1024w, https:\/\/www.conselharan.org\/wp-content\/uploads\/2019\/05\/thumbnail-12-300x225.jpg 300w, https:\/\/www.conselharan.org\/wp-content\/uploads\/2019\/05\/thumbnail-12-768x576.jpg 768w, https:\/\/www.conselharan.org\/wp-content\/uploads\/2019\/05\/thumbnail-12.jpg 1080w\" sizes=\"(max-width: 1024px) 100vw, 1024px\" \/><\/a><\/p>\n<p>&nbsp;<\/p>\n<p>&#8211; <strong>Relh\u00e8us<\/strong><\/p>\n<p><a href=\"https:\/\/www.conselharan.org\/leu-100-nedadors-ena-2au-fasa-intercomarcau-de-natacion-val-daran-cors-2018-2019\/thumbnail-2-10\/\" rel=\"attachment wp-att-28469\"><img loading=\"lazy\" decoding=\"async\" class=\"aligncenter size-large wp-image-28469\" src=\"https:\/\/www.conselharan.org\/wp-content\/uploads\/2019\/05\/thumbnail-2-1024x768.jpg\" alt=\"\" width=\"1024\" height=\"768\" srcset=\"https:\/\/www.conselharan.org\/wp-content\/uploads\/2019\/05\/thumbnail-2-1024x768.jpg 1024w, https:\/\/www.conselharan.org\/wp-content\/uploads\/2019\/05\/thumbnail-2-300x225.jpg 300w, https:\/\/www.conselharan.org\/wp-content\/uploads\/2019\/05\/thumbnail-2-768x576.jpg 768w, https:\/\/www.conselharan.org\/wp-content\/uploads\/2019\/05\/thumbnail-2.jpg 1080w\" sizes=\"(max-width: 1024px) 100vw, 1024px\" \/><\/a><\/p>\n<p><a href=\"https:\/\/www.conselharan.org\/leu-100-nedadors-ena-2au-fasa-intercomarcau-de-natacion-val-daran-cors-2018-2019\/thumbnail-3-9\/\" rel=\"attachment wp-att-28470\"><img loading=\"lazy\" decoding=\"async\" class=\"aligncenter size-large wp-image-28470\" src=\"https:\/\/www.conselharan.org\/wp-content\/uploads\/2019\/05\/thumbnail-3-1024x768.jpg\" alt=\"\" width=\"1024\" height=\"768\" srcset=\"https:\/\/www.conselharan.org\/wp-content\/uploads\/2019\/05\/thumbnail-3-1024x768.jpg 1024w, https:\/\/www.conselharan.org\/wp-content\/uploads\/2019\/05\/thumbnail-3-300x225.jpg 300w, https:\/\/www.conselharan.org\/wp-content\/uploads\/2019\/05\/thumbnail-3-768x576.jpg 768w, https:\/\/www.conselharan.org\/wp-content\/uploads\/2019\/05\/thumbnail-3.jpg 1080w\" sizes=\"(max-width: 1024px) 100vw, 1024px\" \/><\/a><\/p>\n<p><a href=\"https:\/\/www.conselharan.org\/leu-100-nedadors-ena-2au-fasa-intercomarcau-de-natacion-val-daran-cors-2018-2019\/thumbnail-1-11\/\" rel=\"attachment wp-att-28468\"><img loading=\"lazy\" decoding=\"async\" class=\"aligncenter size-large wp-image-28468\" src=\"https:\/\/www.conselharan.org\/wp-content\/uploads\/2019\/05\/thumbnail-1-1024x768.jpg\" alt=\"\" width=\"1024\" height=\"768\" srcset=\"https:\/\/www.conselharan.org\/wp-content\/uploads\/2019\/05\/thumbnail-1-1024x768.jpg 1024w, https:\/\/www.conselharan.org\/wp-content\/uploads\/2019\/05\/thumbnail-1-300x225.jpg 300w, https:\/\/www.conselharan.org\/wp-content\/uploads\/2019\/05\/thumbnail-1-768x576.jpg 768w, https:\/\/www.conselharan.org\/wp-content\/uploads\/2019\/05\/thumbnail-1.jpg 1080w\" sizes=\"(max-width: 1024px) 100vw, 1024px\" \/><\/a><\/p>\n<p>&nbsp;<\/p>\n<p><a href=\"https:\/\/www.conselharan.org\/leu-100-nedadors-ena-2au-fasa-intercomarcau-de-natacion-val-daran-cors-2018-2019\/dsc_1079\/\" rel=\"attachment wp-att-28467\"><img loading=\"lazy\" decoding=\"async\" class=\"aligncenter size-large wp-image-28467\" src=\"https:\/\/www.conselharan.org\/wp-content\/uploads\/2019\/05\/DSC_1079-1024x683.jpg\" alt=\"\" width=\"1024\" height=\"683\" srcset=\"https:\/\/www.conselharan.org\/wp-content\/uploads\/2019\/05\/DSC_1079-1024x683.jpg 1024w, https:\/\/www.conselharan.org\/wp-content\/uploads\/2019\/05\/DSC_1079-300x200.jpg 300w, https:\/\/www.conselharan.org\/wp-content\/uploads\/2019\/05\/DSC_1079-768x512.jpg 768w\" sizes=\"(max-width: 1024px) 100vw, 1024px\" \/><\/a> <a href=\"https:\/\/www.conselharan.org\/leu-100-nedadors-ena-2au-fasa-intercomarcau-de-natacion-val-daran-cors-2018-2019\/dsc_1069\/\" rel=\"attachment wp-att-28466\"><img loading=\"lazy\" decoding=\"async\" class=\"aligncenter size-large wp-image-28466\" src=\"https:\/\/www.conselharan.org\/wp-content\/uploads\/2019\/05\/DSC_1069-1024x683.jpg\" alt=\"\" width=\"1024\" height=\"683\" srcset=\"https:\/\/www.conselharan.org\/wp-content\/uploads\/2019\/05\/DSC_1069-1024x683.jpg 1024w, https:\/\/www.conselharan.org\/wp-content\/uploads\/2019\/05\/DSC_1069-300x200.jpg 300w, https:\/\/www.conselharan.org\/wp-content\/uploads\/2019\/05\/DSC_1069-768x512.jpg 768w\" sizes=\"(max-width: 1024px) 100vw, 1024px\" \/><\/a> <a href=\"https:\/\/www.conselharan.org\/leu-100-nedadors-ena-2au-fasa-intercomarcau-de-natacion-val-daran-cors-2018-2019\/dsc_1029\/\" rel=\"attachment wp-att-28465\"><img loading=\"lazy\" decoding=\"async\" class=\"aligncenter size-large wp-image-28465\" src=\"https:\/\/www.conselharan.org\/wp-content\/uploads\/2019\/05\/DSC_1029-1024x683.jpg\" alt=\"\" width=\"1024\" height=\"683\" srcset=\"https:\/\/www.conselharan.org\/wp-content\/uploads\/2019\/05\/DSC_1029-1024x683.jpg 1024w, https:\/\/www.conselharan.org\/wp-content\/uploads\/2019\/05\/DSC_1029-300x200.jpg 300w, https:\/\/www.conselharan.org\/wp-content\/uploads\/2019\/05\/DSC_1029-768x512.jpg 768w\" sizes=\"(max-width: 1024px) 100vw, 1024px\" \/><\/a> <a href=\"https:\/\/www.conselharan.org\/leu-100-nedadors-ena-2au-fasa-intercomarcau-de-natacion-val-daran-cors-2018-2019\/dsc_0892\/\" rel=\"attachment wp-att-28458\"><img loading=\"lazy\" decoding=\"async\" class=\"aligncenter size-large wp-image-28458\" src=\"https:\/\/www.conselharan.org\/wp-content\/uploads\/2019\/05\/DSC_0892-1024x683.jpg\" alt=\"\" width=\"1024\" height=\"683\" srcset=\"https:\/\/www.conselharan.org\/wp-content\/uploads\/2019\/05\/DSC_0892-1024x683.jpg 1024w, https:\/\/www.conselharan.org\/wp-content\/uploads\/2019\/05\/DSC_0892-300x200.jpg 300w, https:\/\/www.conselharan.org\/wp-content\/uploads\/2019\/05\/DSC_0892-768x512.jpg 768w\" sizes=\"(max-width: 1024px) 100vw, 1024px\" \/><\/a> <a href=\"https:\/\/www.conselharan.org\/leu-100-nedadors-ena-2au-fasa-intercomarcau-de-natacion-val-daran-cors-2018-2019\/dsc_0902\/\" rel=\"attachment wp-att-28459\"><img loading=\"lazy\" decoding=\"async\" class=\"aligncenter size-large wp-image-28459\" src=\"https:\/\/www.conselharan.org\/wp-content\/uploads\/2019\/05\/DSC_0902-1024x683.jpg\" alt=\"\" width=\"1024\" height=\"683\" srcset=\"https:\/\/www.conselharan.org\/wp-content\/uploads\/2019\/05\/DSC_0902-1024x683.jpg 1024w, https:\/\/www.conselharan.org\/wp-content\/uploads\/2019\/05\/DSC_0902-300x200.jpg 300w, https:\/\/www.conselharan.org\/wp-content\/uploads\/2019\/05\/DSC_0902-768x512.jpg 768w\" sizes=\"(max-width: 1024px) 100vw, 1024px\" \/><\/a> <a href=\"https:\/\/www.conselharan.org\/leu-100-nedadors-ena-2au-fasa-intercomarcau-de-natacion-val-daran-cors-2018-2019\/dsc_0923\/\" rel=\"attachment wp-att-28460\"><img loading=\"lazy\" decoding=\"async\" class=\"aligncenter size-large wp-image-28460\" src=\"https:\/\/www.conselharan.org\/wp-content\/uploads\/2019\/05\/DSC_0923-1024x683.jpg\" alt=\"\" width=\"1024\" height=\"683\" srcset=\"https:\/\/www.conselharan.org\/wp-content\/uploads\/2019\/05\/DSC_0923-1024x683.jpg 1024w, https:\/\/www.conselharan.org\/wp-content\/uploads\/2019\/05\/DSC_0923-300x200.jpg 300w, https:\/\/www.conselharan.org\/wp-content\/uploads\/2019\/05\/DSC_0923-768x512.jpg 768w\" sizes=\"(max-width: 1024px) 100vw, 1024px\" \/><\/a> <a href=\"https:\/\/www.conselharan.org\/leu-100-nedadors-ena-2au-fasa-intercomarcau-de-natacion-val-daran-cors-2018-2019\/dsc_0948\/\" rel=\"attachment wp-att-28461\"><img loading=\"lazy\" decoding=\"async\" class=\"aligncenter size-large wp-image-28461\" src=\"https:\/\/www.conselharan.org\/wp-content\/uploads\/2019\/05\/DSC_0948-1024x683.jpg\" alt=\"\" width=\"1024\" height=\"683\" srcset=\"https:\/\/www.conselharan.org\/wp-content\/uploads\/2019\/05\/DSC_0948-1024x683.jpg 1024w, https:\/\/www.conselharan.org\/wp-content\/uploads\/2019\/05\/DSC_0948-300x200.jpg 300w, https:\/\/www.conselharan.org\/wp-content\/uploads\/2019\/05\/DSC_0948-768x512.jpg 768w\" sizes=\"(max-width: 1024px) 100vw, 1024px\" \/><\/a> <a href=\"https:\/\/www.conselharan.org\/leu-100-nedadors-ena-2au-fasa-intercomarcau-de-natacion-val-daran-cors-2018-2019\/dsc_0982\/\" rel=\"attachment wp-att-28462\"><img loading=\"lazy\" decoding=\"async\" class=\"aligncenter size-large wp-image-28462\" src=\"https:\/\/www.conselharan.org\/wp-content\/uploads\/2019\/05\/DSC_0982-1024x683.jpg\" alt=\"\" width=\"1024\" height=\"683\" srcset=\"https:\/\/www.conselharan.org\/wp-content\/uploads\/2019\/05\/DSC_0982-1024x683.jpg 1024w, https:\/\/www.conselharan.org\/wp-content\/uploads\/2019\/05\/DSC_0982-300x200.jpg 300w, https:\/\/www.conselharan.org\/wp-content\/uploads\/2019\/05\/DSC_0982-768x512.jpg 768w\" sizes=\"(max-width: 1024px) 100vw, 1024px\" \/><\/a> <a href=\"https:\/\/www.conselharan.org\/leu-100-nedadors-ena-2au-fasa-intercomarcau-de-natacion-val-daran-cors-2018-2019\/dsc_0995\/\" rel=\"attachment wp-att-28463\"><img loading=\"lazy\" decoding=\"async\" class=\"aligncenter size-large wp-image-28463\" src=\"https:\/\/www.conselharan.org\/wp-content\/uploads\/2019\/05\/DSC_0995-1024x683.jpg\" alt=\"\" width=\"1024\" height=\"683\" srcset=\"https:\/\/www.conselharan.org\/wp-content\/uploads\/2019\/05\/DSC_0995-1024x683.jpg 1024w, https:\/\/www.conselharan.org\/wp-content\/uploads\/2019\/05\/DSC_0995-300x200.jpg 300w, https:\/\/www.conselharan.org\/wp-content\/uploads\/2019\/05\/DSC_0995-768x512.jpg 768w\" sizes=\"(max-width: 1024px) 100vw, 1024px\" \/><\/a> <a href=\"https:\/\/www.conselharan.org\/leu-100-nedadors-ena-2au-fasa-intercomarcau-de-natacion-val-daran-cors-2018-2019\/dsc_1011\/\" rel=\"attachment wp-att-28464\"><img loading=\"lazy\" decoding=\"async\" class=\"aligncenter size-large wp-image-28464\" src=\"https:\/\/www.conselharan.org\/wp-content\/uploads\/2019\/05\/DSC_1011-1024x683.jpg\" alt=\"\" width=\"1024\" height=\"683\" srcset=\"https:\/\/www.conselharan.org\/wp-content\/uploads\/2019\/05\/DSC_1011-1024x683.jpg 1024w, https:\/\/www.conselharan.org\/wp-content\/uploads\/2019\/05\/DSC_1011-300x200.jpg 300w, https:\/\/www.conselharan.org\/wp-content\/uploads\/2019\/05\/DSC_1011-768x512.jpg 768w\" sizes=\"(max-width: 1024px) 100vw, 1024px\" \/><\/a> <a href=\"https:\/\/www.conselharan.org\/leu-100-nedadors-ena-2au-fasa-intercomarcau-de-natacion-val-daran-cors-2018-2019\/dsc_0881\/\" rel=\"attachment wp-att-28457\"><img loading=\"lazy\" decoding=\"async\" class=\"aligncenter size-large wp-image-28457\" src=\"https:\/\/www.conselharan.org\/wp-content\/uploads\/2019\/05\/DSC_0881-1024x683.jpg\" alt=\"\" width=\"1024\" height=\"683\" srcset=\"https:\/\/www.conselharan.org\/wp-content\/uploads\/2019\/05\/DSC_0881-1024x683.jpg 1024w, https:\/\/www.conselharan.org\/wp-content\/uploads\/2019\/05\/DSC_0881-300x200.jpg 300w, https:\/\/www.conselharan.org\/wp-content\/uploads\/2019\/05\/DSC_0881-768x512.jpg 768w\" sizes=\"(max-width: 1024px) 100vw, 1024px\" \/><\/a> <a href=\"https:\/\/www.conselharan.org\/leu-100-nedadors-ena-2au-fasa-intercomarcau-de-natacion-val-daran-cors-2018-2019\/dsc_0876\/\" rel=\"attachment wp-att-28456\"><img loading=\"lazy\" decoding=\"async\" class=\"aligncenter size-large wp-image-28456\" src=\"https:\/\/www.conselharan.org\/wp-content\/uploads\/2019\/05\/DSC_0876-1024x683.jpg\" alt=\"\" width=\"1024\" height=\"683\" srcset=\"https:\/\/www.conselharan.org\/wp-content\/uploads\/2019\/05\/DSC_0876-1024x683.jpg 1024w, https:\/\/www.conselharan.org\/wp-content\/uploads\/2019\/05\/DSC_0876-300x200.jpg 300w, https:\/\/www.conselharan.org\/wp-content\/uploads\/2019\/05\/DSC_0876-768x512.jpg 768w\" sizes=\"(max-width: 1024px) 100vw, 1024px\" \/><\/a> <a href=\"https:\/\/www.conselharan.org\/leu-100-nedadors-ena-2au-fasa-intercomarcau-de-natacion-val-daran-cors-2018-2019\/dsc_0859\/\" rel=\"attachment wp-att-28455\"><img loading=\"lazy\" decoding=\"async\" class=\"aligncenter size-large wp-image-28455\" src=\"https:\/\/www.conselharan.org\/wp-content\/uploads\/2019\/05\/DSC_0859-1024x683.jpg\" alt=\"\" width=\"1024\" height=\"683\" srcset=\"https:\/\/www.conselharan.org\/wp-content\/uploads\/2019\/05\/DSC_0859-1024x683.jpg 1024w, https:\/\/www.conselharan.org\/wp-content\/uploads\/2019\/05\/DSC_0859-300x200.jpg 300w, https:\/\/www.conselharan.org\/wp-content\/uploads\/2019\/05\/DSC_0859-768x512.jpg 768w\" sizes=\"(max-width: 1024px) 100vw, 1024px\" \/><\/a> <a href=\"https:\/\/www.conselharan.org\/leu-100-nedadors-ena-2au-fasa-intercomarcau-de-natacion-val-daran-cors-2018-2019\/dsc_0855-2\/\" rel=\"attachment wp-att-28454\"><img loading=\"lazy\" decoding=\"async\" class=\"aligncenter size-large wp-image-28454\" src=\"https:\/\/www.conselharan.org\/wp-content\/uploads\/2019\/05\/DSC_0855-1024x683.jpg\" alt=\"\" width=\"1024\" height=\"683\" srcset=\"https:\/\/www.conselharan.org\/wp-content\/uploads\/2019\/05\/DSC_0855-1024x683.jpg 1024w, https:\/\/www.conselharan.org\/wp-content\/uploads\/2019\/05\/DSC_0855-300x200.jpg 300w, https:\/\/www.conselharan.org\/wp-content\/uploads\/2019\/05\/DSC_0855-768x512.jpg 768w\" sizes=\"(max-width: 1024px) 100vw, 1024px\" \/><\/a> <a href=\"https:\/\/www.conselharan.org\/leu-100-nedadors-ena-2au-fasa-intercomarcau-de-natacion-val-daran-cors-2018-2019\/dsc_0852-2\/\" rel=\"attachment wp-att-28453\"><img loading=\"lazy\" decoding=\"async\" class=\"aligncenter size-large wp-image-28453\" src=\"https:\/\/www.conselharan.org\/wp-content\/uploads\/2019\/05\/DSC_0852-1024x683.jpg\" alt=\"\" width=\"1024\" height=\"683\" srcset=\"https:\/\/www.conselharan.org\/wp-content\/uploads\/2019\/05\/DSC_0852-1024x683.jpg 1024w, https:\/\/www.conselharan.org\/wp-content\/uploads\/2019\/05\/DSC_0852-300x200.jpg 300w, https:\/\/www.conselharan.org\/wp-content\/uploads\/2019\/05\/DSC_0852-768x512.jpg 768w\" sizes=\"(max-width: 1024px) 100vw, 1024px\" \/><\/a> <a href=\"https:\/\/www.conselharan.org\/leu-100-nedadors-ena-2au-fasa-intercomarcau-de-natacion-val-daran-cors-2018-2019\/dsc_0843-2\/\" rel=\"attachment wp-att-28452\"><img loading=\"lazy\" decoding=\"async\" class=\"aligncenter size-large wp-image-28452\" src=\"https:\/\/www.conselharan.org\/wp-content\/uploads\/2019\/05\/DSC_0843-1024x683.jpg\" alt=\"\" width=\"1024\" height=\"683\" srcset=\"https:\/\/www.conselharan.org\/wp-content\/uploads\/2019\/05\/DSC_0843-1024x683.jpg 1024w, https:\/\/www.conselharan.org\/wp-content\/uploads\/2019\/05\/DSC_0843-300x200.jpg 300w, https:\/\/www.conselharan.org\/wp-content\/uploads\/2019\/05\/DSC_0843-768x512.jpg 768w\" sizes=\"(max-width: 1024px) 100vw, 1024px\" \/><\/a> <a href=\"https:\/\/www.conselharan.org\/leu-100-nedadors-ena-2au-fasa-intercomarcau-de-natacion-val-daran-cors-2018-2019\/dsc_0841-2\/\" rel=\"attachment wp-att-28451\"><img loading=\"lazy\" decoding=\"async\" class=\"aligncenter size-large wp-image-28451\" src=\"https:\/\/www.conselharan.org\/wp-content\/uploads\/2019\/05\/DSC_0841-1024x683.jpg\" alt=\"\" width=\"1024\" height=\"683\" srcset=\"https:\/\/www.conselharan.org\/wp-content\/uploads\/2019\/05\/DSC_0841-1024x683.jpg 1024w, https:\/\/www.conselharan.org\/wp-content\/uploads\/2019\/05\/DSC_0841-300x200.jpg 300w, https:\/\/www.conselharan.org\/wp-content\/uploads\/2019\/05\/DSC_0841-768x512.jpg 768w\" sizes=\"(max-width: 1024px) 100vw, 1024px\" \/><\/a> <a href=\"https:\/\/www.conselharan.org\/leu-100-nedadors-ena-2au-fasa-intercomarcau-de-natacion-val-daran-cors-2018-2019\/dsc_0728\/\" rel=\"attachment wp-att-28444\"><img loading=\"lazy\" decoding=\"async\" class=\"aligncenter size-large wp-image-28444\" src=\"https:\/\/www.conselharan.org\/wp-content\/uploads\/2019\/05\/DSC_0728-1024x683.jpg\" alt=\"\" width=\"1024\" height=\"683\" srcset=\"https:\/\/www.conselharan.org\/wp-content\/uploads\/2019\/05\/DSC_0728-1024x683.jpg 1024w, https:\/\/www.conselharan.org\/wp-content\/uploads\/2019\/05\/DSC_0728-300x200.jpg 300w, https:\/\/www.conselharan.org\/wp-content\/uploads\/2019\/05\/DSC_0728-768x512.jpg 768w\" sizes=\"(max-width: 1024px) 100vw, 1024px\" \/><\/a> <a href=\"https:\/\/www.conselharan.org\/leu-100-nedadors-ena-2au-fasa-intercomarcau-de-natacion-val-daran-cors-2018-2019\/dsc_0775\/\" rel=\"attachment wp-att-28445\"><img loading=\"lazy\" decoding=\"async\" class=\"aligncenter size-large wp-image-28445\" src=\"https:\/\/www.conselharan.org\/wp-content\/uploads\/2019\/05\/DSC_0775-1024x683.jpg\" alt=\"\" width=\"1024\" height=\"683\" srcset=\"https:\/\/www.conselharan.org\/wp-content\/uploads\/2019\/05\/DSC_0775-1024x683.jpg 1024w, https:\/\/www.conselharan.org\/wp-content\/uploads\/2019\/05\/DSC_0775-300x200.jpg 300w, https:\/\/www.conselharan.org\/wp-content\/uploads\/2019\/05\/DSC_0775-768x512.jpg 768w\" sizes=\"(max-width: 1024px) 100vw, 1024px\" \/><\/a> <a href=\"https:\/\/www.conselharan.org\/leu-100-nedadors-ena-2au-fasa-intercomarcau-de-natacion-val-daran-cors-2018-2019\/dsc_0807\/\" rel=\"attachment wp-att-28446\"><img loading=\"lazy\" decoding=\"async\" class=\"aligncenter size-large wp-image-28446\" src=\"https:\/\/www.conselharan.org\/wp-content\/uploads\/2019\/05\/DSC_0807-1024x683.jpg\" alt=\"\" width=\"1024\" height=\"683\" srcset=\"https:\/\/www.conselharan.org\/wp-content\/uploads\/2019\/05\/DSC_0807-1024x683.jpg 1024w, https:\/\/www.conselharan.org\/wp-content\/uploads\/2019\/05\/DSC_0807-300x200.jpg 300w, https:\/\/www.conselharan.org\/wp-content\/uploads\/2019\/05\/DSC_0807-768x512.jpg 768w\" sizes=\"(max-width: 1024px) 100vw, 1024px\" \/><\/a> <a href=\"https:\/\/www.conselharan.org\/leu-100-nedadors-ena-2au-fasa-intercomarcau-de-natacion-val-daran-cors-2018-2019\/dsc_0820\/\" rel=\"attachment wp-att-28448\"><img loading=\"lazy\" decoding=\"async\" class=\"aligncenter size-large wp-image-28448\" src=\"https:\/\/www.conselharan.org\/wp-content\/uploads\/2019\/05\/DSC_0820-1024x683.jpg\" alt=\"\" width=\"1024\" height=\"683\" srcset=\"https:\/\/www.conselharan.org\/wp-content\/uploads\/2019\/05\/DSC_0820-1024x683.jpg 1024w, https:\/\/www.conselharan.org\/wp-content\/uploads\/2019\/05\/DSC_0820-300x200.jpg 300w, https:\/\/www.conselharan.org\/wp-content\/uploads\/2019\/05\/DSC_0820-768x512.jpg 768w\" sizes=\"(max-width: 1024px) 100vw, 1024px\" \/><\/a> <a href=\"https:\/\/www.conselharan.org\/leu-100-nedadors-ena-2au-fasa-intercomarcau-de-natacion-val-daran-cors-2018-2019\/dsc_0818-2\/\" rel=\"attachment wp-att-28447\"><img loading=\"lazy\" decoding=\"async\" class=\"aligncenter size-large wp-image-28447\" src=\"https:\/\/www.conselharan.org\/wp-content\/uploads\/2019\/05\/DSC_0818-1024x683.jpg\" alt=\"\" width=\"1024\" height=\"683\" srcset=\"https:\/\/www.conselharan.org\/wp-content\/uploads\/2019\/05\/DSC_0818-1024x683.jpg 1024w, https:\/\/www.conselharan.org\/wp-content\/uploads\/2019\/05\/DSC_0818-300x200.jpg 300w, https:\/\/www.conselharan.org\/wp-content\/uploads\/2019\/05\/DSC_0818-768x512.jpg 768w\" sizes=\"(max-width: 1024px) 100vw, 1024px\" \/><\/a> <a href=\"https:\/\/www.conselharan.org\/leu-100-nedadors-ena-2au-fasa-intercomarcau-de-natacion-val-daran-cors-2018-2019\/dsc_0826\/\" rel=\"attachment wp-att-28449\"><img loading=\"lazy\" decoding=\"async\" class=\"aligncenter size-large wp-image-28449\" src=\"https:\/\/www.conselharan.org\/wp-content\/uploads\/2019\/05\/DSC_0826-1024x683.jpg\" alt=\"\" width=\"1024\" height=\"683\" srcset=\"https:\/\/www.conselharan.org\/wp-content\/uploads\/2019\/05\/DSC_0826-1024x683.jpg 1024w, https:\/\/www.conselharan.org\/wp-content\/uploads\/2019\/05\/DSC_0826-300x200.jpg 300w, https:\/\/www.conselharan.org\/wp-content\/uploads\/2019\/05\/DSC_0826-768x512.jpg 768w\" sizes=\"(max-width: 1024px) 100vw, 1024px\" \/><\/a> <a href=\"https:\/\/www.conselharan.org\/leu-100-nedadors-ena-2au-fasa-intercomarcau-de-natacion-val-daran-cors-2018-2019\/dsc_0835-2\/\" rel=\"attachment wp-att-28450\"><img loading=\"lazy\" decoding=\"async\" class=\"aligncenter size-large wp-image-28450\" src=\"https:\/\/www.conselharan.org\/wp-content\/uploads\/2019\/05\/DSC_0835-1024x683.jpg\" alt=\"\" width=\"1024\" height=\"683\" srcset=\"https:\/\/www.conselharan.org\/wp-content\/uploads\/2019\/05\/DSC_0835-1024x683.jpg 1024w, https:\/\/www.conselharan.org\/wp-content\/uploads\/2019\/05\/DSC_0835-300x200.jpg 300w, https:\/\/www.conselharan.org\/wp-content\/uploads\/2019\/05\/DSC_0835-768x512.jpg 768w\" sizes=\"(max-width: 1024px) 100vw, 1024px\" \/><\/a><a href=\"https:\/\/www.conselharan.org\/leu-100-nedadors-ena-2au-fasa-intercomarcau-de-natacion-val-daran-cors-2018-2019\/dsc_0568\/\" rel=\"attachment wp-att-28439\"><img loading=\"lazy\" decoding=\"async\" class=\"aligncenter size-large wp-image-28439\" src=\"https:\/\/www.conselharan.org\/wp-content\/uploads\/2019\/05\/DSC_0568-1024x683.jpg\" alt=\"\" width=\"1024\" height=\"683\" srcset=\"https:\/\/www.conselharan.org\/wp-content\/uploads\/2019\/05\/DSC_0568-1024x683.jpg 1024w, https:\/\/www.conselharan.org\/wp-content\/uploads\/2019\/05\/DSC_0568-300x200.jpg 300w, https:\/\/www.conselharan.org\/wp-content\/uploads\/2019\/05\/DSC_0568-768x512.jpg 768w\" sizes=\"(max-width: 1024px) 100vw, 1024px\" \/><\/a> <a href=\"https:\/\/www.conselharan.org\/leu-100-nedadors-ena-2au-fasa-intercomarcau-de-natacion-val-daran-cors-2018-2019\/dsc_0595\/\" rel=\"attachment wp-att-28440\"><img loading=\"lazy\" decoding=\"async\" class=\"aligncenter size-large wp-image-28440\" src=\"https:\/\/www.conselharan.org\/wp-content\/uploads\/2019\/05\/DSC_0595-1024x683.jpg\" alt=\"\" width=\"1024\" height=\"683\" srcset=\"https:\/\/www.conselharan.org\/wp-content\/uploads\/2019\/05\/DSC_0595-1024x683.jpg 1024w, https:\/\/www.conselharan.org\/wp-content\/uploads\/2019\/05\/DSC_0595-300x200.jpg 300w, https:\/\/www.conselharan.org\/wp-content\/uploads\/2019\/05\/DSC_0595-768x512.jpg 768w\" sizes=\"(max-width: 1024px) 100vw, 1024px\" \/><\/a> <a href=\"https:\/\/www.conselharan.org\/leu-100-nedadors-ena-2au-fasa-intercomarcau-de-natacion-val-daran-cors-2018-2019\/dsc_0642-2\/\" rel=\"attachment wp-att-28441\"><img loading=\"lazy\" decoding=\"async\" class=\"aligncenter size-large wp-image-28441\" src=\"https:\/\/www.conselharan.org\/wp-content\/uploads\/2019\/05\/DSC_0642-1024x683.jpg\" alt=\"\" width=\"1024\" height=\"683\" srcset=\"https:\/\/www.conselharan.org\/wp-content\/uploads\/2019\/05\/DSC_0642-1024x683.jpg 1024w, https:\/\/www.conselharan.org\/wp-content\/uploads\/2019\/05\/DSC_0642-300x200.jpg 300w, https:\/\/www.conselharan.org\/wp-content\/uploads\/2019\/05\/DSC_0642-768x512.jpg 768w\" sizes=\"(max-width: 1024px) 100vw, 1024px\" \/><\/a> <a href=\"https:\/\/www.conselharan.org\/leu-100-nedadors-ena-2au-fasa-intercomarcau-de-natacion-val-daran-cors-2018-2019\/dsc_0658\/\" rel=\"attachment wp-att-28443\"><img loading=\"lazy\" decoding=\"async\" class=\"aligncenter size-large wp-image-28443\" src=\"https:\/\/www.conselharan.org\/wp-content\/uploads\/2019\/05\/DSC_0658-1024x683.jpg\" alt=\"\" width=\"1024\" height=\"683\" srcset=\"https:\/\/www.conselharan.org\/wp-content\/uploads\/2019\/05\/DSC_0658-1024x683.jpg 1024w, https:\/\/www.conselharan.org\/wp-content\/uploads\/2019\/05\/DSC_0658-300x200.jpg 300w, https:\/\/www.conselharan.org\/wp-content\/uploads\/2019\/05\/DSC_0658-768x512.jpg 768w\" sizes=\"(max-width: 1024px) 100vw, 1024px\" \/><\/a><\/p>\n<p>&nbsp;<\/p>\n<p><em>Vielha, 2 de mai de 2019<\/em><\/p>\n<p>&nbsp;<\/p>\n<p><em>Conselh Generau d&#8217;Aran: N\u00faria Sanjuan<\/em><\/p>\n ","protected":false},"excerpt":{"rendered":"<p>Eth Conselh Esportiu dera Val d\u2019Aran, damb era inestimabla collaboracion, entre d\u2019auti, dera equipa aranesa de natacion \u201cVielha Swim Team\u201d organiz\u00e8ren era passada dimenjada era Fasa Intercomarcal de natacion Val d\u2019Aran, cors 2018-2019, que se disput\u00e8c ena piscina deth Palai de G\u00e8u de Vielha e aon particip\u00e8ren l\u00e8u 100 nedadors dera Val d\u2019Aran e des&#8230;<\/p>\n","protected":false},"author":2,"featured_media":28440,"comment_status":"closed","ping_status":"closed","sticky":false,"template":"","format":"standard","meta":{"footnotes":""},"categories":[135],"tags":[],"_links":{"self":[{"href":"https:\/\/www.conselharan.org\/es\/wp-json\/wp\/v2\/posts\/28489"}],"collection":[{"href":"https:\/\/www.conselharan.org\/es\/wp-json\/wp\/v2\/posts"}],"about":[{"href":"https:\/\/www.conselharan.org\/es\/wp-json\/wp\/v2\/types\/post"}],"author":[{"embeddable":true,"href":"https:\/\/www.conselharan.org\/es\/wp-json\/wp\/v2\/users\/2"}],"replies":[{"embeddable":true,"href":"https:\/\/www.conselharan.org\/es\/wp-json\/wp\/v2\/comments?post=28489"}],"version-history":[{"count":2,"href":"https:\/\/www.conselharan.org\/es\/wp-json\/wp\/v2\/posts\/28489\/revisions"}],"predecessor-version":[{"id":28505,"href":"https:\/\/www.conselharan.org\/es\/wp-json\/wp\/v2\/posts\/28489\/revisions\/28505"}],"wp:featuredmedia":[{"embeddable":true,"href":"https:\/\/www.conselharan.org\/es\/wp-json\/wp\/v2\/media\/28440"}],"wp:attachment":[{"href":"https:\/\/www.conselharan.org\/es\/wp-json\/wp\/v2\/media?parent=28489"}],"wp:term":[{"taxonomy":"category","embeddable":true,"href":"https:\/\/www.conselharan.org\/es\/wp-json\/wp\/v2\/categories?post=28489"},{"taxonomy":"post_tag","embeddable":true,"href":"https:\/\/www.conselharan.org\/es\/wp-json\/wp\/v2\/tags?post=28489"}],"curies":[{"name":"wp","href":"https:\/\/api.w.org\/{rel}","templated":true}]}}