{"id":28558,"date":"2019-05-06T11:54:33","date_gmt":"2019-05-06T09:54:33","guid":{"rendered":"https:\/\/www.conselharan.org\/?p=28558"},"modified":"2019-05-06T11:54:33","modified_gmt":"2019-05-06T09:54:33","slug":"dos-nuevas-capsulas-formativas-en-el-cei-val-daran-el-30-de-mayo","status":"publish","type":"post","link":"https:\/\/www.conselharan.org\/es\/dos-nuevas-capsulas-formativas-en-el-cei-val-daran-el-30-de-mayo\/","title":{"rendered":"Dos nuevas c\u00e1psulas formativas en el CEI Val d\u2019Aran el 30 de mayo"},"content":{"rendered":"<p>Vielha, 6 de mayo de 2019.- El pr\u00f3ximo <strong>jueves 30 de mayo<\/strong> el CEI Val d\u2019Aran organiza dos nuevas c\u00e1psulas formativas gratuitas dentro del ciclo Jueves Emprendedores sobre <strong>\u00abFotograf\u00eda con m\u00f3vil para Instagram\u00bb<\/strong> y <strong>\u00abEstrategias de marketing digital en Instagram\u00bb.<\/strong><\/p>\n<p><a href=\"https:\/\/www.conselharan.org\/wp-content\/uploads\/2019\/05\/Dijaus-emprenedors-maig-2019-1.jpg\"><img loading=\"lazy\" decoding=\"async\" class=\"aligncenter size-large wp-image-28554\" src=\"https:\/\/www.conselharan.org\/wp-content\/uploads\/2019\/05\/Dijaus-emprenedors-maig-2019-1-724x1024.jpg\" alt=\"\" width=\"724\" height=\"1024\" srcset=\"https:\/\/www.conselharan.org\/wp-content\/uploads\/2019\/05\/Dijaus-emprenedors-maig-2019-1-724x1024.jpg 724w, https:\/\/www.conselharan.org\/wp-content\/uploads\/2019\/05\/Dijaus-emprenedors-maig-2019-1-212x300.jpg 212w, https:\/\/www.conselharan.org\/wp-content\/uploads\/2019\/05\/Dijaus-emprenedors-maig-2019-1-768x1087.jpg 768w\" sizes=\"(max-width: 724px) 100vw, 724px\" \/><\/a><\/p>\n<p>Las c\u00e1psulas ir\u00e1n a cargo de <strong>Xavier Mitjana Agust\u00ed<\/strong>, Graduado en Comunicaci\u00f3n y Periodismo Audiovisual y director de proyectos de Becommo agencia de dise\u00f1o estrat\u00e9gico y comunicaci\u00f3n.<\/p>\n<p>La c\u00e1psula Fotograf\u00eda con m\u00f3vil para Instagram, ser\u00e1 de <strong>10.00 a 12.00h<\/strong>, y la segunda Estrategias de marketing digital en Instagram ser\u00e1 de <strong>12.00 a 14.00h<\/strong>.<\/p>\n<p>Las c\u00e1psulas formativas se imparten en el CEI Val d\u2019Aran de Casau, Plaza Naua, 1, y est\u00e1n organizadas por el mismo CEI Val d\u2019Aran y el Conselh Generau d\u2019Aran en colaboraci\u00f3n con la Diputaci\u00f3n de Lleida y GlobaLleida, con el apoyo del Departamento de Empresa i Ocupaci\u00f3 de la Generalitat de Catalunya, Catalunya Empr\u00e8n y el Fondo Social Europeo.<\/p>\n<p>Las inscripciones para participar en estas nuevas c\u00e1psulas formativas se pueden formalizar a www.ceivaldaran.org, o en el enlace correspondiente de la web del Conselh Generau d\u2019Aran www.aran.org y tambi\u00e9n llamando al Telf. 973 64 18 01.<\/p>\n<p>Las c\u00e1psulas del CEI Val d\u2019Aran son gratuitas y se dirigen a todas las personas o empresas interesadas en ampliar su formaci\u00f3n. Todas las personas inscritas deber\u00e1n llevar el DNI, NIE o fotocopia del documento.<\/p>\n<p>&nbsp;<\/p>\n ","protected":false},"excerpt":{"rendered":"<p>Vielha, 6 de mayo de 2019.- El pr\u00f3ximo jueves 30 de mayo el CEI Val d\u2019Aran organiza dos nuevas c\u00e1psulas formativas gratuitas dentro del ciclo Jueves Emprendedores sobre \u00abFotograf\u00eda con m\u00f3vil para Instagram\u00bb y \u00abEstrategias de marketing digital en Instagram\u00bb. Las c\u00e1psulas ir\u00e1n a cargo de Xavier Mitjana Agust\u00ed, Graduado en Comunicaci\u00f3n y Periodismo Audiovisual&#8230;<\/p>\n","protected":false},"author":2,"featured_media":28554,"comment_status":"closed","ping_status":"closed","sticky":false,"template":"","format":"standard","meta":{"footnotes":""},"categories":[52],"tags":[],"_links":{"self":[{"href":"https:\/\/www.conselharan.org\/es\/wp-json\/wp\/v2\/posts\/28558"}],"collection":[{"href":"https:\/\/www.conselharan.org\/es\/wp-json\/wp\/v2\/posts"}],"about":[{"href":"https:\/\/www.conselharan.org\/es\/wp-json\/wp\/v2\/types\/post"}],"author":[{"embeddable":true,"href":"https:\/\/www.conselharan.org\/es\/wp-json\/wp\/v2\/users\/2"}],"replies":[{"embeddable":true,"href":"https:\/\/www.conselharan.org\/es\/wp-json\/wp\/v2\/comments?post=28558"}],"version-history":[{"count":1,"href":"https:\/\/www.conselharan.org\/es\/wp-json\/wp\/v2\/posts\/28558\/revisions"}],"predecessor-version":[{"id":28559,"href":"https:\/\/www.conselharan.org\/es\/wp-json\/wp\/v2\/posts\/28558\/revisions\/28559"}],"wp:featuredmedia":[{"embeddable":true,"href":"https:\/\/www.conselharan.org\/es\/wp-json\/wp\/v2\/media\/28554"}],"wp:attachment":[{"href":"https:\/\/www.conselharan.org\/es\/wp-json\/wp\/v2\/media?parent=28558"}],"wp:term":[{"taxonomy":"category","embeddable":true,"href":"https:\/\/www.conselharan.org\/es\/wp-json\/wp\/v2\/categories?post=28558"},{"taxonomy":"post_tag","embeddable":true,"href":"https:\/\/www.conselharan.org\/es\/wp-json\/wp\/v2\/tags?post=28558"}],"curies":[{"name":"wp","href":"https:\/\/api.w.org\/{rel}","templated":true}]}}