{"id":28777,"date":"2019-05-21T12:21:24","date_gmt":"2019-05-21T10:21:24","guid":{"rendered":"https:\/\/www.conselharan.org\/?p=28777"},"modified":"2019-05-21T14:04:54","modified_gmt":"2019-05-21T12:04:54","slug":"los-nadadores-del-vielha-swim-team-ari-boya-jaquet-y-bertrand-sirat-calvo-terceros-con-la-seleccion-de-lleida-en-la-final-por-delegaciones-de-catalunya","status":"publish","type":"post","link":"https:\/\/www.conselharan.org\/es\/los-nadadores-del-vielha-swim-team-ari-boya-jaquet-y-bertrand-sirat-calvo-terceros-con-la-seleccion-de-lleida-en-la-final-por-delegaciones-de-catalunya\/","title":{"rendered":"Los nadadores del Vielha Swim Team, Ari Boya Jaquet y Bertrand Sirat Calvo, terceros con la selecci\u00f3n de Lleida en la Final por Delegaciones de Catalunya"},"content":{"rendered":"<p><a href=\"https:\/\/www.conselharan.org\/es-nedadors-deth-vielha-swim-team-ari-boya-jaquet-e-bertrand-sirat-calvo-tresaus-damb-era-seleccion-de-lleida-ena-finau-per-delegacions-de-catalunya\/thumbnail-36\/\" rel=\"attachment wp-att-28771\"><img loading=\"lazy\" decoding=\"async\" class=\"aligncenter size-large wp-image-28771\" src=\"https:\/\/www.conselharan.org\/wp-content\/uploads\/2019\/05\/thumbnail-20-1024x1024.jpg\" alt=\"\" width=\"1024\" height=\"1024\" srcset=\"https:\/\/www.conselharan.org\/wp-content\/uploads\/2019\/05\/thumbnail-20-1024x1024.jpg 1024w, https:\/\/www.conselharan.org\/wp-content\/uploads\/2019\/05\/thumbnail-20-150x150.jpg 150w, https:\/\/www.conselharan.org\/wp-content\/uploads\/2019\/05\/thumbnail-20-300x300.jpg 300w, https:\/\/www.conselharan.org\/wp-content\/uploads\/2019\/05\/thumbnail-20-768x768.jpg 768w, https:\/\/www.conselharan.org\/wp-content\/uploads\/2019\/05\/thumbnail-20-270x270.jpg 270w, https:\/\/www.conselharan.org\/wp-content\/uploads\/2019\/05\/thumbnail-20-207x207.jpg 207w, https:\/\/www.conselharan.org\/wp-content\/uploads\/2019\/05\/thumbnail-20-75x75.jpg 75w, https:\/\/www.conselharan.org\/wp-content\/uploads\/2019\/05\/thumbnail-20.jpg 1080w\" sizes=\"(max-width: 1024px) 100vw, 1024px\" \/><\/a><\/p>\n<p>&nbsp;<\/p>\n<p>Los nadadores araneses del <strong>Vielha Swim Team<\/strong>: <strong>Ari Boya<\/strong> y <strong>Bertrand Sirat<\/strong>, participaron el pasado fin de semana, 18 y 19 de mayo, con la selecci\u00f3n de Lleida en la Final por Delegaciones de Catalunya que se disput\u00f3 en las piscinas Win Complejo Deportivo de Tortosa, con la participaci\u00f3n de 943 nadadoras y nadadores de clubs catalanes.<\/p>\n<p>&nbsp;<\/p>\n<p><a href=\"https:\/\/www.conselharan.org\/es-nedadors-deth-vielha-swim-team-ari-boya-jaquet-e-bertrand-sirat-calvo-tresaus-damb-era-seleccion-de-lleida-ena-finau-per-delegacions-de-catalunya\/thumbnail-2-12\/\" rel=\"attachment wp-att-28769\"><img loading=\"lazy\" decoding=\"async\" class=\"aligncenter size-large wp-image-28769\" src=\"https:\/\/www.conselharan.org\/wp-content\/uploads\/2019\/05\/thumbnail-2-2-1024x768.jpg\" alt=\"\" width=\"1024\" height=\"768\" srcset=\"https:\/\/www.conselharan.org\/wp-content\/uploads\/2019\/05\/thumbnail-2-2-1024x768.jpg 1024w, https:\/\/www.conselharan.org\/wp-content\/uploads\/2019\/05\/thumbnail-2-2-300x225.jpg 300w, https:\/\/www.conselharan.org\/wp-content\/uploads\/2019\/05\/thumbnail-2-2-768x576.jpg 768w, https:\/\/www.conselharan.org\/wp-content\/uploads\/2019\/05\/thumbnail-2-2.jpg 1080w\" sizes=\"(max-width: 1024px) 100vw, 1024px\" \/><\/a><\/p>\n<p>&nbsp;<\/p>\n<p>La selecci\u00f3n de Lleida particip\u00f3 con 44 nadadores pertenecientes al CN Cervera, Club Inefc- Lleida, CN T\u00e0rrega, CN Lleida, CEN Balaguer, Vielha Swim Team y CN Mollerussa en las categor\u00edas benjamina y alevina, consiguiendo el tercer lugar del podio de la clasificaci\u00f3n general por equipos.<\/p>\n<p>&nbsp;<\/p>\n<p><a href=\"https:\/\/www.conselharan.org\/es-nedadors-deth-vielha-swim-team-ari-boya-jaquet-e-bertrand-sirat-calvo-tresaus-damb-era-seleccion-de-lleida-ena-finau-per-delegacions-de-catalunya\/thumbnail-1-14\/\" rel=\"attachment wp-att-28768\"><img loading=\"lazy\" decoding=\"async\" class=\"aligncenter size-large wp-image-28768\" src=\"https:\/\/www.conselharan.org\/wp-content\/uploads\/2019\/05\/thumbnail-1-3-1024x1024.jpg\" alt=\"\" width=\"1024\" height=\"1024\" srcset=\"https:\/\/www.conselharan.org\/wp-content\/uploads\/2019\/05\/thumbnail-1-3-1024x1024.jpg 1024w, https:\/\/www.conselharan.org\/wp-content\/uploads\/2019\/05\/thumbnail-1-3-150x150.jpg 150w, https:\/\/www.conselharan.org\/wp-content\/uploads\/2019\/05\/thumbnail-1-3-300x300.jpg 300w, https:\/\/www.conselharan.org\/wp-content\/uploads\/2019\/05\/thumbnail-1-3-768x768.jpg 768w, https:\/\/www.conselharan.org\/wp-content\/uploads\/2019\/05\/thumbnail-1-3-270x270.jpg 270w, https:\/\/www.conselharan.org\/wp-content\/uploads\/2019\/05\/thumbnail-1-3-207x207.jpg 207w, https:\/\/www.conselharan.org\/wp-content\/uploads\/2019\/05\/thumbnail-1-3-75x75.jpg 75w, https:\/\/www.conselharan.org\/wp-content\/uploads\/2019\/05\/thumbnail-1-3.jpg 1045w\" sizes=\"(max-width: 1024px) 100vw, 1024px\" \/><\/a><\/p>\n<p>&nbsp;<\/p>\n<p>El equipo de Girosona se llev\u00f3 la medalla de oro y el equipo de Tarragona la de plata.<\/p>\n<p>&nbsp;<\/p>\n<p>&nbsp;<\/p>\n<p>&nbsp;<\/p>\n<p>&nbsp;<\/p>\n<p>&nbsp;<\/p>\n<p>&nbsp;<\/p>\n<p>Vielha, 21 de mayo de 2019<\/p>\n<p>&nbsp;<\/p>\n<p><em>Conselh Generau d&#8217;Aran: N\u00faria Sanjuan<\/em><\/p>\n<p><em>Informaci\u00f3n y fotos: Vielha Swim Team\u00a0<\/em><\/p>\n ","protected":false},"excerpt":{"rendered":"<p>&nbsp; Los nadadores araneses del Vielha Swim Team: Ari Boya y Bertrand Sirat, participaron el pasado fin de semana, 18 y 19 de mayo, con la selecci\u00f3n de Lleida en la Final por Delegaciones de Catalunya que se disput\u00f3 en las piscinas Win Complejo Deportivo de Tortosa, con la participaci\u00f3n de 943 nadadoras y nadadores&#8230;<\/p>\n","protected":false},"author":2,"featured_media":28775,"comment_status":"closed","ping_status":"closed","sticky":false,"template":"","format":"standard","meta":{"footnotes":""},"categories":[135],"tags":[],"_links":{"self":[{"href":"https:\/\/www.conselharan.org\/es\/wp-json\/wp\/v2\/posts\/28777"}],"collection":[{"href":"https:\/\/www.conselharan.org\/es\/wp-json\/wp\/v2\/posts"}],"about":[{"href":"https:\/\/www.conselharan.org\/es\/wp-json\/wp\/v2\/types\/post"}],"author":[{"embeddable":true,"href":"https:\/\/www.conselharan.org\/es\/wp-json\/wp\/v2\/users\/2"}],"replies":[{"embeddable":true,"href":"https:\/\/www.conselharan.org\/es\/wp-json\/wp\/v2\/comments?post=28777"}],"version-history":[{"count":2,"href":"https:\/\/www.conselharan.org\/es\/wp-json\/wp\/v2\/posts\/28777\/revisions"}],"predecessor-version":[{"id":28781,"href":"https:\/\/www.conselharan.org\/es\/wp-json\/wp\/v2\/posts\/28777\/revisions\/28781"}],"wp:featuredmedia":[{"embeddable":true,"href":"https:\/\/www.conselharan.org\/es\/wp-json\/wp\/v2\/media\/28775"}],"wp:attachment":[{"href":"https:\/\/www.conselharan.org\/es\/wp-json\/wp\/v2\/media?parent=28777"}],"wp:term":[{"taxonomy":"category","embeddable":true,"href":"https:\/\/www.conselharan.org\/es\/wp-json\/wp\/v2\/categories?post=28777"},{"taxonomy":"post_tag","embeddable":true,"href":"https:\/\/www.conselharan.org\/es\/wp-json\/wp\/v2\/tags?post=28777"}],"curies":[{"name":"wp","href":"https:\/\/api.w.org\/{rel}","templated":true}]}}