{"id":2891,"date":"2014-02-18T12:25:24","date_gmt":"2014-02-18T11:25:24","guid":{"rendered":"http:\/\/www.conselharan.org\/?p=2891"},"modified":"2014-03-19T13:59:03","modified_gmt":"2014-03-19T12:59:03","slug":"dusau-fasa-copa-espanha-gp-espot-esqui","status":"publish","type":"post","link":"https:\/\/www.conselharan.org\/es\/dusau-fasa-copa-espanha-gp-espot-esqui\/","title":{"rendered":"Dusau fasa Copa Espanha &#8211; GP Espot Esqui"},"content":{"rendered":"<p><a href=\"http:\/\/www.conselharan.org\/wp-content\/uploads\/2014\/02\/Marc-Montes1.jpg\"><img loading=\"lazy\" decoding=\"async\" class=\"size-full wp-image-2899 alignnone\" alt=\"Marc Montes\" src=\"http:\/\/www.conselharan.org\/wp-content\/uploads\/2014\/02\/Marc-Montes1.jpg\" width=\"1000\" height=\"667\" srcset=\"https:\/\/www.conselharan.org\/wp-content\/uploads\/2014\/02\/Marc-Montes1.jpg 1000w, https:\/\/www.conselharan.org\/wp-content\/uploads\/2014\/02\/Marc-Montes1-300x200.jpg 300w\" sizes=\"(max-width: 1000px) 100vw, 1000px\" \/><\/a><\/p>\n<p>&nbsp;<\/p>\n<p><strong>Era dimenjada passada se celebr\u00e8c ena estacion d&#8217;esqu\u00ed d&#8217;Espot era 2au Fasa dera Copa Espanha U16 amassa damb eth Gran Pr\u00e8mi Espot Esqu\u00ed.<\/strong><\/p>\n<p><strong>Ana Iriondo<\/strong>, deth club aran\u00e9s\u00a0<strong>CEVA,<\/strong>\u00a0artenhec era prum\u00e8ra posicion en un des dus Sup\u00e8r Gigants disputadi eth diuendres, ath temps qu&#8217;eth s\u00f2n companh d&#8217;equip, er aran\u00e9s\u00a0<strong>Marc Montes<\/strong>, demor\u00e8c 7au ena Copa Espanha e 3au ena Liga Catalana.<\/p>\n<p><span style=\"line-height: 1.5em;\">Es pr\u00f2ves se disput\u00e8ren en ues condicions complicades de visibilitat e en ues pistes exigentes, era quau causa obligu\u00e8c as corredors a un naut niv\u00e8u d&#8217;esqu\u00ed.\u00a0<\/span><\/p>\n ","protected":false},"excerpt":{"rendered":"<p>&nbsp; Era dimenjada passada se celebr\u00e8c ena estacion d&#8217;esqu\u00ed d&#8217;Espot era 2au Fasa dera Copa Espanha U16 amassa damb eth Gran Pr\u00e8mi Espot Esqu\u00ed. Ana Iriondo, deth club aran\u00e9s\u00a0CEVA,\u00a0artenhec era prum\u00e8ra posicion en un des dus Sup\u00e8r Gigants disputadi eth diuendres, ath temps qu&#8217;eth s\u00f2n companh d&#8217;equip, er aran\u00e9s\u00a0Marc Montes, demor\u00e8c 7au ena Copa Espanha&#8230;<\/p>\n","protected":false},"author":1,"featured_media":2899,"comment_status":"closed","ping_status":"closed","sticky":false,"template":"","format":"standard","meta":{"footnotes":""},"categories":[1],"tags":[],"_links":{"self":[{"href":"https:\/\/www.conselharan.org\/es\/wp-json\/wp\/v2\/posts\/2891"}],"collection":[{"href":"https:\/\/www.conselharan.org\/es\/wp-json\/wp\/v2\/posts"}],"about":[{"href":"https:\/\/www.conselharan.org\/es\/wp-json\/wp\/v2\/types\/post"}],"author":[{"embeddable":true,"href":"https:\/\/www.conselharan.org\/es\/wp-json\/wp\/v2\/users\/1"}],"replies":[{"embeddable":true,"href":"https:\/\/www.conselharan.org\/es\/wp-json\/wp\/v2\/comments?post=2891"}],"version-history":[{"count":4,"href":"https:\/\/www.conselharan.org\/es\/wp-json\/wp\/v2\/posts\/2891\/revisions"}],"predecessor-version":[{"id":2902,"href":"https:\/\/www.conselharan.org\/es\/wp-json\/wp\/v2\/posts\/2891\/revisions\/2902"}],"wp:featuredmedia":[{"embeddable":true,"href":"https:\/\/www.conselharan.org\/es\/wp-json\/wp\/v2\/media\/2899"}],"wp:attachment":[{"href":"https:\/\/www.conselharan.org\/es\/wp-json\/wp\/v2\/media?parent=2891"}],"wp:term":[{"taxonomy":"category","embeddable":true,"href":"https:\/\/www.conselharan.org\/es\/wp-json\/wp\/v2\/categories?post=2891"},{"taxonomy":"post_tag","embeddable":true,"href":"https:\/\/www.conselharan.org\/es\/wp-json\/wp\/v2\/tags?post=2891"}],"curies":[{"name":"wp","href":"https:\/\/api.w.org\/{rel}","templated":true}]}}