{"id":2925,"date":"2014-02-18T13:23:39","date_gmt":"2014-02-18T12:23:39","guid":{"rendered":"http:\/\/www.conselharan.org\/?p=2925"},"modified":"2014-02-28T13:26:45","modified_gmt":"2014-02-28T12:26:45","slug":"endesa-invierte-400-000-euros-en-infraestructuras-danadas-por-las-inundaciones-de-aran","status":"publish","type":"post","link":"https:\/\/www.conselharan.org\/es\/endesa-invierte-400-000-euros-en-infraestructuras-danadas-por-las-inundaciones-de-aran\/","title":{"rendered":"Endesa invierte 400.000 euros en infraestructuras da\u00f1adas por las inundaciones de Aran"},"content":{"rendered":"<p><a href=\"http:\/\/www.conselharan.org\/wp-content\/uploads\/2014\/02\/CONVENI-CGA-F.ENDESA.jpg\"><img loading=\"lazy\" decoding=\"async\" class=\"aligncenter size-large wp-image-2922\" alt=\"CONVENI CGA-F.ENDESA\" src=\"http:\/\/www.conselharan.org\/wp-content\/uploads\/2014\/02\/CONVENI-CGA-F.ENDESA-1024x753.jpg\" width=\"1024\" height=\"753\" srcset=\"https:\/\/www.conselharan.org\/wp-content\/uploads\/2014\/02\/CONVENI-CGA-F.ENDESA-1024x753.jpg 1024w, https:\/\/www.conselharan.org\/wp-content\/uploads\/2014\/02\/CONVENI-CGA-F.ENDESA-300x220.jpg 300w\" sizes=\"(max-width: 1024px) 100vw, 1024px\" \/><\/a> <a href=\"http:\/\/www.conselharan.org\/wp-content\/uploads\/2014\/02\/CONVENI-CGA-F.ENDESA.jpg2_.jpg\"><br \/>\n<\/a><\/p>\n<p>&nbsp;<\/p>\n<p><strong>La Fundaci\u00f3n Endesa destinar\u00e1 400.000 euros en la Val d&#8217;Aran a la reconstrucci\u00f3n de las principales infraestructuras da\u00f1adas por las inundaciones de junio del a\u00f1o pasado.<\/strong><\/p>\n<p>El presidente de la fundaci\u00f3n,\u00a0<strong>Rafael Miranda\u00a0<\/strong>y el sindic d\u2019Aran,\u00a0<strong>Carlos Barrera,<\/strong>\u00a0firmaron ayer lunes el convenio de colaboraci\u00f3n que regula la aportaci\u00f3n y que tiene una vigencia de un a\u00f1o.<\/p>\n<p><strong>\u201cLa voluntat de ambas partes es continuar con este convenio de colaboraci\u00f3n para las siguientes anualidades estableciendo una Comisi\u00f3n Mixta de seguimiento en donde se negociar\u00e1n nuevas aportaciones econ\u00f3micas y en qu\u00e9 puntos se debe invertir. Al final de esta colaboraci\u00f3n se podr\u00eda llegar a la cifra de un mill\u00f3n de euros\u201d<\/strong>\u00a0ha manifestado<strong>\u00a0Carlos Barrera<\/strong>, sindic d\u2019Aran.<\/p>\n<p>La Fundaci\u00f3n coopera en iniciativas de car\u00e1cter social en los territorios en las que desarrolla su actividad industrial promoviendo la adecuaci\u00f3n paisaj\u00edstica de espacios naturales protegidos.<\/p>\n<p>Endesa est\u00e1 implantada en la cuenca del r\u00edo Garona y ha mantenido en su dilatada presencia una pol\u00edtica activa y de apoyo econ\u00f3mico en proyectos de \u00e1mbito cultural, econ\u00f3mico y social.<\/p>\n<p>Durante las inundaciones, Endesa activ\u00f3 su plan operativo de emergencias y destin\u00f3 dos helic\u00f3pteros para desplazar a operarios y material el\u00e9ctrico hasta los puntos del territorio donde las v\u00edas de acceso estaban incomunicadas.<\/p>\n<p>Entonces instal\u00f3 doce grupos electr\u00f3genos para garantizar el suministro y a trav\u00e9s del ej\u00e9rcito y pidi\u00f3 a la Unidad Militar de Emergencias que helic\u00f3pteros de gran capacidad de carga &#8211;un Cougar y un Chinook&#8211; transportaran los grupos electr\u00f3genos m\u00e1s pesados a puntos donde no se pod\u00eda acceder de otra manera.<\/p>\n<p>De este modo, lleg\u00f3 a movilizar un centenar de t\u00e9cnicos y operarios en los trabajos de reposici\u00f3n del suministro y reparaci\u00f3n o reconstrucci\u00f3n de infraestructuras el\u00e9ctricas.<\/p>\n<p><a href=\"http:\/\/www.conselharan.org\/wp-content\/uploads\/2014\/02\/CONVENI-CGA-F.ENDESA.jpg2_.jpg\"><img loading=\"lazy\" decoding=\"async\" alt=\"CONVENI CGA-F.ENDESA.jpg2\" src=\"http:\/\/www.conselharan.org\/wp-content\/uploads\/2014\/02\/CONVENI-CGA-F.ENDESA.jpg2_.jpg\" width=\"1000\" height=\"750\" \/><\/a><\/p>\n ","protected":false},"excerpt":{"rendered":"<p>&nbsp; La Fundaci\u00f3n Endesa destinar\u00e1 400.000 euros en la Val d&#8217;Aran a la reconstrucci\u00f3n de las principales infraestructuras da\u00f1adas por las inundaciones de junio del a\u00f1o pasado. El presidente de la fundaci\u00f3n,\u00a0Rafael Miranda\u00a0y el sindic d\u2019Aran,\u00a0Carlos Barrera,\u00a0firmaron ayer lunes el convenio de colaboraci\u00f3n que regula la aportaci\u00f3n y que tiene una vigencia de un a\u00f1o&#8230;.<\/p>\n","protected":false},"author":1,"featured_media":2922,"comment_status":"closed","ping_status":"closed","sticky":false,"template":"","format":"standard","meta":{"footnotes":""},"categories":[30,52,37],"tags":[],"_links":{"self":[{"href":"https:\/\/www.conselharan.org\/es\/wp-json\/wp\/v2\/posts\/2925"}],"collection":[{"href":"https:\/\/www.conselharan.org\/es\/wp-json\/wp\/v2\/posts"}],"about":[{"href":"https:\/\/www.conselharan.org\/es\/wp-json\/wp\/v2\/types\/post"}],"author":[{"embeddable":true,"href":"https:\/\/www.conselharan.org\/es\/wp-json\/wp\/v2\/users\/1"}],"replies":[{"embeddable":true,"href":"https:\/\/www.conselharan.org\/es\/wp-json\/wp\/v2\/comments?post=2925"}],"version-history":[{"count":1,"href":"https:\/\/www.conselharan.org\/es\/wp-json\/wp\/v2\/posts\/2925\/revisions"}],"predecessor-version":[{"id":2926,"href":"https:\/\/www.conselharan.org\/es\/wp-json\/wp\/v2\/posts\/2925\/revisions\/2926"}],"wp:featuredmedia":[{"embeddable":true,"href":"https:\/\/www.conselharan.org\/es\/wp-json\/wp\/v2\/media\/2922"}],"wp:attachment":[{"href":"https:\/\/www.conselharan.org\/es\/wp-json\/wp\/v2\/media?parent=2925"}],"wp:term":[{"taxonomy":"category","embeddable":true,"href":"https:\/\/www.conselharan.org\/es\/wp-json\/wp\/v2\/categories?post=2925"},{"taxonomy":"post_tag","embeddable":true,"href":"https:\/\/www.conselharan.org\/es\/wp-json\/wp\/v2\/tags?post=2925"}],"curies":[{"name":"wp","href":"https:\/\/api.w.org\/{rel}","templated":true}]}}