{"id":29712,"date":"2019-08-02T10:43:56","date_gmt":"2019-08-02T08:43:56","guid":{"rendered":"https:\/\/www.conselharan.org\/?p=29712"},"modified":"2019-08-02T10:43:56","modified_gmt":"2019-08-02T08:43:56","slug":"nuevo-ciclo-de-verano-del-romanic-musicau-en-el-valle-de-aran","status":"publish","type":"post","link":"https:\/\/www.conselharan.org\/es\/nuevo-ciclo-de-verano-del-romanic-musicau-en-el-valle-de-aran\/","title":{"rendered":"Nuevo ciclo de verano del Romanic Musicau en el Valle de Aran"},"content":{"rendered":"<p><a href=\"https:\/\/www.conselharan.org\/wp-content\/uploads\/2019\/08\/0001.jpg\"><img loading=\"lazy\" decoding=\"async\" class=\"aligncenter wp-image-29709 size-large\" src=\"https:\/\/www.conselharan.org\/wp-content\/uploads\/2019\/08\/0001-724x1024.jpg\" alt=\"\" width=\"724\" height=\"1024\" srcset=\"https:\/\/www.conselharan.org\/wp-content\/uploads\/2019\/08\/0001-724x1024.jpg 724w, https:\/\/www.conselharan.org\/wp-content\/uploads\/2019\/08\/0001-212x300.jpg 212w, https:\/\/www.conselharan.org\/wp-content\/uploads\/2019\/08\/0001-768x1086.jpg 768w\" sizes=\"(max-width: 724px) 100vw, 724px\" \/><\/a><\/p>\n<ul>\n<li>\n<h3><strong>Un total de 5 iglesias mostrar\u00e1n su patrimonio, con proyecciones comentadas por una historiadora, seguida de un concierto de m\u00fasica cl\u00e1sica<\/strong><\/h3>\n<\/li>\n<li>\n<h3><strong>5 formaciones de concertistas llenar\u00e1n de m\u00fasica cl\u00e1sica cada una de las iglesias escogidas por el presente ciclo Rom\u00e1nico Musical <\/strong><\/h3>\n<\/li>\n<\/ul>\n<p>El <strong>Conselh Generau d\u2019Aran<\/strong> y <strong>Foment Torisme Val de\u2019Aran<\/strong>, con la colaboraci\u00f3n del <strong>Arzobispado del Valle de Ar\u00e1n<\/strong>, organizan la <strong>21\u00aa edici\u00f3n<\/strong> del ciclo de visitas y concierto \u201c<strong>Romanic Musicau<\/strong>\u201d.<\/p>\n<p>Con estas <strong>visitas nocturnas a las iglesias aranesas y el posterior concierto<\/strong> no solo se pone en valor el territorio, sino tambi\u00e9n la oferta de actividades l\u00fadico-culturales.<\/p>\n<p>\u201c<strong>Romanic Musicau<\/strong>\u201d es una actividad que llega a su 21\u00aa edici\u00f3n con <strong>nuevas historias sobre los monumentos y con grupos musicales que complementan la explicaci\u00f3n de la historiadora<\/strong> que, con apoyo de im\u00e1genes e indicaciones de la misma iglesia, desarrolla la historia con el transcurso de los a\u00f1os. Una<strong> contextualizaci\u00f3n del edificio<\/strong> que sirve para facilitar informaci\u00f3n sobre el paso del tiempo y c\u00f3mo ha afectado al monumento y su entorno. Vemos como el g\u00f3tico y el rom\u00e1nico se dan la mano para acabar dando paso al esplendor de las pinturas los muros, techos y objetos que nos hablan de la forma de vida y el sentir de la \u00e9poca.<\/p>\n<p><strong>San Andreu de Salard\u00fa la 2 de agosto, San Blai de Las la 9 de agosto, Santa Eul\u00e0lia de Unha la 16 de agosto, la Purificaci\u00f3n de Maria de Boss\u00f2st la 23 de agosto y San Miqu\u00e8u de Vielha la 30 de agosto<\/strong> configuran la programaci\u00f3n del ciclo de verano, que cuenta con 16 m\u00fasicos que realizar\u00e1n conciertos de m\u00fasica cl\u00e1sica en las diferentes iglesias.<\/p>\n<p>Un proyecto que re\u00fane diferente p\u00fablico, habitantes de la Val d\u2019Aran y turistas, que disfrutar\u00e1n de un espacio \u00fanico dentro de la oferta cultural gratuita que ofrecen el Conselh y Foment Torisme Val d\u2019Aran.<\/p>\n ","protected":false},"excerpt":{"rendered":"<p>Un total de 5 iglesias mostrar\u00e1n su patrimonio, con proyecciones comentadas por una historiadora, seguida de un concierto de m\u00fasica cl\u00e1sica 5 formaciones de concertistas llenar\u00e1n de m\u00fasica cl\u00e1sica cada una de las iglesias escogidas por el presente ciclo Rom\u00e1nico Musical El Conselh Generau d\u2019Aran y Foment Torisme Val de\u2019Aran, con la colaboraci\u00f3n del Arzobispado&#8230;<\/p>\n","protected":false},"author":10,"featured_media":29709,"comment_status":"closed","ping_status":"closed","sticky":false,"template":"","format":"standard","meta":{"footnotes":""},"categories":[34],"tags":[230,231,165,229,228],"_links":{"self":[{"href":"https:\/\/www.conselharan.org\/es\/wp-json\/wp\/v2\/posts\/29712"}],"collection":[{"href":"https:\/\/www.conselharan.org\/es\/wp-json\/wp\/v2\/posts"}],"about":[{"href":"https:\/\/www.conselharan.org\/es\/wp-json\/wp\/v2\/types\/post"}],"author":[{"embeddable":true,"href":"https:\/\/www.conselharan.org\/es\/wp-json\/wp\/v2\/users\/10"}],"replies":[{"embeddable":true,"href":"https:\/\/www.conselharan.org\/es\/wp-json\/wp\/v2\/comments?post=29712"}],"version-history":[{"count":1,"href":"https:\/\/www.conselharan.org\/es\/wp-json\/wp\/v2\/posts\/29712\/revisions"}],"predecessor-version":[{"id":29714,"href":"https:\/\/www.conselharan.org\/es\/wp-json\/wp\/v2\/posts\/29712\/revisions\/29714"}],"wp:featuredmedia":[{"embeddable":true,"href":"https:\/\/www.conselharan.org\/es\/wp-json\/wp\/v2\/media\/29709"}],"wp:attachment":[{"href":"https:\/\/www.conselharan.org\/es\/wp-json\/wp\/v2\/media?parent=29712"}],"wp:term":[{"taxonomy":"category","embeddable":true,"href":"https:\/\/www.conselharan.org\/es\/wp-json\/wp\/v2\/categories?post=29712"},{"taxonomy":"post_tag","embeddable":true,"href":"https:\/\/www.conselharan.org\/es\/wp-json\/wp\/v2\/tags?post=29712"}],"curies":[{"name":"wp","href":"https:\/\/api.w.org\/{rel}","templated":true}]}}