{"id":29970,"date":"2019-08-16T13:38:33","date_gmt":"2019-08-16T11:38:33","guid":{"rendered":"https:\/\/www.conselharan.org\/romanic-musicau-ena-gleisa-de-santa-eulalia-de-unha-damb-eth-trio-bax\/"},"modified":"2019-08-16T13:41:49","modified_gmt":"2019-08-16T11:41:49","slug":"romanic-musicau-ena-gleisa-de-santa-eulalia-de-unha-damb-eth-trio-bax","status":"publish","type":"post","link":"https:\/\/www.conselharan.org\/es\/romanic-musicau-ena-gleisa-de-santa-eulalia-de-unha-damb-eth-trio-bax\/","title":{"rendered":"Rom\u00e1nico Musical en la iglesia de Santa Eulalia de Unha con el Trio Bax"},"content":{"rendered":"<p><a href=\"https:\/\/www.conselharan.org\/wp-content\/uploads\/2019\/08\/Trio_Bax_dia_16_agosto.jpg\"><img loading=\"lazy\" decoding=\"async\" class=\"aligncenter wp-image-29967 size-full\" src=\"https:\/\/www.conselharan.org\/wp-content\/uploads\/2019\/08\/Trio_Bax_dia_16_agosto.jpg\" alt=\"\" width=\"1140\" height=\"249\" srcset=\"https:\/\/www.conselharan.org\/wp-content\/uploads\/2019\/08\/Trio_Bax_dia_16_agosto.jpg 1140w, https:\/\/www.conselharan.org\/wp-content\/uploads\/2019\/08\/Trio_Bax_dia_16_agosto-300x66.jpg 300w, https:\/\/www.conselharan.org\/wp-content\/uploads\/2019\/08\/Trio_Bax_dia_16_agosto-768x168.jpg 768w, https:\/\/www.conselharan.org\/wp-content\/uploads\/2019\/08\/Trio_Bax_dia_16_agosto-1024x224.jpg 1024w\" sizes=\"(max-width: 1140px) 100vw, 1140px\" \/><\/a><\/p>\n<ul>\n<li><strong>Este acto empezar\u00e1 con un video de explicaci\u00f3n y contextualizaci\u00f3n de la iglesia y continuar\u00e1 con el concierto <\/strong><\/li>\n<li><strong>El Trio\u00a0Bax\u00a0est\u00e1 formado por Roberto Casado a la flauta, Carlos Seco a la viola y Francesca di Nicola al arpa<\/strong><\/li>\n<\/ul>\n<p>Como cada viernes durante el mes de agosto, llega una nueva <strong>visita y concierto<\/strong> del ciclo de verano del <strong>Rom\u00e1nico Musical<\/strong>, organizado por el\u00a0<strong>Conselh\u00a0Generau d\u2019Aran<\/strong> y <strong>Foment\u00a0Torisme\u00a0Val d\u2019Aran<\/strong>, con la colaboraci\u00f3n del <strong>Arzobispado\u00a0de la Val d\u2019Aran<\/strong>. Hoy, a las <strong>22 horas<\/strong>, <strong>la iglesia Santa Eulalia de Unha<\/strong> acoger\u00e1 esta actividad cultural amenizada con la m\u00fasica del <strong>Trio\u00a0Bax<\/strong>.<\/p>\n<p>Este acto empezar\u00e1 con la proyecci\u00f3n de un <strong>video<\/strong>, realizado con la ayuda de la historiadora <strong>Elisa Ros<\/strong>, que contiene la <strong>descripci\u00f3n y contextualizaci\u00f3n de la iglesia<\/strong>, una explicaci\u00f3n que sirve para facilitar informaci\u00f3n sobre el <strong>paso del tiempo<\/strong> y c\u00f3mo ha afectado al <strong>monumento<\/strong> y a su <strong>entorno<\/strong>.<\/p>\n<p>A continuaci\u00f3n, tendr\u00e1 lugar el <strong>concierto ofrecido por el Trio\u00a0Bax<\/strong>, formado por<strong> Roberto Casado <\/strong>a la<strong> flauta, Carlos Seco <\/strong>a la<strong> viola <\/strong>y<strong> Francesca di Nicola <\/strong>al <strong>arpa.<\/strong><\/p>\n<p>Creado en 2018, en la sede de la Academia Internacional de M\u00fasica de Barcelona, el Trio\u00a0Constanza\u00a0nace con la voluntad de aproximar el repertorio catal\u00e1n y espa\u00f1ol de autores poco conocidos en el marco de programas que recrean el concierto como un hecho \u00fanico, original e irrepetible.<\/p>\n<p>Su <strong>programa<\/strong> para esta noche incluye las siguientes <strong>piezas<\/strong>:<\/p>\n<ul>\n<li>Arie e danze tedesche para flauta, viola y arpa, G. L. Tocchi<\/li>\n<li>Trio elegiaco para flauta, viola y arpa, A. Bax<\/li>\n<li>Petite Suite para flauta, viola y arpa, A. Jolivet<\/li>\n<li>Trio para flauta, viola y arpa, H. Genzmer<\/li>\n<\/ul>\n<p>&nbsp;<\/p>\n ","protected":false},"excerpt":{"rendered":"<p>Este acto empezar\u00e1 con un video de explicaci\u00f3n y contextualizaci\u00f3n de la iglesia y continuar\u00e1 con el concierto El Trio\u00a0Bax\u00a0est\u00e1 formado por Roberto Casado a la flauta, Carlos Seco a la viola y Francesca di Nicola al arpa Como cada viernes durante el mes de agosto, llega una nueva visita y concierto del ciclo de&#8230;<\/p>\n","protected":false},"author":10,"featured_media":29967,"comment_status":"closed","ping_status":"closed","sticky":false,"template":"","format":"standard","meta":{"footnotes":""},"categories":[34,137],"tags":[365,238,367,368,228],"_links":{"self":[{"href":"https:\/\/www.conselharan.org\/es\/wp-json\/wp\/v2\/posts\/29970"}],"collection":[{"href":"https:\/\/www.conselharan.org\/es\/wp-json\/wp\/v2\/posts"}],"about":[{"href":"https:\/\/www.conselharan.org\/es\/wp-json\/wp\/v2\/types\/post"}],"author":[{"embeddable":true,"href":"https:\/\/www.conselharan.org\/es\/wp-json\/wp\/v2\/users\/10"}],"replies":[{"embeddable":true,"href":"https:\/\/www.conselharan.org\/es\/wp-json\/wp\/v2\/comments?post=29970"}],"version-history":[{"count":2,"href":"https:\/\/www.conselharan.org\/es\/wp-json\/wp\/v2\/posts\/29970\/revisions"}],"predecessor-version":[{"id":29973,"href":"https:\/\/www.conselharan.org\/es\/wp-json\/wp\/v2\/posts\/29970\/revisions\/29973"}],"wp:featuredmedia":[{"embeddable":true,"href":"https:\/\/www.conselharan.org\/es\/wp-json\/wp\/v2\/media\/29967"}],"wp:attachment":[{"href":"https:\/\/www.conselharan.org\/es\/wp-json\/wp\/v2\/media?parent=29970"}],"wp:term":[{"taxonomy":"category","embeddable":true,"href":"https:\/\/www.conselharan.org\/es\/wp-json\/wp\/v2\/categories?post=29970"},{"taxonomy":"post_tag","embeddable":true,"href":"https:\/\/www.conselharan.org\/es\/wp-json\/wp\/v2\/tags?post=29970"}],"curies":[{"name":"wp","href":"https:\/\/api.w.org\/{rel}","templated":true}]}}