{"id":30071,"date":"2019-08-22T14:58:51","date_gmt":"2019-08-22T12:58:51","guid":{"rendered":"https:\/\/www.conselharan.org\/romanic-musicau-en-bossost-damb-eth-trio-orfeu\/"},"modified":"2019-08-23T15:35:50","modified_gmt":"2019-08-23T13:35:50","slug":"romanic-musicau-en-bossost-damb-eth-trio-orfeu","status":"publish","type":"post","link":"https:\/\/www.conselharan.org\/es\/romanic-musicau-en-bossost-damb-eth-trio-orfeu\/","title":{"rendered":"Rom\u00e1nico Musical en Boss\u00f2st con el Trio Orfeu"},"content":{"rendered":"<p><a href=\"https:\/\/www.conselharan.org\/wp-content\/uploads\/2019\/08\/Foto_Trio_Orfeu_dia_23_Agosto.jpg\"><img loading=\"lazy\" decoding=\"async\" class=\"aligncenter wp-image-30068 size-large\" src=\"https:\/\/www.conselharan.org\/wp-content\/uploads\/2019\/08\/Foto_Trio_Orfeu_dia_23_Agosto-1024x677.jpg\" alt=\"\" width=\"1024\" height=\"677\" srcset=\"https:\/\/www.conselharan.org\/wp-content\/uploads\/2019\/08\/Foto_Trio_Orfeu_dia_23_Agosto-1024x677.jpg 1024w, https:\/\/www.conselharan.org\/wp-content\/uploads\/2019\/08\/Foto_Trio_Orfeu_dia_23_Agosto-300x198.jpg 300w, https:\/\/www.conselharan.org\/wp-content\/uploads\/2019\/08\/Foto_Trio_Orfeu_dia_23_Agosto-768x508.jpg 768w, https:\/\/www.conselharan.org\/wp-content\/uploads\/2019\/08\/Foto_Trio_Orfeu_dia_23_Agosto.jpg 1139w\" sizes=\"(max-width: 1024px) 100vw, 1024px\" \/><\/a><\/p>\n<ul>\n<li>\n<h3><strong>El ciclo de verano del Rom\u00e1nico Musical est\u00e1 teniendo un gran \u00e9xito de asistencia<\/strong><\/h3>\n<\/li>\n<li>\n<h3><strong>El Trio Orfeu est\u00e1 formado por Joan Sancho al viol\u00edn, \u00d2nia Tom\u00e0s al violonchelo y Jordi Roure a la viola<\/strong><\/h3>\n<\/li>\n<\/ul>\n<p>Un viernes m\u00e1s llega la nueva visita y concierto del ciclo de verano del Rom\u00e1nico Musical, organizado por el <strong>Conselh Generau d\u2019Aran<\/strong> y <strong>Foment Torisme Val d\u2019Aran<\/strong>, con la colaboraci\u00f3n del Arzobispado de la Val d\u2019Aran. Ma\u00f1ana, <strong>23 de agosto, a las 22 horas<\/strong>, la <strong>Iglesia de la Purificaci\u00f3n de Maria de Boss\u00f2st<\/strong> acoger\u00e1 esta velada cultural amenizada por la m\u00fasica del <strong>Trio Orfeu<\/strong>.<\/p>\n<p>Este acto dar\u00e1 comienzo, como siempre, con la proyecci\u00f3n de un <strong>video<\/strong> realizado con la ayuda de la historiadora Elisa Ros, que contiene la <strong>descripci\u00f3n y contextualizaci\u00f3n de la iglesia<\/strong>, una explicaci\u00f3n que sirve para facilitar informaci\u00f3n sobre el <strong>paso del tiempo<\/strong> y c\u00f3mo ha afectado al <strong>monumento<\/strong> y su entorno.<\/p>\n<p>A continuaci\u00f3n, tendr\u00e1 lugar el <strong>concierto ofrecido por el Trio Orfeu<\/strong>, formado por <strong>Joan Sancho al viol\u00edn, \u00d2nia Tom\u00e0s al violonchelo y Jordi Roure a la viola<\/strong>.<\/p>\n<p>Su <strong>programa<\/strong> para ma\u00f1ana incluye las siguientes piezas:<\/p>\n<ul>\n<li><strong>Video comentado<\/strong> de introducci\u00f3n<\/li>\n<li><strong>Contextualizaci\u00f3n <\/strong>sobre la obra y vida de Bach<\/li>\n<li><strong>La Chaconna<\/strong>, relacionada con la muerte de la primera esposa de Bach.<\/li>\n<li><strong>La Ofrenda musical<\/strong> de Bach a Federico el Grande, una joya matem\u00e1tica.<\/li>\n<li><strong>Las Variaciones Goldberg<\/strong>, historia de esta obra y descubrimiento de su belleza \u201carquitect\u00f3nica\u201d.<\/li>\n<\/ul>\n<p>Las \u00faltimas noches del Rom\u00e1nico Musical han sido todo un \u00e9xito de asistencia. En concreto, la semana pasada, en el concierto en la iglesia de Unha asistieron <strong>alrededor de 200 personas<\/strong>. Esta es una actividad cultural que permite disfrutar del conocimiento sobre el patrimonio aran\u00e9s y, a la vez, de la m\u00fasica cl\u00e1sica en un ambiente \u00fanico.<\/p>\n ","protected":false},"excerpt":{"rendered":"<p>El ciclo de verano del Rom\u00e1nico Musical est\u00e1 teniendo un gran \u00e9xito de asistencia El Trio Orfeu est\u00e1 formado por Joan Sancho al viol\u00edn, \u00d2nia Tom\u00e0s al violonchelo y Jordi Roure a la viola Un viernes m\u00e1s llega la nueva visita y concierto del ciclo de verano del Rom\u00e1nico Musical, organizado por el Conselh Generau&#8230;<\/p>\n","protected":false},"author":10,"featured_media":30068,"comment_status":"closed","ping_status":"closed","sticky":false,"template":"","format":"standard","meta":{"footnotes":""},"categories":[795,34],"tags":[338,228],"_links":{"self":[{"href":"https:\/\/www.conselharan.org\/es\/wp-json\/wp\/v2\/posts\/30071"}],"collection":[{"href":"https:\/\/www.conselharan.org\/es\/wp-json\/wp\/v2\/posts"}],"about":[{"href":"https:\/\/www.conselharan.org\/es\/wp-json\/wp\/v2\/types\/post"}],"author":[{"embeddable":true,"href":"https:\/\/www.conselharan.org\/es\/wp-json\/wp\/v2\/users\/10"}],"replies":[{"embeddable":true,"href":"https:\/\/www.conselharan.org\/es\/wp-json\/wp\/v2\/comments?post=30071"}],"version-history":[{"count":1,"href":"https:\/\/www.conselharan.org\/es\/wp-json\/wp\/v2\/posts\/30071\/revisions"}],"predecessor-version":[{"id":30073,"href":"https:\/\/www.conselharan.org\/es\/wp-json\/wp\/v2\/posts\/30071\/revisions\/30073"}],"wp:featuredmedia":[{"embeddable":true,"href":"https:\/\/www.conselharan.org\/es\/wp-json\/wp\/v2\/media\/30068"}],"wp:attachment":[{"href":"https:\/\/www.conselharan.org\/es\/wp-json\/wp\/v2\/media?parent=30071"}],"wp:term":[{"taxonomy":"category","embeddable":true,"href":"https:\/\/www.conselharan.org\/es\/wp-json\/wp\/v2\/categories?post=30071"},{"taxonomy":"post_tag","embeddable":true,"href":"https:\/\/www.conselharan.org\/es\/wp-json\/wp\/v2\/tags?post=30071"}],"curies":[{"name":"wp","href":"https:\/\/api.w.org\/{rel}","templated":true}]}}