{"id":30460,"date":"2019-09-25T14:58:16","date_gmt":"2019-09-25T12:58:16","guid":{"rendered":"https:\/\/www.conselharan.org\/eth-conselh-generau-se-met-a-disposicion-des-ajuntaments-aranesi-en-prumer-conselh-de-bailes-dera-legislatura\/"},"modified":"2019-09-25T15:01:46","modified_gmt":"2019-09-25T13:01:46","slug":"eth-conselh-generau-se-met-a-disposicion-des-ajuntaments-aranesi-en-prumer-conselh-de-bailes-dera-legislatura","status":"publish","type":"post","link":"https:\/\/www.conselharan.org\/es\/eth-conselh-generau-se-met-a-disposicion-des-ajuntaments-aranesi-en-prumer-conselh-de-bailes-dera-legislatura\/","title":{"rendered":"El Conselh Generau se pone a disposici\u00f3n de los ayuntamientos araneses en el primer Consejo de Alcaldes de la legislatura"},"content":{"rendered":"<p><a href=\"https:\/\/www.conselharan.org\/wp-content\/uploads\/2019\/09\/DSC_0391.jpg\"><img loading=\"lazy\" decoding=\"async\" class=\"aligncenter wp-image-30457 size-large\" src=\"https:\/\/www.conselharan.org\/wp-content\/uploads\/2019\/09\/DSC_0391-1024x681.jpg\" alt=\"\" width=\"1024\" height=\"681\" srcset=\"https:\/\/www.conselharan.org\/wp-content\/uploads\/2019\/09\/DSC_0391-1024x681.jpg 1024w, https:\/\/www.conselharan.org\/wp-content\/uploads\/2019\/09\/DSC_0391-300x199.jpg 300w, https:\/\/www.conselharan.org\/wp-content\/uploads\/2019\/09\/DSC_0391-768x511.jpg 768w\" sizes=\"(max-width: 1024px) 100vw, 1024px\" \/><\/a><\/p>\n<ul>\n<li>\n<h3><strong>En la primera reuni\u00f3n mantenida con los alcaldes y alcaldesas de Aran, se ha hablado de asuntos como la asistencia del gobierno aran\u00e9s a los ayuntamientos m\u00e1s peque\u00f1os en asuntos t\u00e9cnicos, el proyecto de gesti\u00f3n forestal y aprovechamiento de la biomasa o el estado del servicio de recogida de residuos<\/strong><\/h3>\n<\/li>\n<\/ul>\n<p>El\u00a0<strong>Conselh\u00a0Generau d\u2019Aran<\/strong> ha acogido el primer <strong>Consejo de Alcaldes<\/strong> de la legislatura, donde el equipo de gobierno ha aprovechado para <strong>ponerse a disposici\u00f3n de las necesidades que puedan tener los alcaldes y alcaldesas de Aran <\/strong>en su tarea durante los pr\u00f3ximos cuatro a\u00f1os.<\/p>\n<p>Entre los temas tratados, se ha hablado de la <strong>posibilidad de que el Conselh\u00a0 ofrezca servicios de asistencia t\u00e9cnica<\/strong> a los municipios araneses en <strong>materia urban\u00edstica, inform\u00e1tica y de expedici\u00f3n de los documentos de la ponencia ambiental<\/strong>. Una asistencia que se dar\u00eda, especialmente, en los ayuntamientos m\u00e1s peque\u00f1os que no tienen personal especializado en estas \u00e1reas en su instituci\u00f3n.<\/p>\n<p>Otro de los puntos tratados ha sido el <strong>proyecto de gesti\u00f3n forestal y aprovechamiento de la biomasa<\/strong>. El <strong>s\u00edndico de Aran, Franc\u00e9s Boya<\/strong>, ha explicado que \u00abel objetivo de este proyecto es <strong>que el Valle de Aran sea capaz de hacer una gesti\u00f3n de los propios bosques<\/strong> para que esta madera sirva para <strong>alimentar las calderas de biomasa que est\u00e1 previsto instalar en los edificios p\u00fablicos<\/strong> y que, de alguna manera, podamos retomar la actividad en la pol\u00edtica forestal\u00bb.<\/p>\n<p>El s\u00edndico se\u00f1ala: \u00ab<strong>tenemos alrededor de unas 15.000 toneladas de madera disponible cada a\u00f1o <\/strong>y, por lo tanto, es una madera que se tiene que aprovechar y que <strong>puede mejorar, por un lado, nuestra calidad ambiental y, por el otro, la econom\u00eda de nuestros ayuntamientos<\/strong>, puesto que es un recurso propio que solo hay que saber usar\u00bb. Adem\u00e1s, \u00abcon este proyecto intentar\u00edamos contribuir a <strong>mitigar los efectos del cambio clim\u00e1tico<\/strong> usando una energ\u00eda renovable y de proximidad\u00bb.<\/p>\n<p>En \u00faltimo lugar, se ha tratado tambi\u00e9n el <strong>estado actual de la prestaci\u00f3n de la recogida de basura<\/strong>. El\u00a0Conselh\u00a0ha informado a los representantes municipales y de las\u00a0EMDs\u00a0aranesas de los contactos mantenidos con la empresa que gestiona este servicio, as\u00ed como de las acciones que se tomar\u00e1n para mejorar la recogida.<\/p>\n<p>En este \u00e1mbito, el\u00a0Conselh\u00a0Generau d\u2019Aran ha decidido <strong>ampliar el servicio<\/strong> de recogida de las fracciones de selectiva, se realizar\u00e1 tambi\u00e9n un <strong>mapa de puntos cr\u00edticos <\/strong>y el <strong>consejero de Territorio, Paisaje y Gesti\u00f3n ambiental, Oriol Sala<\/strong>, se reunir\u00e1 con todos los alcaldes y alcaldesas de Aran para <strong>conocer los d\u00e9ficits de cada municipio<\/strong> sensible de mejorar, se crear\u00e1 la <strong>figura de los agentes c\u00edvicos<\/strong> y se iniciar\u00e1 una <strong>campa\u00f1a de concienciaci\u00f3n <\/strong>ciudadana para mejorar los mecanismos y h\u00e1bitos del uso del servicio de basura.<\/p>\n ","protected":false},"excerpt":{"rendered":"<p>En la primera reuni\u00f3n mantenida con los alcaldes y alcaldesas de Aran, se ha hablado de asuntos como la asistencia del gobierno aran\u00e9s a los ayuntamientos m\u00e1s peque\u00f1os en asuntos t\u00e9cnicos, el proyecto de gesti\u00f3n forestal y aprovechamiento de la biomasa o el estado del servicio de recogida de residuos El\u00a0Conselh\u00a0Generau d\u2019Aran ha acogido el&#8230;<\/p>\n","protected":false},"author":10,"featured_media":30457,"comment_status":"closed","ping_status":"closed","sticky":false,"template":"","format":"standard","meta":{"footnotes":""},"categories":[52],"tags":[573],"_links":{"self":[{"href":"https:\/\/www.conselharan.org\/es\/wp-json\/wp\/v2\/posts\/30460"}],"collection":[{"href":"https:\/\/www.conselharan.org\/es\/wp-json\/wp\/v2\/posts"}],"about":[{"href":"https:\/\/www.conselharan.org\/es\/wp-json\/wp\/v2\/types\/post"}],"author":[{"embeddable":true,"href":"https:\/\/www.conselharan.org\/es\/wp-json\/wp\/v2\/users\/10"}],"replies":[{"embeddable":true,"href":"https:\/\/www.conselharan.org\/es\/wp-json\/wp\/v2\/comments?post=30460"}],"version-history":[{"count":2,"href":"https:\/\/www.conselharan.org\/es\/wp-json\/wp\/v2\/posts\/30460\/revisions"}],"predecessor-version":[{"id":30463,"href":"https:\/\/www.conselharan.org\/es\/wp-json\/wp\/v2\/posts\/30460\/revisions\/30463"}],"wp:featuredmedia":[{"embeddable":true,"href":"https:\/\/www.conselharan.org\/es\/wp-json\/wp\/v2\/media\/30457"}],"wp:attachment":[{"href":"https:\/\/www.conselharan.org\/es\/wp-json\/wp\/v2\/media?parent=30460"}],"wp:term":[{"taxonomy":"category","embeddable":true,"href":"https:\/\/www.conselharan.org\/es\/wp-json\/wp\/v2\/categories?post=30460"},{"taxonomy":"post_tag","embeddable":true,"href":"https:\/\/www.conselharan.org\/es\/wp-json\/wp\/v2\/tags?post=30460"}],"curies":[{"name":"wp","href":"https:\/\/api.w.org\/{rel}","templated":true}]}}