{"id":31119,"date":"2019-11-20T19:03:52","date_gmt":"2019-11-20T18:03:52","guid":{"rendered":"https:\/\/www.conselharan.org\/amassades-de-coordinacion-enta-garantir-era-vialitat-iuernau-ena-n-230-e-era-c-28\/"},"modified":"2019-11-20T19:08:37","modified_gmt":"2019-11-20T18:08:37","slug":"amassades-de-coordinacion-enta-garantir-era-vialitat-iuernau-ena-n-230-e-era-c-28","status":"publish","type":"post","link":"https:\/\/www.conselharan.org\/es\/amassades-de-coordinacion-enta-garantir-era-vialitat-iuernau-ena-n-230-e-era-c-28\/","title":{"rendered":"Reuniones de coordinaci\u00f3n para garantizar la vialidad invernal en la N-230 y la C-28"},"content":{"rendered":"\n\t\t<style type=\"text\/css\">\n\t\t\t#gallery-1 {\n\t\t\t\tmargin: auto;\n\t\t\t}\n\t\t\t#gallery-1 .gallery-item {\n\t\t\t\tfloat: left;\n\t\t\t\tmargin-top: 10px;\n\t\t\t\ttext-align: center;\n\t\t\t\twidth: 50%;\n\t\t\t}\n\t\t\t#gallery-1 img {\n\t\t\t\tborder: 2px solid #cfcfcf;\n\t\t\t}\n\t\t\t#gallery-1 .gallery-caption {\n\t\t\t\tmargin-left: 0;\n\t\t\t}\n\t\t\t\/* see gallery_shortcode() in wp-includes\/media.php *\/\n\t\t<\/style>\n\t\t<div id='gallery-1' class='gallery galleryid-31119 gallery-columns-2 gallery-size-large'><dl class='gallery-item'>\n\t\t\t<dt class='gallery-icon landscape'>\n\t\t\t\t<a href='https:\/\/www.conselharan.org\/es\/amassades-de-coordinacion-enta-garantir-era-vialitat-iuernau-ena-n-230-e-era-c-28\/img_4954-2\/'><img loading=\"lazy\" decoding=\"async\" width=\"1024\" height=\"768\" src=\"https:\/\/www.conselharan.org\/wp-content\/uploads\/2019\/11\/IMG_4954-1024x768.jpg\" class=\"attachment-large size-large\" alt=\"\" srcset=\"https:\/\/www.conselharan.org\/wp-content\/uploads\/2019\/11\/IMG_4954-1024x768.jpg 1024w, https:\/\/www.conselharan.org\/wp-content\/uploads\/2019\/11\/IMG_4954-300x225.jpg 300w, https:\/\/www.conselharan.org\/wp-content\/uploads\/2019\/11\/IMG_4954-768x576.jpg 768w\" sizes=\"(max-width: 1024px) 100vw, 1024px\" \/><\/a>\n\t\t\t<\/dt><\/dl><dl class='gallery-item'>\n\t\t\t<dt class='gallery-icon landscape'>\n\t\t\t\t<a href='https:\/\/www.conselharan.org\/es\/amassades-de-coordinacion-enta-garantir-era-vialitat-iuernau-ena-n-230-e-era-c-28\/img_4961-2\/'><img loading=\"lazy\" decoding=\"async\" width=\"1024\" height=\"768\" src=\"https:\/\/www.conselharan.org\/wp-content\/uploads\/2019\/11\/IMG_4961-1024x768.jpg\" class=\"attachment-large size-large\" alt=\"\" srcset=\"https:\/\/www.conselharan.org\/wp-content\/uploads\/2019\/11\/IMG_4961-1024x768.jpg 1024w, https:\/\/www.conselharan.org\/wp-content\/uploads\/2019\/11\/IMG_4961-300x225.jpg 300w, https:\/\/www.conselharan.org\/wp-content\/uploads\/2019\/11\/IMG_4961-768x576.jpg 768w\" sizes=\"(max-width: 1024px) 100vw, 1024px\" \/><\/a>\n\t\t\t<\/dt><\/dl><br style=\"clear: both\" \/>\n\t\t<\/div>\n\n<ul>\n<li>\n<h3><strong>El gobierno de Aran se reuni\u00f3 con representantes de Carreteras del Estado, Mossos d\u2019Esquadra, Pompi\u00e8rs-Emerg\u00e9ncies y ayuntamientos araneses para tratar las medidas a desarrollar durante la temporada de invierno para facilitar la vialidad y seguridad de la N-230 y la C-28<\/strong><\/h3>\n<\/li>\n<\/ul>\n<p>El s\u00edndico de Aran, Franc\u00e9s Boya, y el consejero de Territorio, Paisaje y Gesti\u00f3n ambiental, Franc\u00e9s Bruna, se reunieron ayer con los principales agentes implicados en la gesti\u00f3n de la\u00a0vialidad\u00a0de la carretera N-230 y la comarcal C-28.<\/p>\n<p>En la reuni\u00f3n sobre la vialidad\u00a0de la N-230, donde estuvieron presentes el jefe de la Unidad de Carreteras del Estado en Lleida, Juan Antonio Romero, el Mayor de Pompi\u00e8rs-Emerg\u00e9ncies, Manel Bosch, el alcalde de Les, Andreu\u00a0Cort\u00e9s, el regidor de Medio Natural y Paisaje de Vielha y Mijaran, Jacinto\u00a0Cuny, t\u00e9cnicos del Centro de Aludes y\u00a0Protecci\u00f3n\u00a0Civil del Conselh\u00a0y Mossos d\u2019Esquadra, el s\u00edndico de Aran comunic\u00f3 que ya se han iniciado los tr\u00e1mites para la limitaci\u00f3n del paso de camiones durante los fines de semana de diciembre a marzo para mejorar la seguridad de los usuarios de esta carretera los d\u00edas de m\u00e1s afluencia.<\/p>\n<p>Esta medida planteada por el equipo de gobierno del Conselh y aprobada por el pleno del pasado 13 de noviembre, supondr\u00eda una mejora en la grave problem\u00e1tica que representa para el Valle de Aran el paso de los 500 camiones diarios que atraviesan nuestros pueblos. Como afirma el s\u00edndico, \u201chay unos d\u00edas a lo largo del a\u00f1o, especialmente los fines de semana\u00a0en que est\u00e1 abierta la estaci\u00f3n de esqu\u00ed, en\u00a0los que el paso de los camiones por estos tramos tan complicados\u00a0colapsa\u00a0el tr\u00e1fico y tiene graves efectos en la seguridad de los usuarios\u201d.<\/p>\n<p>Por otro\u00a0lado, en la reuni\u00f3n de vialidad de la C-28, a la cual se a\u00f1adieron el alcalde de Naut Aran,\u00a0Cesar\u00a0Ruiz-Canela, y el director de monta\u00f1a de\u00a0Baqueira-Beret, Jordi\u00a0Cardona, se habl\u00f3 de velar por la\u00a0fluidez\u00a0de esta carretera durante los d\u00edas de m\u00e1s afluencia tur\u00edstica, es decir, durante los fines de semana y\u00a0festivos\u00a0de la temporada de esqu\u00ed.<\/p>\n<p>\u201cDesde el gobierno del Conselh Generau pediremos la concienciaci\u00f3n de los conductores de veh\u00edculos de servicios o suministros para\u00a0que eviten circular durante las horas m\u00e1s cr\u00edticas de estos d\u00edas se\u00f1alados y, si es necesario, limitar\u00edamos su circulaci\u00f3n para asegurar la\u00a0fluidez\u00a0del tr\u00e1nsito en la C-28\u201d, asegura el s\u00edndico.<\/p>\n ","protected":false},"excerpt":{"rendered":"<p>El gobierno de Aran se reuni\u00f3 con representantes de Carreteras del Estado, Mossos d\u2019Esquadra, Pompi\u00e8rs-Emerg\u00e9ncies y ayuntamientos araneses para tratar las medidas a desarrollar durante la temporada de invierno para facilitar la vialidad y seguridad de la N-230 y la C-28 El s\u00edndico de Aran, Franc\u00e9s Boya, y el consejero de Territorio, Paisaje y Gesti\u00f3n&#8230;<\/p>\n","protected":false},"author":10,"featured_media":31123,"comment_status":"closed","ping_status":"closed","sticky":false,"template":"","format":"standard","meta":{"footnotes":""},"categories":[34],"tags":[702,703],"_links":{"self":[{"href":"https:\/\/www.conselharan.org\/es\/wp-json\/wp\/v2\/posts\/31119"}],"collection":[{"href":"https:\/\/www.conselharan.org\/es\/wp-json\/wp\/v2\/posts"}],"about":[{"href":"https:\/\/www.conselharan.org\/es\/wp-json\/wp\/v2\/types\/post"}],"author":[{"embeddable":true,"href":"https:\/\/www.conselharan.org\/es\/wp-json\/wp\/v2\/users\/10"}],"replies":[{"embeddable":true,"href":"https:\/\/www.conselharan.org\/es\/wp-json\/wp\/v2\/comments?post=31119"}],"version-history":[{"count":2,"href":"https:\/\/www.conselharan.org\/es\/wp-json\/wp\/v2\/posts\/31119\/revisions"}],"predecessor-version":[{"id":31131,"href":"https:\/\/www.conselharan.org\/es\/wp-json\/wp\/v2\/posts\/31119\/revisions\/31131"}],"wp:featuredmedia":[{"embeddable":true,"href":"https:\/\/www.conselharan.org\/es\/wp-json\/wp\/v2\/media\/31123"}],"wp:attachment":[{"href":"https:\/\/www.conselharan.org\/es\/wp-json\/wp\/v2\/media?parent=31119"}],"wp:term":[{"taxonomy":"category","embeddable":true,"href":"https:\/\/www.conselharan.org\/es\/wp-json\/wp\/v2\/categories?post=31119"},{"taxonomy":"post_tag","embeddable":true,"href":"https:\/\/www.conselharan.org\/es\/wp-json\/wp\/v2\/tags?post=31119"}],"curies":[{"name":"wp","href":"https:\/\/api.w.org\/{rel}","templated":true}]}}