{"id":31163,"date":"2019-11-22T13:09:48","date_gmt":"2019-11-22T12:09:48","guid":{"rendered":"https:\/\/www.conselharan.org\/eth-programa-garantia-juvenil-deth-soc-facilite-era-incorporacion-pendent-6-mesi-de-dus-agents-civics-en-conselh-generau\/"},"modified":"2019-11-25T12:53:50","modified_gmt":"2019-11-25T11:53:50","slug":"eth-programa-garantia-juvenil-deth-soc-facilite-era-incorporacion-pendent-6-mesi-de-dus-agents-civics-en-conselh-generau","status":"publish","type":"post","link":"https:\/\/www.conselharan.org\/es\/eth-programa-garantia-juvenil-deth-soc-facilite-era-incorporacion-pendent-6-mesi-de-dus-agents-civics-en-conselh-generau\/","title":{"rendered":"El programa Garant\u00eda Juvenil del SOC facilita la incorporaci\u00f3n durante 6 meses de dos Agentes C\u00edvicos en el Conselh Generau"},"content":{"rendered":"<p><a href=\"https:\/\/www.conselharan.org\/wp-content\/uploads\/2019\/11\/Garantia-Juvenil.jpg\"><img loading=\"lazy\" decoding=\"async\" class=\"aligncenter wp-image-31158 size-large\" src=\"https:\/\/www.conselharan.org\/wp-content\/uploads\/2019\/11\/Garantia-Juvenil-1024x768.jpg\" alt=\"\" width=\"1024\" height=\"768\" srcset=\"https:\/\/www.conselharan.org\/wp-content\/uploads\/2019\/11\/Garantia-Juvenil-1024x768.jpg 1024w, https:\/\/www.conselharan.org\/wp-content\/uploads\/2019\/11\/Garantia-Juvenil-300x225.jpg 300w, https:\/\/www.conselharan.org\/wp-content\/uploads\/2019\/11\/Garantia-Juvenil-768x576.jpg 768w\" sizes=\"(max-width: 1024px) 100vw, 1024px\" \/><\/a><\/p>\n<ul>\n<li>\n<h3><strong>Este programa del\u00a0SOC\u00a0ofrece a los j\u00f3venes la oportunidad laboral de incorporarse en diversas \u00e1reas de la administraci\u00f3n durante unos meses para contribuir a mejorar el uso de los servicios p\u00fablicos<\/strong><\/h3>\n<\/li>\n<li>\n<h3><strong>En el caso del Conselh Generau d\u2019Aran, dos de ellos se han incorporado al departamento de turismo y dos m\u00e1s se han integrado al \u00e1rea de tratamiento de residuos, para desarrollar un trabajo de concienciaci\u00f3n e informaci\u00f3n a la poblaci\u00f3n para mejorar el servicio de recogida de basuras y promover el reciclaje<\/strong><\/h3>\n<\/li>\n<\/ul>\n<p>Cuatro j\u00f3venes se han incorporado a la plantilla del Conselh Generau d\u2019Aran por medio del programa Garant\u00eda Juvenil del SOC, Generalitat de Catalunya y Fondo Social Europeo, una oportunidad laboral para ellos que adem\u00e1s sirve para contribuir a mejorar el uso de los servicios p\u00fablicos en diversos \u00e1mbitos. En este caso, se han incorporado a las \u00e1reas de turismo y de tratamiento de residuos.<\/p>\n<p>Las dos personas del \u00e1rea de tratamiento de residuos llevar\u00e1n a cabo funciones de Agentes C\u00edvicos y desarrollar\u00e1n durante estos meses un trabajo muy importante recorriendo los negocios araneses para explicar cu\u00e1les son los procedimientos\u00a0que tienen que seguir para evitar los colapsos del servicio de basuras.<\/p>\n<p>La incorporaci\u00f3n de los Agentes C\u00edvicos es una de las acciones que ha tomado el gobierno del Conselh para mejorar el servicio de basuras y contribuir a la concienciaci\u00f3n de la necesidad de\u00a0reciclar. Se ha iniciado una campa\u00f1a en las redes para informar del uso correcto de este servicio y para promover el reciclaje y el civismo.<\/p>\n<p>Adem\u00e1s, el s\u00edndico de Aran, Franc\u00e9s Boya, y el Consejero de Territorio, Paisaje y Gesti\u00f3n Ambiental, Oriol Sala, han mantenido ya dos reuniones de coordinaci\u00f3n con la empresa Romero\u00a0Polo\u00a0para buscar soluciones a las problem\u00e1ticas existentes.<\/p>\n<p>Se han mantenido tambi\u00e9n reuniones con todos los alcaldes y alcaldesas del Valle de Aran para escuchar de primera mano las necesidades de cada pueblo e intentar as\u00ed mejorar la eficiencia del servicio de recogida, especialmente en aquellas fechas en las\u00a0cuales\u00a0el Valle de Aran\u00a0cuadriplica\u00a0su poblaci\u00f3n y, en consecuencia, las basuras que genera.<\/p>\n ","protected":false},"excerpt":{"rendered":"<p>Este programa del\u00a0SOC\u00a0ofrece a los j\u00f3venes la oportunidad laboral de incorporarse en diversas \u00e1reas de la administraci\u00f3n durante unos meses para contribuir a mejorar el uso de los servicios p\u00fablicos En el caso del Conselh Generau d\u2019Aran, dos de ellos se han incorporado al departamento de turismo y dos m\u00e1s se han integrado al \u00e1rea&#8230;<\/p>\n","protected":false},"author":10,"featured_media":31160,"comment_status":"closed","ping_status":"closed","sticky":false,"template":"","format":"standard","meta":{"footnotes":""},"categories":[126,34,137],"tags":[728,729,15],"_links":{"self":[{"href":"https:\/\/www.conselharan.org\/es\/wp-json\/wp\/v2\/posts\/31163"}],"collection":[{"href":"https:\/\/www.conselharan.org\/es\/wp-json\/wp\/v2\/posts"}],"about":[{"href":"https:\/\/www.conselharan.org\/es\/wp-json\/wp\/v2\/types\/post"}],"author":[{"embeddable":true,"href":"https:\/\/www.conselharan.org\/es\/wp-json\/wp\/v2\/users\/10"}],"replies":[{"embeddable":true,"href":"https:\/\/www.conselharan.org\/es\/wp-json\/wp\/v2\/comments?post=31163"}],"version-history":[{"count":2,"href":"https:\/\/www.conselharan.org\/es\/wp-json\/wp\/v2\/posts\/31163\/revisions"}],"predecessor-version":[{"id":31183,"href":"https:\/\/www.conselharan.org\/es\/wp-json\/wp\/v2\/posts\/31163\/revisions\/31183"}],"wp:featuredmedia":[{"embeddable":true,"href":"https:\/\/www.conselharan.org\/es\/wp-json\/wp\/v2\/media\/31160"}],"wp:attachment":[{"href":"https:\/\/www.conselharan.org\/es\/wp-json\/wp\/v2\/media?parent=31163"}],"wp:term":[{"taxonomy":"category","embeddable":true,"href":"https:\/\/www.conselharan.org\/es\/wp-json\/wp\/v2\/categories?post=31163"},{"taxonomy":"post_tag","embeddable":true,"href":"https:\/\/www.conselharan.org\/es\/wp-json\/wp\/v2\/tags?post=31163"}],"curies":[{"name":"wp","href":"https:\/\/api.w.org\/{rel}","templated":true}]}}