{"id":31225,"date":"2019-11-28T16:03:04","date_gmt":"2019-11-28T15:03:04","guid":{"rendered":"https:\/\/www.conselharan.org\/eth-sindic-daran-participe-en-acte-de-commemoracion-deth-tractat-de-lies-e-patzeries\/"},"modified":"2019-11-28T16:06:14","modified_gmt":"2019-11-28T15:06:14","slug":"eth-sindic-daran-participe-en-acte-de-commemoracion-deth-tractat-de-lies-e-patzeries","status":"publish","type":"post","link":"https:\/\/www.conselharan.org\/es\/eth-sindic-daran-participe-en-acte-de-commemoracion-deth-tractat-de-lies-e-patzeries\/","title":{"rendered":"El s\u00edndico de Aran participa en el acto de conmemoraci\u00f3n del tratado de Lies e Patzeries"},"content":{"rendered":"<p><a href=\"https:\/\/www.conselharan.org\/wp-content\/uploads\/2019\/11\/Lies-e-Patzeries.jpeg\"><img loading=\"lazy\" decoding=\"async\" class=\"aligncenter wp-image-31220 size-large\" src=\"https:\/\/www.conselharan.org\/wp-content\/uploads\/2019\/11\/Lies-e-Patzeries-1024x754.jpeg\" alt=\"\" width=\"1024\" height=\"754\" srcset=\"https:\/\/www.conselharan.org\/wp-content\/uploads\/2019\/11\/Lies-e-Patzeries-1024x754.jpeg 1024w, https:\/\/www.conselharan.org\/wp-content\/uploads\/2019\/11\/Lies-e-Patzeries-300x221.jpeg 300w, https:\/\/www.conselharan.org\/wp-content\/uploads\/2019\/11\/Lies-e-Patzeries-768x566.jpeg 768w, https:\/\/www.conselharan.org\/wp-content\/uploads\/2019\/11\/Lies-e-Patzeries.jpeg 2048w\" sizes=\"(max-width: 1024px) 100vw, 1024px\" \/><\/a><\/p>\n<ul>\n<li>\n<h3><strong>Durante esta jornada de llev\u00f3 a cabo tambi\u00e9n una reuni\u00f3n de trabajo con el presidente de la Communaut\u00e9 de Communes des Pyr\u00e9n\u00e9es Haut-Garonnaises, la sous-pr\u00e9f\u00e8te de Saint-Gaudens y el c\u00f3nsul de Francia en Barcelona, entre otros, para tratar asuntos relacionados con los diversos proyectos de cooperaci\u00f3n transfronteriza entre el Conselh Generay d\u2019Aran y la Communaut\u00e9 de communes Pyr\u00e9n\u00e9es Haut Garonnaises<\/strong><\/h3>\n<\/li>\n<\/ul>\n<p>El pasado lunes, 25 de noviembre, el s\u00edndico de Aran, Franc\u00e9s Boya, y la consejera de Conocimiento, Angelina Cases, participaron en el acto de conmemoraci\u00f3n de los 506 a\u00f1os del tratado de \u00abLies e Patzeries\u00bb en Fos y en la reuni\u00f3n de trabajo posterior con el presidente de la Communaut\u00e9 de communes des Pyr\u00e9n\u00e9es Haut-Garonnaises, Alain Castel, la sous-pr\u00e9f\u00e8te de Saint-Gaudens, Marie-Paule Demiguel, o el c\u00f3nsul de Francia en Barcelona, Cyril Piquemal, entre otros.<\/p>\n<p>Una jornada dedicada a la cooperaci\u00f3n transfronteriza, donde se trataron los diversos proyectos compartidos entre el Conselh Generau d\u2019Aran y la Communaut\u00e9 de communes Pyr\u00e9n\u00e9es Haut Garonnaises.<\/p>\n<p>Entre estos proyectos est\u00e1 el Camino de la Libertad, que pone en valor la historia de nuestros caminos como parte fundamental para la libertad de muchos jud\u00edos y jud\u00edas durante el Holocausto. En estos momentos, los trabajos para el condicionamiento de esta ruta est\u00e1n ya en ejecuci\u00f3n.<\/p>\n<p>Durante este verano, el Conselh tambi\u00e9n se\u00f1aliz\u00f3 el Camino de Santiago Aran-Pirineo a su paso por nuestro territorio y se trabaja en el proyecto RisqHydro para el cuidado del Garona.<\/p>\n<p>Ambos territorios comparten toda una serie de objetivos comunes relacionados con la seguridad en la N-230 y la N-125, que corresponde a Francia, la coordinaci\u00f3n de todo aquello que tiene que ver con las urgencias y los incendios y con el desarrollo de proyectos relacionados con la sanidad y la atenci\u00f3n al envejecimiento.<\/p>\n<p>Adem\u00e1s, quieren promocionar tambi\u00e9n diferentes intercambios escolares en materia de formaci\u00f3n y actividades l\u00fadicas.<\/p>\n<p>Todo esto, explica el s\u00edndico de Aran, \u201cqueremos enmarcarlo en la creaci\u00f3n de una Agrupaci\u00f3n de Cooperaci\u00f3n Territorial Europea (ACTE), para ello queremos firmar un convenio marco de colaboraci\u00f3n que nos permitir\u00e1 avanzar en la constituci\u00f3n de este organismo de car\u00e1cter europeo y que posibilitar\u00e1, por un lado, trabajar en todos estos proyectos y, al mismo tiempo, recibir el apoyo de la Uni\u00f3n Europea (UE) en este \u00e1mbito de car\u00e1cter transfronterizo\u201d.<\/p>\n ","protected":false},"excerpt":{"rendered":"<p>Durante esta jornada de llev\u00f3 a cabo tambi\u00e9n una reuni\u00f3n de trabajo con el presidente de la Communaut\u00e9 de Communes des Pyr\u00e9n\u00e9es Haut-Garonnaises, la sous-pr\u00e9f\u00e8te de Saint-Gaudens y el c\u00f3nsul de Francia en Barcelona, entre otros, para tratar asuntos relacionados con los diversos proyectos de cooperaci\u00f3n transfronteriza entre el Conselh Generay d\u2019Aran y la Communaut\u00e9&#8230;<\/p>\n","protected":false},"author":10,"featured_media":31222,"comment_status":"closed","ping_status":"closed","sticky":false,"template":"","format":"standard","meta":{"footnotes":""},"categories":[34],"tags":[],"_links":{"self":[{"href":"https:\/\/www.conselharan.org\/es\/wp-json\/wp\/v2\/posts\/31225"}],"collection":[{"href":"https:\/\/www.conselharan.org\/es\/wp-json\/wp\/v2\/posts"}],"about":[{"href":"https:\/\/www.conselharan.org\/es\/wp-json\/wp\/v2\/types\/post"}],"author":[{"embeddable":true,"href":"https:\/\/www.conselharan.org\/es\/wp-json\/wp\/v2\/users\/10"}],"replies":[{"embeddable":true,"href":"https:\/\/www.conselharan.org\/es\/wp-json\/wp\/v2\/comments?post=31225"}],"version-history":[{"count":1,"href":"https:\/\/www.conselharan.org\/es\/wp-json\/wp\/v2\/posts\/31225\/revisions"}],"predecessor-version":[{"id":31227,"href":"https:\/\/www.conselharan.org\/es\/wp-json\/wp\/v2\/posts\/31225\/revisions\/31227"}],"wp:featuredmedia":[{"embeddable":true,"href":"https:\/\/www.conselharan.org\/es\/wp-json\/wp\/v2\/media\/31222"}],"wp:attachment":[{"href":"https:\/\/www.conselharan.org\/es\/wp-json\/wp\/v2\/media?parent=31225"}],"wp:term":[{"taxonomy":"category","embeddable":true,"href":"https:\/\/www.conselharan.org\/es\/wp-json\/wp\/v2\/categories?post=31225"},{"taxonomy":"post_tag","embeddable":true,"href":"https:\/\/www.conselharan.org\/es\/wp-json\/wp\/v2\/tags?post=31225"}],"curies":[{"name":"wp","href":"https:\/\/api.w.org\/{rel}","templated":true}]}}