{"id":32067,"date":"2020-02-03T10:07:40","date_gmt":"2020-02-03T09:07:40","guid":{"rendered":"https:\/\/www.conselharan.org\/es-escoles-de-bossost-vielha-era-zer-val-daran-e-er-institut-daran-se-higen-ath-programa-kiva-de-prevencion-deth-setge-escolar\/"},"modified":"2020-02-03T14:42:37","modified_gmt":"2020-02-03T13:42:37","slug":"es-escoles-de-bossost-vielha-era-zer-val-daran-e-er-institut-daran-se-higen-ath-programa-kiva-de-prevencion-deth-setge-escolar","status":"publish","type":"post","link":"https:\/\/www.conselharan.org\/es\/es-escoles-de-bossost-vielha-era-zer-val-daran-e-er-institut-daran-se-higen-ath-programa-kiva-de-prevencion-deth-setge-escolar\/","title":{"rendered":"Las escuelas de Boss\u00f2st, Vielha, la ZER Val d\u2019Aran, el EAP y el Instituto de Aran se unen al programa KIVA de prevenci\u00f3n del acoso escolar"},"content":{"rendered":"<p><a href=\"https:\/\/www.conselharan.org\/wp-content\/uploads\/2020\/02\/kiva_foto.jpg\"><img loading=\"lazy\" decoding=\"async\" class=\"aligncenter wp-image-32062 size-large\" src=\"https:\/\/www.conselharan.org\/wp-content\/uploads\/2020\/02\/kiva_foto-1024x1024.jpg\" alt=\"\" width=\"1024\" height=\"1024\" srcset=\"https:\/\/www.conselharan.org\/wp-content\/uploads\/2020\/02\/kiva_foto-1024x1024.jpg 1024w, https:\/\/www.conselharan.org\/wp-content\/uploads\/2020\/02\/kiva_foto-150x150.jpg 150w, https:\/\/www.conselharan.org\/wp-content\/uploads\/2020\/02\/kiva_foto-300x300.jpg 300w, https:\/\/www.conselharan.org\/wp-content\/uploads\/2020\/02\/kiva_foto-768x768.jpg 768w, https:\/\/www.conselharan.org\/wp-content\/uploads\/2020\/02\/kiva_foto-270x270.jpg 270w, https:\/\/www.conselharan.org\/wp-content\/uploads\/2020\/02\/kiva_foto-207x207.jpg 207w, https:\/\/www.conselharan.org\/wp-content\/uploads\/2020\/02\/kiva_foto-75x75.jpg 75w\" sizes=\"(max-width: 1024px) 100vw, 1024px\" \/><\/a><\/p>\n<ul>\n<li>\n<h3><strong>A trav\u00e9s de la iniciativa del \u00e1rea de bienestar del Conselh Generau d\u2019Aran, durante este curso el profesorado de estos centros recibir\u00e1 formaci\u00f3n sobre c\u00f3mo actuar ante los casos de acoso escolar <\/strong><\/h3>\n<\/li>\n<\/ul>\n<p>Durante las \u00faltimas semanas, la vices\u00edndica y consejera de Igualdad, Salud y Bienestar, Maria Verg\u00e9s, y la consejera de Ense\u00f1amiento, Angelina Cases, se han reunido con los equipos directivos de las escuelas aranesas para implementar el programa KIVA contra el acoso escolar.<\/p>\n<p>El proyecto KIVA contra el acoso busca trabajar no solo con la v\u00edctima y el acosador, sino que quiere hacer ver al conjunto del alumnado que todos juntos pueden cambiar esta situaci\u00f3n. Est\u00e1 probado que los observadores tienen un rol clave para acabar con el bullying y pueden decidir ser parte de la soluci\u00f3n en lugar de ignorar el problema.<\/p>\n<p>Este proyecto ha sido impulsado por el \u00e1rea de bienestar del Conselh Generau d\u2019Aran puesto que se ha detectado que cada vez son m\u00e1s los casos de acoso en los colegios. Con motivo de la incorporaci\u00f3n de estos centros formativos al programa KIVA, durante este curso el profesorado de las escuelas de Boss\u00f2st, Vielha, ZER Val d\u2019Aran, el EAP y el Instituto de Aran recibir\u00e1 formaci\u00f3n sobre c\u00f3mo actuar ante estos casos. La previsi\u00f3n es que la implementaci\u00f3n del programa se lleve a cabo el curso 2020-2021, una vez acabada la formaci\u00f3n.<\/p>\n<p>La consejera Cases se ha mostrado muy \u201csatisfecha por la buena acogida que ha tenido en los centros araneses este programa\u201d.<\/p>\n<p>Por su parte, la consejera Verg\u00e9s afirma que \u201cdesgraciadamente Aran no es ajena a esta problem\u00e1tica y por eso el gobierno del Conselh Generau d\u2019Aran quiere contribuir a mejorar la situaci\u00f3n de nuestras escuelas\u201d.<\/p>\n<p>Es necesario recordar que, seg\u00fan datos de Save the Children, la problem\u00e1tica del acoso escolar afecta a 1 de cada 10 ni\u00f1os en Espa\u00f1a, donde un 9\u20193% de los alumnos ha sufrido alg\u00fan tipo de acoso.<\/p>\n<p>&nbsp;<\/p>\n ","protected":false},"excerpt":{"rendered":"<p>A trav\u00e9s de la iniciativa del \u00e1rea de bienestar del Conselh Generau d\u2019Aran, durante este curso el profesorado de estos centros recibir\u00e1 formaci\u00f3n sobre c\u00f3mo actuar ante los casos de acoso escolar Durante las \u00faltimas semanas, la vices\u00edndica y consejera de Igualdad, Salud y Bienestar, Maria Verg\u00e9s, y la consejera de Ense\u00f1amiento, Angelina Cases, se&#8230;<\/p>\n","protected":false},"author":10,"featured_media":32064,"comment_status":"closed","ping_status":"closed","sticky":false,"template":"","format":"standard","meta":{"footnotes":""},"categories":[792,34],"tags":[823,825],"_links":{"self":[{"href":"https:\/\/www.conselharan.org\/es\/wp-json\/wp\/v2\/posts\/32067"}],"collection":[{"href":"https:\/\/www.conselharan.org\/es\/wp-json\/wp\/v2\/posts"}],"about":[{"href":"https:\/\/www.conselharan.org\/es\/wp-json\/wp\/v2\/types\/post"}],"author":[{"embeddable":true,"href":"https:\/\/www.conselharan.org\/es\/wp-json\/wp\/v2\/users\/10"}],"replies":[{"embeddable":true,"href":"https:\/\/www.conselharan.org\/es\/wp-json\/wp\/v2\/comments?post=32067"}],"version-history":[{"count":3,"href":"https:\/\/www.conselharan.org\/es\/wp-json\/wp\/v2\/posts\/32067\/revisions"}],"predecessor-version":[{"id":32073,"href":"https:\/\/www.conselharan.org\/es\/wp-json\/wp\/v2\/posts\/32067\/revisions\/32073"}],"wp:featuredmedia":[{"embeddable":true,"href":"https:\/\/www.conselharan.org\/es\/wp-json\/wp\/v2\/media\/32064"}],"wp:attachment":[{"href":"https:\/\/www.conselharan.org\/es\/wp-json\/wp\/v2\/media?parent=32067"}],"wp:term":[{"taxonomy":"category","embeddable":true,"href":"https:\/\/www.conselharan.org\/es\/wp-json\/wp\/v2\/categories?post=32067"},{"taxonomy":"post_tag","embeddable":true,"href":"https:\/\/www.conselharan.org\/es\/wp-json\/wp\/v2\/tags?post=32067"}],"curies":[{"name":"wp","href":"https:\/\/api.w.org\/{rel}","templated":true}]}}