{"id":3216,"date":"2014-03-29T10:17:23","date_gmt":"2014-03-29T09:17:23","guid":{"rendered":"http:\/\/www.conselharan.org\/?p=3216"},"modified":"2014-03-28T18:09:36","modified_gmt":"2014-03-28T17:09:36","slug":"el-obispado-de-urgell-visita-el-patrimonio-y-la-cultura-de-la-val-daran","status":"publish","type":"post","link":"https:\/\/www.conselharan.org\/es\/el-obispado-de-urgell-visita-el-patrimonio-y-la-cultura-de-la-val-daran\/","title":{"rendered":"El obispado de Urgell visita el patrimonio y la cultura de la Val d\u2019Aran"},"content":{"rendered":"<p><a href=\"http:\/\/www.conselharan.org\/wp-content\/uploads\/2014\/03\/NPT_9222.jpg\"><img loading=\"lazy\" decoding=\"async\" class=\"aligncenter size-large wp-image-3214\" alt=\"NPT_9222\" src=\"http:\/\/www.conselharan.org\/wp-content\/uploads\/2014\/03\/NPT_9222-1024x687.jpg\" width=\"1024\" height=\"687\" srcset=\"https:\/\/www.conselharan.org\/wp-content\/uploads\/2014\/03\/NPT_9222-1024x687.jpg 1024w, https:\/\/www.conselharan.org\/wp-content\/uploads\/2014\/03\/NPT_9222-300x201.jpg 300w\" sizes=\"(max-width: 1024px) 100vw, 1024px\" \/><\/a><\/p>\n<p>El vicesindic de Aran, <strong>Luis Carlos Medina,<\/strong> recibi\u00f3 a una delegaci\u00f3n del obispado de Urgell encabezada por<strong> Joan- Enric Vives<\/strong>, arzobispo de Urgell y copr\u00edncipe de Andorra, los vicarios generales, <strong>Mn. Josep Maria Mauri, Mn. Ignasi Navarri,<\/strong> el arcipreste de la Val d\u2019Aran, <strong>Mn. Pere Balagu\u00e9,<\/strong> y una quincena de padres de la di\u00f3cesis.<\/p>\n<p>El responsable de Cultura y Patrimonio de Aran, <strong>J\u00e8p de Montoya,<\/strong> junto con la t\u00e9cnico y gestora del Patrimonio, <strong>Elisa Ros,<\/strong> les acompa\u00f1aron haci\u00e9ndoles una visita guiada por las iglesias de Santa Maria de Arties, Sant Andr\u00e8u de Salard\u00fa y Sant Miqu\u00e8u de Vielha. Los padres quedaron impresionados de las magn\u00edficas restauraciones hechas en las iglesias. Al atardecer, de forma m\u00e1s de convivencia y distendida, se les ofreci\u00f3 una exposici\u00f3n sobre cultura e identidad de la Val d\u2019Aran a trav\u00e9s de la historia.<\/p>\n<p><strong>Mn. Amiell<\/strong>, concluy\u00f3 la visita explicando el momento en el cual la Val d\u2019Aran pas\u00f3 del obispado de Comminges al de Urgell.<\/p>\n ","protected":false},"excerpt":{"rendered":"<p>El vicesindic de Aran, Luis Carlos Medina, recibi\u00f3 a una delegaci\u00f3n del obispado de Urgell encabezada por Joan- Enric Vives, arzobispo de Urgell y copr\u00edncipe de Andorra, los vicarios generales, Mn. Josep Maria Mauri, Mn. Ignasi Navarri, el arcipreste de la Val d\u2019Aran, Mn. Pere Balagu\u00e9, y una quincena de padres de la di\u00f3cesis. El&#8230;<\/p>\n","protected":false},"author":2,"featured_media":3214,"comment_status":"closed","ping_status":"closed","sticky":false,"template":"","format":"standard","meta":{"footnotes":""},"categories":[34,37],"tags":[],"_links":{"self":[{"href":"https:\/\/www.conselharan.org\/es\/wp-json\/wp\/v2\/posts\/3216"}],"collection":[{"href":"https:\/\/www.conselharan.org\/es\/wp-json\/wp\/v2\/posts"}],"about":[{"href":"https:\/\/www.conselharan.org\/es\/wp-json\/wp\/v2\/types\/post"}],"author":[{"embeddable":true,"href":"https:\/\/www.conselharan.org\/es\/wp-json\/wp\/v2\/users\/2"}],"replies":[{"embeddable":true,"href":"https:\/\/www.conselharan.org\/es\/wp-json\/wp\/v2\/comments?post=3216"}],"version-history":[{"count":1,"href":"https:\/\/www.conselharan.org\/es\/wp-json\/wp\/v2\/posts\/3216\/revisions"}],"predecessor-version":[{"id":3217,"href":"https:\/\/www.conselharan.org\/es\/wp-json\/wp\/v2\/posts\/3216\/revisions\/3217"}],"wp:featuredmedia":[{"embeddable":true,"href":"https:\/\/www.conselharan.org\/es\/wp-json\/wp\/v2\/media\/3214"}],"wp:attachment":[{"href":"https:\/\/www.conselharan.org\/es\/wp-json\/wp\/v2\/media?parent=3216"}],"wp:term":[{"taxonomy":"category","embeddable":true,"href":"https:\/\/www.conselharan.org\/es\/wp-json\/wp\/v2\/categories?post=3216"},{"taxonomy":"post_tag","embeddable":true,"href":"https:\/\/www.conselharan.org\/es\/wp-json\/wp\/v2\/tags?post=3216"}],"curies":[{"name":"wp","href":"https:\/\/api.w.org\/{rel}","templated":true}]}}