{"id":32393,"date":"2020-02-26T19:26:56","date_gmt":"2020-02-26T18:26:56","guid":{"rendered":"https:\/\/www.conselharan.org\/aran-implemente-en-airau-sanitari-eth-protocol-dactuacion-deuant-deth-coronavirus\/"},"modified":"2020-02-26T19:31:28","modified_gmt":"2020-02-26T18:31:28","slug":"aran-implemente-en-airau-sanitari-eth-protocol-dactuacion-deuant-deth-coronavirus","status":"publish","type":"post","link":"https:\/\/www.conselharan.org\/es\/aran-implemente-en-airau-sanitari-eth-protocol-dactuacion-deuant-deth-coronavirus\/","title":{"rendered":"Aran implementa en el \u00e1mbito sanitario el protocolo de actuaci\u00f3n ante el coronavirus"},"content":{"rendered":"<p><a href=\"https:\/\/www.conselharan.org\/wp-content\/uploads\/2020\/02\/Amassada-coordinacion-protocol-coronavirus.jpeg\"><img loading=\"lazy\" decoding=\"async\" class=\"aligncenter wp-image-32390 size-large\" src=\"https:\/\/www.conselharan.org\/wp-content\/uploads\/2020\/02\/Amassada-coordinacion-protocol-coronavirus-1024x768.jpeg\" alt=\"\" width=\"1024\" height=\"768\" srcset=\"https:\/\/www.conselharan.org\/wp-content\/uploads\/2020\/02\/Amassada-coordinacion-protocol-coronavirus.jpeg 1024w, https:\/\/www.conselharan.org\/wp-content\/uploads\/2020\/02\/Amassada-coordinacion-protocol-coronavirus-300x225.jpeg 300w, https:\/\/www.conselharan.org\/wp-content\/uploads\/2020\/02\/Amassada-coordinacion-protocol-coronavirus-768x576.jpeg 768w\" sizes=\"(max-width: 1024px) 100vw, 1024px\" \/><\/a><\/p>\n<ul>\n<li>\n<h3><strong>Tras la confirmaci\u00f3n de dos casos en Catalunya, Aran se dispone a poner en funcionamiento el protocolo establecido por el Departamento de Salud de la Generalitat, que define la manera de proceder por parte del personal sanitario ante estos casos<\/strong><\/h3>\n<\/li>\n<\/ul>\n<p><strong>Esta ma\u00f1ana, la vices\u00edndica y consejera de Igualdad, Salud y Bienestar, Maria Verg\u00e9s, ha participado en la reuni\u00f3n de coordinaci\u00f3n de los diferentes representantes de los \u00e1mbitos asistenciales y de gesti\u00f3n de Aran Salut y de Pompi\u00e8rs-Emerg\u00e9ncies para coordinar la implementaci\u00f3n del protocolo de actuaci\u00f3n ante el nuevo coronavirus.<\/strong><\/p>\n<p>Este protocolo ha sido elaborado por la Agencia de Salud P\u00fablica de Catalunya (ASPC) a trav\u00e9s de la subdirecci\u00f3n General de Vigilancia y Respuesta a Emergencias de Salud P\u00fablica, que tiene la competencia en este tipo de asuntos. Este procedimiento a seguir se basa en la evidencia cient\u00edfica, sigue las directrices de la Organizaci\u00f3n Mundial de la Salud (OMS) \u2013en coordinaci\u00f3n con el Ministerio de Sanidad y la Red de Vigilancia Epidemiol\u00f3gica Europea- y est\u00e1 abierto a nuevas actualizaciones a medida que haya nuevas evidencias de esta enfermedad.<\/p>\n<p>As\u00ed mismo establece de forma clara el circuito a seguir, que empieza con la notificaci\u00f3n por parte de un centro sanitario a la Red de Vigilancia Epidemiol\u00f3gica de Catalunya de la existencia o sospecha de un caso, y atendiendo a un conjunto de criterios epidemiol\u00f3gicos y cl\u00ednicos, Salud P\u00fablica (Generalitat de Catalunya) declara la alerta o no. Las pruebas efectuadas en el laboratorio de apoyo a la vigilancia epidemiol\u00f3gica descartar\u00e1n o confirmar\u00e1n el caso: si es positivo, seguir\u00e1n las medidas de prevenci\u00f3n y control, como el aislamiento de la persona y el seguimiento de sus contactos. En todos los casos, los servicios sanitarios le proporcionar\u00edan las indicaciones necesarias.<\/p>\n<p>\u201c<strong>En lo que ta\u00f1e al Valle de Aran, queremos dar un mensaje de tranquilidad a la poblaci\u00f3n porque no hay motivos para alarmarse<\/strong>\u201d, declaraba la consejera Verg\u00e9s, que a\u00f1ad\u00eda que: \u201c<strong>nuestros profesionales sanitarios tienen toda la informaci\u00f3n al respecto sobre c\u00f3mo proceder y el contacto con el departamento de salud de la Generalitat\u00a0es constante<\/strong>\u201d.<\/p>\n<p>Para m\u00e1s informaci\u00f3n se puede consultar la p\u00e1gina web de la Agencia Catalana de la Salud P\u00fablica: <strong>http:\/\/salutpublica.gencat.cat\/ca\/inici\/<\/strong><\/p>\n<p>&nbsp;<\/p>\n ","protected":false},"excerpt":{"rendered":"<p>Tras la confirmaci\u00f3n de dos casos en Catalunya, Aran se dispone a poner en funcionamiento el protocolo establecido por el Departamento de Salud de la Generalitat, que define la manera de proceder por parte del personal sanitario ante estos casos Esta ma\u00f1ana, la vices\u00edndica y consejera de Igualdad, Salud y Bienestar, Maria Verg\u00e9s, ha participado&#8230;<\/p>\n","protected":false},"author":10,"featured_media":32398,"comment_status":"closed","ping_status":"closed","sticky":false,"template":"","format":"standard","meta":{"footnotes":""},"categories":[34,789],"tags":[881,621,178],"_links":{"self":[{"href":"https:\/\/www.conselharan.org\/es\/wp-json\/wp\/v2\/posts\/32393"}],"collection":[{"href":"https:\/\/www.conselharan.org\/es\/wp-json\/wp\/v2\/posts"}],"about":[{"href":"https:\/\/www.conselharan.org\/es\/wp-json\/wp\/v2\/types\/post"}],"author":[{"embeddable":true,"href":"https:\/\/www.conselharan.org\/es\/wp-json\/wp\/v2\/users\/10"}],"replies":[{"embeddable":true,"href":"https:\/\/www.conselharan.org\/es\/wp-json\/wp\/v2\/comments?post=32393"}],"version-history":[{"count":3,"href":"https:\/\/www.conselharan.org\/es\/wp-json\/wp\/v2\/posts\/32393\/revisions"}],"predecessor-version":[{"id":32400,"href":"https:\/\/www.conselharan.org\/es\/wp-json\/wp\/v2\/posts\/32393\/revisions\/32400"}],"wp:featuredmedia":[{"embeddable":true,"href":"https:\/\/www.conselharan.org\/es\/wp-json\/wp\/v2\/media\/32398"}],"wp:attachment":[{"href":"https:\/\/www.conselharan.org\/es\/wp-json\/wp\/v2\/media?parent=32393"}],"wp:term":[{"taxonomy":"category","embeddable":true,"href":"https:\/\/www.conselharan.org\/es\/wp-json\/wp\/v2\/categories?post=32393"},{"taxonomy":"post_tag","embeddable":true,"href":"https:\/\/www.conselharan.org\/es\/wp-json\/wp\/v2\/tags?post=32393"}],"curies":[{"name":"wp","href":"https:\/\/api.w.org\/{rel}","templated":true}]}}