{"id":32636,"date":"2020-03-10T15:47:39","date_gmt":"2020-03-10T14:47:39","guid":{"rendered":"https:\/\/www.conselharan.org\/?p=32636"},"modified":"2020-03-10T15:47:39","modified_gmt":"2020-03-10T14:47:39","slug":"el-sindico-de-aran-se-reune-con-el-presidente-del-comite-olimpico-espanol","status":"publish","type":"post","link":"https:\/\/www.conselharan.org\/es\/el-sindico-de-aran-se-reune-con-el-presidente-del-comite-olimpico-espanol\/","title":{"rendered":"El s\u00edndico de Aran se re\u00fane con el presidente del Comit\u00e9 Ol\u00edmpico Espa\u00f1ol"},"content":{"rendered":"<p><a href=\"https:\/\/www.conselharan.org\/wp-content\/uploads\/2020\/03\/Visita-J\u00f2cs-Olimpics.jpeg\"><img loading=\"lazy\" decoding=\"async\" class=\"aligncenter wp-image-32641 size-large\" src=\"https:\/\/www.conselharan.org\/wp-content\/uploads\/2020\/03\/Visita-J\u00f2cs-Olimpics-1024x703.jpeg\" alt=\"\" width=\"1024\" height=\"703\" srcset=\"https:\/\/www.conselharan.org\/wp-content\/uploads\/2020\/03\/Visita-J\u00f2cs-Olimpics-1024x703.jpeg 1024w, https:\/\/www.conselharan.org\/wp-content\/uploads\/2020\/03\/Visita-J\u00f2cs-Olimpics-300x206.jpeg 300w, https:\/\/www.conselharan.org\/wp-content\/uploads\/2020\/03\/Visita-J\u00f2cs-Olimpics-768x528.jpeg 768w, https:\/\/www.conselharan.org\/wp-content\/uploads\/2020\/03\/Visita-J\u00f2cs-Olimpics.jpeg 1600w\" sizes=\"(max-width: 1024px) 100vw, 1024px\" \/><\/a><\/p>\n<ul>\n<li>\n<h3><strong>Durante el encuentro el s\u00edndico de Aran y el presidente del COE han tratado diversos asuntos relacionados con la candidatura ol\u00edmpica Pirineos-Barcelona 2030, sobre la cual el gobierno aran\u00e9s presentar\u00e1 ma\u00f1ana una moci\u00f3n en el Pleno del Conselh Generau d&#8217;Aran para manifestar el apoyo a esta candidatura y pedir la inclusi\u00f3n de Aran como subsede organizadora de pruebas de nieve<\/strong><\/h3>\n<\/li>\n<\/ul>\n<p><strong>El s\u00edndico de Aran, Franc\u00e9s Boya, se ha reunido esta ma\u00f1ana en Madrid con el presidente del Comit\u00e9 Ol\u00edmpico Espa\u00f1ol (COE), Alejandro Blanco<\/strong>, para tratar de primera mano diferentes asuntos relacionados con la candidatura ol\u00edmpica <strong>Pirineos-Barcelona 2030<\/strong>.<\/p>\n<p>\u201c<strong>Estos Juegos Ol\u00edmpicos y Paral\u00edmpicos de Invierno son de gran importancia para el Valle de Aran por el impacto y repercusi\u00f3n que tendr\u00edan para el desarrollo econ\u00f3mico y social de nuestro territorio<\/strong>\u201d, afirma el s\u00edndico de Aran, que a\u00f1ade que \u201clos Juegos Ol\u00edmpicos de 2030 ser\u00e1n los primeros de una nueva etapa aprobada por el Comit\u00e9 Ol\u00edmpico Internacional (COI) y Pirineos-Barcelona se ofrece para experimentar este nuevo formato de Juegos Ol\u00edmpicos capaces de inspirar y transformar la sociedad, especialmente a los j\u00f3venes\u201d.<\/p>\n<p>As\u00ed mismo, el s\u00edndico tambi\u00e9n ha manifestado que \u201c<strong>la importancia de estos Juegos reside tambi\u00e9n en que tienen como base fundamental el respeto al medio ambiente, el equilibrio territorial y la lucha contra el despoblamiento<\/strong>\u201d.<\/p>\n<p>El COI ya ha dado luz verde al proyecto Pirineos-Barcelona y ha iniciado una fase de di\u00e1logo, dejando claro que el territorio y la propuesta cumplen con su\u00a0 Agenda 2020 en lo que hace a las condiciones para convertirse en sede de los Juegos Ol\u00edmpicos de 2030.<\/p>\n<p>Por ello, <strong>el gobierno del Conselh Generau d\u2019Aran presentar\u00e1 ma\u00f1ana en el Pleno una moci\u00f3n para manifestar el apoyo de la instituci\u00f3n a la candidatura ol\u00edmpica del a\u00f1o 2030<\/strong> entre los territorios de Catalunya y Arag\u00f3n con la <strong>inclusi\u00f3n de Aran como subsede organizadora de las pruebas de nieve<\/strong>, y constituir\u00e1 una Mesa Aranesa con los principales agentes representativos del territorio para implicarse en la construcci\u00f3n de la candidatura en clave aranesa.<\/p>\n<p>Con esta moci\u00f3n, <strong>el Conselh Generau busca<\/strong> <strong>ponerse a disposici\u00f3n de los responsables de la candidatura<\/strong> y har\u00e1 llegar este acuerdo a la Diputaci\u00f3n de Lleida, el Ayuntamiento de Barcelona, la Secretar\u00eda General del Deporte, la Generalitat de Catalunya, el COE y el Gobierno Espa\u00f1ol.<\/p>\n ","protected":false},"excerpt":{"rendered":"<p>Durante el encuentro el s\u00edndico de Aran y el presidente del COE han tratado diversos asuntos relacionados con la candidatura ol\u00edmpica Pirineos-Barcelona 2030, sobre la cual el gobierno aran\u00e9s presentar\u00e1 ma\u00f1ana una moci\u00f3n en el Pleno del Conselh Generau d&#8217;Aran para manifestar el apoyo a esta candidatura y pedir la inclusi\u00f3n de Aran como subsede&#8230;<\/p>\n","protected":false},"author":10,"featured_media":32641,"comment_status":"closed","ping_status":"closed","sticky":false,"template":"","format":"standard","meta":{"footnotes":""},"categories":[52],"tags":[],"_links":{"self":[{"href":"https:\/\/www.conselharan.org\/es\/wp-json\/wp\/v2\/posts\/32636"}],"collection":[{"href":"https:\/\/www.conselharan.org\/es\/wp-json\/wp\/v2\/posts"}],"about":[{"href":"https:\/\/www.conselharan.org\/es\/wp-json\/wp\/v2\/types\/post"}],"author":[{"embeddable":true,"href":"https:\/\/www.conselharan.org\/es\/wp-json\/wp\/v2\/users\/10"}],"replies":[{"embeddable":true,"href":"https:\/\/www.conselharan.org\/es\/wp-json\/wp\/v2\/comments?post=32636"}],"version-history":[{"count":2,"href":"https:\/\/www.conselharan.org\/es\/wp-json\/wp\/v2\/posts\/32636\/revisions"}],"predecessor-version":[{"id":32644,"href":"https:\/\/www.conselharan.org\/es\/wp-json\/wp\/v2\/posts\/32636\/revisions\/32644"}],"wp:featuredmedia":[{"embeddable":true,"href":"https:\/\/www.conselharan.org\/es\/wp-json\/wp\/v2\/media\/32641"}],"wp:attachment":[{"href":"https:\/\/www.conselharan.org\/es\/wp-json\/wp\/v2\/media?parent=32636"}],"wp:term":[{"taxonomy":"category","embeddable":true,"href":"https:\/\/www.conselharan.org\/es\/wp-json\/wp\/v2\/categories?post=32636"},{"taxonomy":"post_tag","embeddable":true,"href":"https:\/\/www.conselharan.org\/es\/wp-json\/wp\/v2\/tags?post=32636"}],"curies":[{"name":"wp","href":"https:\/\/api.w.org\/{rel}","templated":true}]}}