{"id":3289,"date":"2014-04-04T13:38:55","date_gmt":"2014-04-04T11:38:55","guid":{"rendered":"http:\/\/www.conselharan.org\/?p=3289"},"modified":"2014-04-04T13:38:55","modified_gmt":"2014-04-04T11:38:55","slug":"el-palai-de-geu-de-vielha-organiza-diferentes-actividades-para-conmemorar-el-dia-mundial-de-la-actividad-fisica","status":"publish","type":"post","link":"https:\/\/www.conselharan.org\/es\/el-palai-de-geu-de-vielha-organiza-diferentes-actividades-para-conmemorar-el-dia-mundial-de-la-actividad-fisica\/","title":{"rendered":"El Palai de G\u00e8u de Vielha organiza diferentes actividades para conmemorar el D\u00eda Mundial de la Actividad F\u00edsica"},"content":{"rendered":"<p><a href=\"http:\/\/www.conselharan.org\/wp-content\/uploads\/2014\/04\/mundial-actividad-fisica_palai.jpg\"><img loading=\"lazy\" decoding=\"async\" class=\"aligncenter size-large wp-image-3285\" alt=\"mundial actividad fisica_palai\" src=\"http:\/\/www.conselharan.org\/wp-content\/uploads\/2014\/04\/mundial-actividad-fisica_palai-724x1024.jpg\" width=\"724\" height=\"1024\" srcset=\"https:\/\/www.conselharan.org\/wp-content\/uploads\/2014\/04\/mundial-actividad-fisica_palai-724x1024.jpg 724w, https:\/\/www.conselharan.org\/wp-content\/uploads\/2014\/04\/mundial-actividad-fisica_palai-212x300.jpg 212w\" sizes=\"(max-width: 724px) 100vw, 724px\" \/><\/a><\/p>\n<p>Con motivo del D\u00eda Mundial de la Actividad F\u00edsica el pr\u00f3ximo d\u00eda 6 de abril, el Palai de G\u00e8u de Vielha ha organizado diferentes actividades gratuitas:<\/p>\n<p>\u2022 <strong>Viernes, 4 de abril, a las 15h00:<\/strong><br \/>\nJuego deportivo del ping\u00fcino<\/p>\n<p>\u2022 <strong>S\u00e1bado, 5 de abril, a las 18h00:<\/strong><br \/>\nClase de nataci\u00f3n (hay que saber nadar un poco y llevar ba\u00f1ador, gorro)<\/p>\n<p>\u2022<strong> Lunes, 7 de abril, a las 12h00:<\/strong><br \/>\nMu\u00e9vete por tu salud (clase de gimnasia suave, hay que llevar ropa y calzado deportivo)<\/p>\n<p>\u2022 <strong>Martes, 8 de abril, a las 12h00:<\/strong><br \/>\nCaminata por el t\u00e9rmino municipal de Vielha e Mijaran<\/p>\n<p>\u2022 <strong>Mi\u00e9rcoles, 9 de abril, de 15h00 a 16h30:<\/strong><br \/>\nFitness Party! (multiactividad deportiva)<\/p>\n<p>\u2022<strong> Jueves, 10 abril, a las 18h00:<\/strong><br \/>\nBoot Camp<\/p>\n<p>&nbsp;<\/p>\n ","protected":false},"excerpt":{"rendered":"<p>Con motivo del D\u00eda Mundial de la Actividad F\u00edsica el pr\u00f3ximo d\u00eda 6 de abril, el Palai de G\u00e8u de Vielha ha organizado diferentes actividades gratuitas: \u2022 Viernes, 4 de abril, a las 15h00: Juego deportivo del ping\u00fcino \u2022 S\u00e1bado, 5 de abril, a las 18h00: Clase de nataci\u00f3n (hay que saber nadar un poco&#8230;<\/p>\n","protected":false},"author":2,"featured_media":3285,"comment_status":"closed","ping_status":"closed","sticky":false,"template":"","format":"standard","meta":{"footnotes":""},"categories":[34,37],"tags":[],"_links":{"self":[{"href":"https:\/\/www.conselharan.org\/es\/wp-json\/wp\/v2\/posts\/3289"}],"collection":[{"href":"https:\/\/www.conselharan.org\/es\/wp-json\/wp\/v2\/posts"}],"about":[{"href":"https:\/\/www.conselharan.org\/es\/wp-json\/wp\/v2\/types\/post"}],"author":[{"embeddable":true,"href":"https:\/\/www.conselharan.org\/es\/wp-json\/wp\/v2\/users\/2"}],"replies":[{"embeddable":true,"href":"https:\/\/www.conselharan.org\/es\/wp-json\/wp\/v2\/comments?post=3289"}],"version-history":[{"count":1,"href":"https:\/\/www.conselharan.org\/es\/wp-json\/wp\/v2\/posts\/3289\/revisions"}],"predecessor-version":[{"id":3290,"href":"https:\/\/www.conselharan.org\/es\/wp-json\/wp\/v2\/posts\/3289\/revisions\/3290"}],"wp:featuredmedia":[{"embeddable":true,"href":"https:\/\/www.conselharan.org\/es\/wp-json\/wp\/v2\/media\/3285"}],"wp:attachment":[{"href":"https:\/\/www.conselharan.org\/es\/wp-json\/wp\/v2\/media?parent=3289"}],"wp:term":[{"taxonomy":"category","embeddable":true,"href":"https:\/\/www.conselharan.org\/es\/wp-json\/wp\/v2\/categories?post=3289"},{"taxonomy":"post_tag","embeddable":true,"href":"https:\/\/www.conselharan.org\/es\/wp-json\/wp\/v2\/tags?post=3289"}],"curies":[{"name":"wp","href":"https:\/\/api.w.org\/{rel}","templated":true}]}}