{"id":33587,"date":"2020-04-24T11:34:57","date_gmt":"2020-04-24T09:34:57","guid":{"rendered":"https:\/\/www.conselharan.org\/se-confirmen-a-traues-de-test-serologics-15-casi-de-covid-19-en-aran\/"},"modified":"2020-04-24T11:36:16","modified_gmt":"2020-04-24T09:36:16","slug":"se-confirmen-a-traues-de-test-serologics-15-casi-de-covid-19-en-aran","status":"publish","type":"post","link":"https:\/\/www.conselharan.org\/es\/se-confirmen-a-traues-de-test-serologics-15-casi-de-covid-19-en-aran\/","title":{"rendered":"Se confirman a trav\u00e9s de test serol\u00f3gicos 15 casos de COVID-19 en Aran"},"content":{"rendered":"<p><a href=\"https:\/\/www.conselharan.org\/wp-content\/uploads\/2020\/04\/conselh.jpg\"><img loading=\"lazy\" decoding=\"async\" class=\"aligncenter wp-image-33582 size-full\" src=\"https:\/\/www.conselharan.org\/wp-content\/uploads\/2020\/04\/conselh.jpg\" alt=\"\" width=\"720\" height=\"720\" srcset=\"https:\/\/www.conselharan.org\/wp-content\/uploads\/2020\/04\/conselh.jpg 720w, https:\/\/www.conselharan.org\/wp-content\/uploads\/2020\/04\/conselh-300x300.jpg 300w, https:\/\/www.conselharan.org\/wp-content\/uploads\/2020\/04\/conselh-150x150.jpg 150w, https:\/\/www.conselharan.org\/wp-content\/uploads\/2020\/04\/conselh-270x270.jpg 270w, https:\/\/www.conselharan.org\/wp-content\/uploads\/2020\/04\/conselh-207x207.jpg 207w, https:\/\/www.conselharan.org\/wp-content\/uploads\/2020\/04\/conselh-75x75.jpg 75w\" sizes=\"(max-width: 720px) 100vw, 720px\" \/><\/a><\/p>\n<ul>\n<li>\n<h3><strong>Estos casos se han detectado a trav\u00e9s de los test realizados en pacientes que han estado en aislamiento domiciliario y con seguimiento por parte de los profesionales de atenci\u00f3n primaria<\/strong><\/h3>\n<\/li>\n<\/ul>\n<p>Con estos, en Aran hay un total de 24 casos confirmados a trav\u00e9s de test serol\u00f3gicos y 90 a trav\u00e9s de pruebas diagn\u00f3sticas PCR. Por tanto el total de confirmados en COVID-19 desde el inicio de la pandemia en Aran es de 114.<\/p>\n ","protected":false},"excerpt":{"rendered":"<p>Estos casos se han detectado a trav\u00e9s de los test realizados en pacientes que han estado en aislamiento domiciliario y con seguimiento por parte de los profesionales de atenci\u00f3n primaria Con estos, en Aran hay un total de 24 casos confirmados a trav\u00e9s de test serol\u00f3gicos y 90 a trav\u00e9s de pruebas diagn\u00f3sticas PCR. Por&#8230;<\/p>\n","protected":false},"author":10,"featured_media":33584,"comment_status":"closed","ping_status":"closed","sticky":false,"template":"","format":"standard","meta":{"footnotes":""},"categories":[34],"tags":[],"_links":{"self":[{"href":"https:\/\/www.conselharan.org\/es\/wp-json\/wp\/v2\/posts\/33587"}],"collection":[{"href":"https:\/\/www.conselharan.org\/es\/wp-json\/wp\/v2\/posts"}],"about":[{"href":"https:\/\/www.conselharan.org\/es\/wp-json\/wp\/v2\/types\/post"}],"author":[{"embeddable":true,"href":"https:\/\/www.conselharan.org\/es\/wp-json\/wp\/v2\/users\/10"}],"replies":[{"embeddable":true,"href":"https:\/\/www.conselharan.org\/es\/wp-json\/wp\/v2\/comments?post=33587"}],"version-history":[{"count":1,"href":"https:\/\/www.conselharan.org\/es\/wp-json\/wp\/v2\/posts\/33587\/revisions"}],"predecessor-version":[{"id":33588,"href":"https:\/\/www.conselharan.org\/es\/wp-json\/wp\/v2\/posts\/33587\/revisions\/33588"}],"wp:featuredmedia":[{"embeddable":true,"href":"https:\/\/www.conselharan.org\/es\/wp-json\/wp\/v2\/media\/33584"}],"wp:attachment":[{"href":"https:\/\/www.conselharan.org\/es\/wp-json\/wp\/v2\/media?parent=33587"}],"wp:term":[{"taxonomy":"category","embeddable":true,"href":"https:\/\/www.conselharan.org\/es\/wp-json\/wp\/v2\/categories?post=33587"},{"taxonomy":"post_tag","embeddable":true,"href":"https:\/\/www.conselharan.org\/es\/wp-json\/wp\/v2\/tags?post=33587"}],"curies":[{"name":"wp","href":"https:\/\/api.w.org\/{rel}","templated":true}]}}