{"id":34141,"date":"2020-05-27T15:40:39","date_gmt":"2020-05-27T13:40:39","guid":{"rendered":"https:\/\/www.conselharan.org\/se-confirme-un-nau-cas-de-covid-19-en-aran-3\/"},"modified":"2020-05-27T15:41:27","modified_gmt":"2020-05-27T13:41:27","slug":"se-confirme-un-nau-cas-de-covid-19-en-aran-3","status":"publish","type":"post","link":"https:\/\/www.conselharan.org\/es\/se-confirme-un-nau-cas-de-covid-19-en-aran-3\/","title":{"rendered":"Se confirma un nuevo caso de COVID-19 en Aran"},"content":{"rendered":"<p><a href=\"https:\/\/www.conselharan.org\/wp-content\/uploads\/2020\/05\/conselh.jpg\"><img loading=\"lazy\" decoding=\"async\" class=\"aligncenter wp-image-34136 size-full\" src=\"https:\/\/www.conselharan.org\/wp-content\/uploads\/2020\/05\/conselh.jpg\" alt=\"\" width=\"720\" height=\"720\" srcset=\"https:\/\/www.conselharan.org\/wp-content\/uploads\/2020\/05\/conselh.jpg 720w, https:\/\/www.conselharan.org\/wp-content\/uploads\/2020\/05\/conselh-300x300.jpg 300w, https:\/\/www.conselharan.org\/wp-content\/uploads\/2020\/05\/conselh-150x150.jpg 150w, https:\/\/www.conselharan.org\/wp-content\/uploads\/2020\/05\/conselh-270x270.jpg 270w, https:\/\/www.conselharan.org\/wp-content\/uploads\/2020\/05\/conselh-207x207.jpg 207w, https:\/\/www.conselharan.org\/wp-content\/uploads\/2020\/05\/conselh-75x75.jpg 75w\" sizes=\"(max-width: 720px) 100vw, 720px\" \/><\/a><\/p>\n<ul>\n<li>\n<h3><strong>El caso ha sido confirmado a trav\u00e9s de la prueba PCR<\/strong><\/h3>\n<\/li>\n<\/ul>\n<p>La persona afectada se encuentra en aislamiento domiciliario. En estos momentos se ha puesto en marcha el protocolo de seguimiento, de acuerdo con el Servicio de Vigilancia Epidemiol\u00f3gica, y los profesionales sanitarios de atenci\u00f3n primaria del Espitau Val d\u2019Aran realizar\u00e1n un seguimiento a los contactos de la persona afectada, para comprobar que no haya m\u00e1s contagiados.<\/p>\n<p>El gobierno del Conselh Generau d\u2019Aran recuerda a la ciudadan\u00eda aranesa que es necesario seguir todas las medidas preventivas establecidas por las autoridades sanitarias para evitar un nuevo rebrote de COVID-19, que har\u00eda volver a dar pasos atr\u00e1s en nuestro territorio.<\/p>\n<p>Actualmente, el total de casos confirmados en la Val d\u2019Aran es de 129: 94 detectados a trav\u00e9s de la prueba PCR (identifica la infecci\u00f3n) y 35 a trav\u00e9s de test serol\u00f3gicos (identifican la inmunidad).<\/p>\n ","protected":false},"excerpt":{"rendered":"<p>El caso ha sido confirmado a trav\u00e9s de la prueba PCR La persona afectada se encuentra en aislamiento domiciliario. En estos momentos se ha puesto en marcha el protocolo de seguimiento, de acuerdo con el Servicio de Vigilancia Epidemiol\u00f3gica, y los profesionales sanitarios de atenci\u00f3n primaria del Espitau Val d\u2019Aran realizar\u00e1n un seguimiento a los&#8230;<\/p>\n","protected":false},"author":10,"featured_media":34138,"comment_status":"closed","ping_status":"closed","sticky":false,"template":"","format":"standard","meta":{"footnotes":""},"categories":[34,789],"tags":[],"_links":{"self":[{"href":"https:\/\/www.conselharan.org\/es\/wp-json\/wp\/v2\/posts\/34141"}],"collection":[{"href":"https:\/\/www.conselharan.org\/es\/wp-json\/wp\/v2\/posts"}],"about":[{"href":"https:\/\/www.conselharan.org\/es\/wp-json\/wp\/v2\/types\/post"}],"author":[{"embeddable":true,"href":"https:\/\/www.conselharan.org\/es\/wp-json\/wp\/v2\/users\/10"}],"replies":[{"embeddable":true,"href":"https:\/\/www.conselharan.org\/es\/wp-json\/wp\/v2\/comments?post=34141"}],"version-history":[{"count":1,"href":"https:\/\/www.conselharan.org\/es\/wp-json\/wp\/v2\/posts\/34141\/revisions"}],"predecessor-version":[{"id":34142,"href":"https:\/\/www.conselharan.org\/es\/wp-json\/wp\/v2\/posts\/34141\/revisions\/34142"}],"wp:featuredmedia":[{"embeddable":true,"href":"https:\/\/www.conselharan.org\/es\/wp-json\/wp\/v2\/media\/34138"}],"wp:attachment":[{"href":"https:\/\/www.conselharan.org\/es\/wp-json\/wp\/v2\/media?parent=34141"}],"wp:term":[{"taxonomy":"category","embeddable":true,"href":"https:\/\/www.conselharan.org\/es\/wp-json\/wp\/v2\/categories?post=34141"},{"taxonomy":"post_tag","embeddable":true,"href":"https:\/\/www.conselharan.org\/es\/wp-json\/wp\/v2\/tags?post=34141"}],"curies":[{"name":"wp","href":"https:\/\/api.w.org\/{rel}","templated":true}]}}