{"id":34393,"date":"2020-06-10T15:59:03","date_gmt":"2020-06-10T13:59:03","guid":{"rendered":"https:\/\/www.conselharan.org\/un-nau-cas-de-covid-19-confirmat-en-aran-4\/"},"modified":"2020-06-10T16:01:15","modified_gmt":"2020-06-10T14:01:15","slug":"un-nau-cas-de-covid-19-confirmat-en-aran-4","status":"publish","type":"post","link":"https:\/\/www.conselharan.org\/es\/un-nau-cas-de-covid-19-confirmat-en-aran-4\/","title":{"rendered":"Un nuevo caso de COVID-19 confirmado en Aran"},"content":{"rendered":"<p><a href=\"https:\/\/www.conselharan.org\/wp-content\/uploads\/2020\/05\/conselh.jpg\"><img loading=\"lazy\" decoding=\"async\" class=\"aligncenter wp-image-34136 size-full\" src=\"https:\/\/www.conselharan.org\/wp-content\/uploads\/2020\/05\/conselh.jpg\" alt=\"\" width=\"720\" height=\"720\" srcset=\"https:\/\/www.conselharan.org\/wp-content\/uploads\/2020\/05\/conselh.jpg 720w, https:\/\/www.conselharan.org\/wp-content\/uploads\/2020\/05\/conselh-300x300.jpg 300w, https:\/\/www.conselharan.org\/wp-content\/uploads\/2020\/05\/conselh-150x150.jpg 150w, https:\/\/www.conselharan.org\/wp-content\/uploads\/2020\/05\/conselh-270x270.jpg 270w, https:\/\/www.conselharan.org\/wp-content\/uploads\/2020\/05\/conselh-207x207.jpg 207w, https:\/\/www.conselharan.org\/wp-content\/uploads\/2020\/05\/conselh-75x75.jpg 75w\" sizes=\"(max-width: 720px) 100vw, 720px\" \/><\/a><\/p>\n<ul>\n<li>\n<h3><strong>Con este son ya 131 los casos confirmados en la Val d\u2019Aran<\/strong><\/h3>\n<\/li>\n<\/ul>\n<p>El caso ha sido confirmado a trav\u00e9s de la prueba PCR y la persona afectada se encuentra en aislamiento domiciliario.<\/p>\n<p>Actualmente, el total de casos confirmados en la Val d\u2019Aran es de 131: 96 detectados a trav\u00e9s de la prueba PCR (identifica la infecci\u00f3n) y 35 a trav\u00e9s de test serol\u00f3gicos (identifican la inmunidad).<\/p>\n ","protected":false},"excerpt":{"rendered":"<p>Con este son ya 131 los casos confirmados en la Val d\u2019Aran El caso ha sido confirmado a trav\u00e9s de la prueba PCR y la persona afectada se encuentra en aislamiento domiciliario. Actualmente, el total de casos confirmados en la Val d\u2019Aran es de 131: 96 detectados a trav\u00e9s de la prueba PCR (identifica la&#8230;<\/p>\n","protected":false},"author":10,"featured_media":34138,"comment_status":"closed","ping_status":"closed","sticky":false,"template":"","format":"standard","meta":{"footnotes":""},"categories":[34,789],"tags":[],"_links":{"self":[{"href":"https:\/\/www.conselharan.org\/es\/wp-json\/wp\/v2\/posts\/34393"}],"collection":[{"href":"https:\/\/www.conselharan.org\/es\/wp-json\/wp\/v2\/posts"}],"about":[{"href":"https:\/\/www.conselharan.org\/es\/wp-json\/wp\/v2\/types\/post"}],"author":[{"embeddable":true,"href":"https:\/\/www.conselharan.org\/es\/wp-json\/wp\/v2\/users\/10"}],"replies":[{"embeddable":true,"href":"https:\/\/www.conselharan.org\/es\/wp-json\/wp\/v2\/comments?post=34393"}],"version-history":[{"count":1,"href":"https:\/\/www.conselharan.org\/es\/wp-json\/wp\/v2\/posts\/34393\/revisions"}],"predecessor-version":[{"id":34394,"href":"https:\/\/www.conselharan.org\/es\/wp-json\/wp\/v2\/posts\/34393\/revisions\/34394"}],"wp:featuredmedia":[{"embeddable":true,"href":"https:\/\/www.conselharan.org\/es\/wp-json\/wp\/v2\/media\/34138"}],"wp:attachment":[{"href":"https:\/\/www.conselharan.org\/es\/wp-json\/wp\/v2\/media?parent=34393"}],"wp:term":[{"taxonomy":"category","embeddable":true,"href":"https:\/\/www.conselharan.org\/es\/wp-json\/wp\/v2\/categories?post=34393"},{"taxonomy":"post_tag","embeddable":true,"href":"https:\/\/www.conselharan.org\/es\/wp-json\/wp\/v2\/tags?post=34393"}],"curies":[{"name":"wp","href":"https:\/\/api.w.org\/{rel}","templated":true}]}}