{"id":34582,"date":"2020-06-25T12:22:37","date_gmt":"2020-06-25T10:22:37","guid":{"rendered":"https:\/\/www.conselharan.org\/34578\/"},"modified":"2020-06-25T12:24:42","modified_gmt":"2020-06-25T10:24:42","slug":"34578","status":"publish","type":"post","link":"https:\/\/www.conselharan.org\/es\/34578\/","title":{"rendered":"Cinco nuevos casos de COVID-19 confirmados en Aran"},"content":{"rendered":"<p><a href=\"https:\/\/www.conselharan.org\/wp-content\/uploads\/2020\/06\/Logo.jpg\"><img loading=\"lazy\" decoding=\"async\" class=\"aligncenter wp-image-34550 size-full\" src=\"https:\/\/www.conselharan.org\/wp-content\/uploads\/2020\/06\/Logo.jpg\" alt=\"\" width=\"720\" height=\"720\" srcset=\"https:\/\/www.conselharan.org\/wp-content\/uploads\/2020\/06\/Logo.jpg 720w, https:\/\/www.conselharan.org\/wp-content\/uploads\/2020\/06\/Logo-300x300.jpg 300w, https:\/\/www.conselharan.org\/wp-content\/uploads\/2020\/06\/Logo-150x150.jpg 150w, https:\/\/www.conselharan.org\/wp-content\/uploads\/2020\/06\/Logo-270x270.jpg 270w, https:\/\/www.conselharan.org\/wp-content\/uploads\/2020\/06\/Logo-207x207.jpg 207w, https:\/\/www.conselharan.org\/wp-content\/uploads\/2020\/06\/Logo-75x75.jpg 75w\" sizes=\"(max-width: 720px) 100vw, 720px\" \/><\/a><\/p>\n<ul>\n<li>\n<h3><strong>Estos nuevos positivos han sido confirmados a trav\u00e9s de la prueba PCR y se encuentran en aislamiento domiciliario<\/strong><\/h3>\n<\/li>\n<\/ul>\n<p>En estos momentos, los profesionales sanitarios del Espitau Val d\u2019Aran realizan el seguimiento de los contactos de los cinco nuevos confirmados y no se descarta que haya m\u00e1s casos positivos.<\/p>\n<p>Actualmente, el total de casos de COVID-19 confirmados en Aran es de 177: 103 detectados a trav\u00e9s de la prueba PCR (que identifica la infecci\u00f3n) y 74 a trav\u00e9s de las pruebas inmunol\u00f3gicas.<\/p>\n<p><strong>El gobierno del Conselh Generau d\u2019Aran vuelve a pedir responsabilidad y prudencia a la ciudadan\u00eda para evitar un nuevo rebrote, que puede tener consecuencias nefastas para la sanidad y econom\u00eda aranesas. <\/strong><\/p>\n ","protected":false},"excerpt":{"rendered":"<p>Estos nuevos positivos han sido confirmados a trav\u00e9s de la prueba PCR y se encuentran en aislamiento domiciliario En estos momentos, los profesionales sanitarios del Espitau Val d\u2019Aran realizan el seguimiento de los contactos de los cinco nuevos confirmados y no se descarta que haya m\u00e1s casos positivos. Actualmente, el total de casos de COVID-19&#8230;<\/p>\n","protected":false},"author":10,"featured_media":0,"comment_status":"closed","ping_status":"closed","sticky":false,"template":"","format":"standard","meta":{"footnotes":""},"categories":[34,789],"tags":[],"_links":{"self":[{"href":"https:\/\/www.conselharan.org\/es\/wp-json\/wp\/v2\/posts\/34582"}],"collection":[{"href":"https:\/\/www.conselharan.org\/es\/wp-json\/wp\/v2\/posts"}],"about":[{"href":"https:\/\/www.conselharan.org\/es\/wp-json\/wp\/v2\/types\/post"}],"author":[{"embeddable":true,"href":"https:\/\/www.conselharan.org\/es\/wp-json\/wp\/v2\/users\/10"}],"replies":[{"embeddable":true,"href":"https:\/\/www.conselharan.org\/es\/wp-json\/wp\/v2\/comments?post=34582"}],"version-history":[{"count":1,"href":"https:\/\/www.conselharan.org\/es\/wp-json\/wp\/v2\/posts\/34582\/revisions"}],"predecessor-version":[{"id":34583,"href":"https:\/\/www.conselharan.org\/es\/wp-json\/wp\/v2\/posts\/34582\/revisions\/34583"}],"wp:attachment":[{"href":"https:\/\/www.conselharan.org\/es\/wp-json\/wp\/v2\/media?parent=34582"}],"wp:term":[{"taxonomy":"category","embeddable":true,"href":"https:\/\/www.conselharan.org\/es\/wp-json\/wp\/v2\/categories?post=34582"},{"taxonomy":"post_tag","embeddable":true,"href":"https:\/\/www.conselharan.org\/es\/wp-json\/wp\/v2\/tags?post=34582"}],"curies":[{"name":"wp","href":"https:\/\/api.w.org\/{rel}","templated":true}]}}