{"id":34746,"date":"2020-07-08T08:50:11","date_gmt":"2020-07-08T06:50:11","guid":{"rendered":"https:\/\/www.conselharan.org\/se-reactive-era-convocatoria-publica-de-places-en-espitau-val-daran\/"},"modified":"2020-07-08T08:50:53","modified_gmt":"2020-07-08T06:50:53","slug":"se-reactive-era-convocatoria-publica-de-places-en-espitau-val-daran","status":"publish","type":"post","link":"https:\/\/www.conselharan.org\/es\/se-reactive-era-convocatoria-publica-de-places-en-espitau-val-daran\/","title":{"rendered":"Se reactiva la convocatoria p\u00fablica de plazas en el Espitau Val d\u2019Aran"},"content":{"rendered":"<p><a href=\"https:\/\/www.conselharan.org\/wp-content\/uploads\/2020\/07\/Espitau-scaled.jpg\"><img loading=\"lazy\" decoding=\"async\" class=\"aligncenter wp-image-34741 size-large\" src=\"https:\/\/www.conselharan.org\/wp-content\/uploads\/2020\/07\/Espitau-1024x768.jpg\" alt=\"\" width=\"1024\" height=\"768\" srcset=\"https:\/\/www.conselharan.org\/wp-content\/uploads\/2020\/07\/Espitau-1024x768.jpg 1024w, https:\/\/www.conselharan.org\/wp-content\/uploads\/2020\/07\/Espitau-300x225.jpg 300w, https:\/\/www.conselharan.org\/wp-content\/uploads\/2020\/07\/Espitau-768x576.jpg 768w, https:\/\/www.conselharan.org\/wp-content\/uploads\/2020\/07\/Espitau-1536x1152.jpg 1536w, https:\/\/www.conselharan.org\/wp-content\/uploads\/2020\/07\/Espitau-2048x1536.jpg 2048w\" sizes=\"(max-width: 1024px) 100vw, 1024px\" \/><\/a><\/p>\n<ul>\n<li>\n<h3><strong>Se ha reactivado la convocatoria de pruebas selectivas para la cobertura de 15 contratos indefinidos para la cobertura de 15 puestos de trabajo de la plantilla laboral de la sociedad Aran Salut, Servicis Assistenciaus Integradi, S.L que qued\u00f3 suspendida por la crisis provocada por el COVID-19<\/strong><\/h3>\n<\/li>\n<\/ul>\n<p>Aran Salut S.L. ha reabierto el proceso p\u00fablico de selecci\u00f3n de personal que inici\u00f3 antes de la crisis del COVID-19 y que se tuvo que paralizar a causa de la emergencia sanitaria.<\/p>\n<p>Las 15 plazas ofertadas son:<\/p>\n<p>&nbsp;<\/p>\n<p>1 m\u00e9dico especialista en Atenci\u00f3n Primaria<\/p>\n<p>1 m\u00e9dico especialista en Cirug\u00eda<\/p>\n<p>1 m\u00e9dico especialista en Ginecolog\u00eda<\/p>\n<p>1 m\u00e9dico especialista en Traumatolog\u00eda<\/p>\n<p>1 m\u00e9dico especialista en Anestesia<\/p>\n<p>2 m\u00e9dicos de Urgencias<\/p>\n<p>1 enfermero\/a Atenci\u00f3n Primaria<\/p>\n<p>2 enfermero \/a hospitalizaci\u00f3n<\/p>\n<p>1 administrativo\/a de Urgencias a tiempo parcial<\/p>\n<p>1 administrativo \/a Log\u00edstica Almac\u00e9n Farmacia a tiempo parcial<\/p>\n<p>1 administrativo \/a Oficina T\u00e9cnica a tiempo parcial<\/p>\n<p>1 ayudante cocina<\/p>\n<p>1 Subalterno\/a Porta literas<\/p>\n<p>&nbsp;<\/p>\n<p><strong>El periodo de admisi\u00f3n de solicitudes y documentaci\u00f3n finaliza el lunes 13 de julio a las 14:00 horas<\/strong>. Para m\u00e1s informaci\u00f3n se puede consultar la <u><a href=\"http:\/\/www.aransalut.net\/as\/index.php\/es\/\">p\u00e1gina web de Aran Salut S.L<\/a><\/u>.<\/p>\n ","protected":false},"excerpt":{"rendered":"<p>Se ha reactivado la convocatoria de pruebas selectivas para la cobertura de 15 contratos indefinidos para la cobertura de 15 puestos de trabajo de la plantilla laboral de la sociedad Aran Salut, Servicis Assistenciaus Integradi, S.L que qued\u00f3 suspendida por la crisis provocada por el COVID-19 Aran Salut S.L. ha reabierto el proceso p\u00fablico de&#8230;<\/p>\n","protected":false},"author":10,"featured_media":34743,"comment_status":"closed","ping_status":"closed","sticky":false,"template":"","format":"standard","meta":{"footnotes":""},"categories":[34,789],"tags":[],"_links":{"self":[{"href":"https:\/\/www.conselharan.org\/es\/wp-json\/wp\/v2\/posts\/34746"}],"collection":[{"href":"https:\/\/www.conselharan.org\/es\/wp-json\/wp\/v2\/posts"}],"about":[{"href":"https:\/\/www.conselharan.org\/es\/wp-json\/wp\/v2\/types\/post"}],"author":[{"embeddable":true,"href":"https:\/\/www.conselharan.org\/es\/wp-json\/wp\/v2\/users\/10"}],"replies":[{"embeddable":true,"href":"https:\/\/www.conselharan.org\/es\/wp-json\/wp\/v2\/comments?post=34746"}],"version-history":[{"count":1,"href":"https:\/\/www.conselharan.org\/es\/wp-json\/wp\/v2\/posts\/34746\/revisions"}],"predecessor-version":[{"id":34747,"href":"https:\/\/www.conselharan.org\/es\/wp-json\/wp\/v2\/posts\/34746\/revisions\/34747"}],"wp:featuredmedia":[{"embeddable":true,"href":"https:\/\/www.conselharan.org\/es\/wp-json\/wp\/v2\/media\/34743"}],"wp:attachment":[{"href":"https:\/\/www.conselharan.org\/es\/wp-json\/wp\/v2\/media?parent=34746"}],"wp:term":[{"taxonomy":"category","embeddable":true,"href":"https:\/\/www.conselharan.org\/es\/wp-json\/wp\/v2\/categories?post=34746"},{"taxonomy":"post_tag","embeddable":true,"href":"https:\/\/www.conselharan.org\/es\/wp-json\/wp\/v2\/tags?post=34746"}],"curies":[{"name":"wp","href":"https:\/\/api.w.org\/{rel}","templated":true}]}}