{"id":34783,"date":"2020-07-09T14:48:07","date_gmt":"2020-07-09T12:48:07","guid":{"rendered":"https:\/\/www.conselharan.org\/era-val-daran-presta-ta-un-ostiu-segur-e-indesbrembable\/"},"modified":"2020-07-09T14:50:33","modified_gmt":"2020-07-09T12:50:33","slug":"era-val-daran-presta-ta-un-ostiu-segur-e-indesbrembable","status":"publish","type":"post","link":"https:\/\/www.conselharan.org\/es\/era-val-daran-presta-ta-un-ostiu-segur-e-indesbrembable\/","title":{"rendered":"La Val d\u2019Aran, lista para un verano seguro e inolvidable"},"content":{"rendered":"<p><a href=\"https:\/\/www.conselharan.org\/wp-content\/uploads\/2020\/07\/Beret-11-scaled.jpg\"><img loading=\"lazy\" decoding=\"async\" class=\"aligncenter wp-image-34775 size-large\" src=\"https:\/\/www.conselharan.org\/wp-content\/uploads\/2020\/07\/Beret-11-1024x774.jpg\" alt=\"\" width=\"1024\" height=\"774\" srcset=\"https:\/\/www.conselharan.org\/wp-content\/uploads\/2020\/07\/Beret-11-1024x774.jpg 1024w, https:\/\/www.conselharan.org\/wp-content\/uploads\/2020\/07\/Beret-11-300x227.jpg 300w, https:\/\/www.conselharan.org\/wp-content\/uploads\/2020\/07\/Beret-11-768x580.jpg 768w, https:\/\/www.conselharan.org\/wp-content\/uploads\/2020\/07\/Beret-11-1536x1161.jpg 1536w, https:\/\/www.conselharan.org\/wp-content\/uploads\/2020\/07\/Beret-11-2048x1548.jpg 2048w\" sizes=\"(max-width: 1024px) 100vw, 1024px\" \/><\/a><\/p>\n<ul>\n<li>\n<h3>El gobierno del Conselh Generau d\u2019Aran y el sector tur\u00edstico aran\u00e9s han trabajado desde el inicio de la crisis del COVID-19 para ofrecer a los visitantes unas vacaciones de verano seguras y con un amplio abanico de actividades para disfrutar del entorno, cultura y patrimonio araneses<\/h3>\n<\/li>\n<li>\n<h3>En este sentido, y despu\u00e9s de diversas informaciones aparecidas en los medios de comunicaci\u00f3n, es necesario destacar que la situaci\u00f3n de confinamiento por los rebrotes de COVID-19 en el Segri\u00e0 no tiene ninguna relaci\u00f3n con la Val d\u2019Aran y las comarcas pirenaicas y no afecta tampoco al transporte<\/h3>\n<\/li>\n<\/ul>\n<p>La Val d\u2019Aran est\u00e1 lista para afrontar una temporada de verano diferente despu\u00e9s de la crisis sanitaria provocada por la COVID-19. <strong>Los establecimientos hosteleros, de restauraci\u00f3n y comercios araneses se han adaptado con velocidad a la nueva normalidad para ofrecer a sus clientes un servicio seguro y adaptado a las medidas establecidas por las autoridades competentes.<\/strong><\/p>\n<p>Tal como apunta el Bar\u00f3metro Tur\u00edstico elaborado por Braintrust en su an\u00e1lisis del impacto de la COVID-19 en el sector, las tendencias generales indican que los viajes a entornos naturales ser\u00e1n de los primeros en repuntar este verano. En este sentido, afirma el consejero de Econom\u00eda, Turismo y Promoci\u00f3n econ\u00f3mica, Josep Canut, \u201c<strong>Aran es una destinaci\u00f3n privilegiada, no solo por su entorno de monta\u00f1a, sino porque el tipo de hosteler\u00eda que ofrece, con peque\u00f1os hoteles y hostales familiares, campings y apartamentos tur\u00edsticos, todos listos para ofrecer una estancia segura<\/strong>\u201d.<\/p>\n<p><a href=\"https:\/\/www.conselharan.org\/wp-content\/uploads\/2020\/07\/BOSS\u00d2ST-scaled.jpg\"><img loading=\"lazy\" decoding=\"async\" class=\"aligncenter wp-image-34778 size-large\" src=\"https:\/\/www.conselharan.org\/wp-content\/uploads\/2020\/07\/BOSS\u00d2ST-1024x683.jpg\" alt=\"\" width=\"1024\" height=\"683\" srcset=\"https:\/\/www.conselharan.org\/wp-content\/uploads\/2020\/07\/BOSS\u00d2ST-1024x683.jpg 1024w, https:\/\/www.conselharan.org\/wp-content\/uploads\/2020\/07\/BOSS\u00d2ST-300x200.jpg 300w, https:\/\/www.conselharan.org\/wp-content\/uploads\/2020\/07\/BOSS\u00d2ST-768x512.jpg 768w, https:\/\/www.conselharan.org\/wp-content\/uploads\/2020\/07\/BOSS\u00d2ST-1536x1024.jpg 1536w, https:\/\/www.conselharan.org\/wp-content\/uploads\/2020\/07\/BOSS\u00d2ST-2048x1365.jpg 2048w\" sizes=\"(max-width: 1024px) 100vw, 1024px\" \/><\/a><\/p>\n<p>\u201cEn estos momentos, debido a ciertas informaciones aparecidas en los medios de comunicaci\u00f3n, <strong>es necesario destacar que la situaci\u00f3n de confinamiento en la comarca del Segri\u00e0, no tiene ninguna relaci\u00f3n con la Val d\u2019Aran ni las comarcas pirenaicas a nivel sanitario ni tampoco tiene ninguna afectaci\u00f3n a nivel de transporte<\/strong>, puesto que se permite la movilidad por carretera y no hay afectaciones a nivel de transporte p\u00fablico (trenes y autobuses) ni en el aeropuerto de Lleida Alguaire\u201d, afirma el consejero de Econom\u00eda, Turismo y Promoci\u00f3n econ\u00f3mica, Juan Antonio Serrano, que a\u00f1ade que: \u201c<strong>en Aran, en estos momentos, ya hemos cerrado el brote detectado a mediados de junio y el Espitau Val d\u2019Aran no ha tenido ning\u00fan ingreso por coronavirus desde el mes de mayo<\/strong>\u201d.<\/p>\n<p>Por otro lado, el sector servicios tambi\u00e9n ha trabajado desde el inicio de la pandemia para adaptar sus actividades a los nuevos tiempos y los visitantes que escojan Aran para pasar sus vacaciones de verano podr\u00e1n disfrutar de un amplio abanico de actividades de todo tipo y para todos los p\u00fablicos.<\/p>\n<p>En lo referente a las actividades al aire libre, m\u00e1s all\u00e1 de las rutas de senderismo y ciclismo para todos los niveles, la Val d\u2019Aran ofrece tambi\u00e9n la oportunidad, desde principios de julio, de realizar actividades guiadas como rafting, kayak, barrancos, v\u00edas ferrata o excursiones a caballo. Para aquellos que lo prefieran, se pueden realizar rutas emblem\u00e1ticas como la Pedals de Foc o el Setau Sag\u00e8th entre otras rutas itinerantes de prestigio internacional que ya est\u00e1n recibiendo p\u00fablico de pa\u00edses como Alemania o B\u00e9lgica.<\/p>\n<p>Infraestructuras como Aran Park, Naturaran, el Palai de G\u00e8u o las piscinas municipales han abierto tambi\u00e9n al p\u00fablico, estableciendo las medidas de seguridad pertinentes.<\/p>\n<p><a href=\"https:\/\/www.conselharan.org\/wp-content\/uploads\/2020\/07\/Co\u0300dis-QR-Torisme.jpg\"><img loading=\"lazy\" decoding=\"async\" class=\"aligncenter wp-image-34760 size-large\" src=\"https:\/\/www.conselharan.org\/wp-content\/uploads\/2020\/07\/Co\u0300dis-QR-Torisme-1024x768.jpg\" alt=\"\" width=\"1024\" height=\"768\" srcset=\"https:\/\/www.conselharan.org\/wp-content\/uploads\/2020\/07\/Co\u0300dis-QR-Torisme-1024x768.jpg 1024w, https:\/\/www.conselharan.org\/wp-content\/uploads\/2020\/07\/Co\u0300dis-QR-Torisme-300x225.jpg 300w, https:\/\/www.conselharan.org\/wp-content\/uploads\/2020\/07\/Co\u0300dis-QR-Torisme-768x576.jpg 768w, https:\/\/www.conselharan.org\/wp-content\/uploads\/2020\/07\/Co\u0300dis-QR-Torisme-1536x1152.jpg 1536w, https:\/\/www.conselharan.org\/wp-content\/uploads\/2020\/07\/Co\u0300dis-QR-Torisme.jpg 1600w\" sizes=\"(max-width: 1024px) 100vw, 1024px\" \/><\/a><\/p>\n<p>Por su parte, los Museos de la Val d\u2019Aran han abierto hoy sus puertas y las visitas guiadas empiezan el d\u00eda 13 de julio, as\u00ed como la ruta rom\u00e1nica por distintas iglesias del territorio.<\/p>\n<p>Entre otras actividades, Baqueira abrir\u00e1 su telesilla de verano este 18 de julio, coincidiendo con la puesta en marcha del tren de la Artiga de Lin, mientras que los taxis a Valarties y Colom\u00e8rs ofrecer\u00e1n este a\u00f1o tambi\u00e9n sus servicios.<\/p>\n<p>A\u00fan as\u00ed, <strong>desde el gobierno del Conselh Generau d\u2019Aran, se insiste en pedir responsabilidad y prudencia aplicando las medidas de seguridad recomendadas por las autoridades (distancia, mascarilla e higiene) para poder disfrutar de un verano inolvidable en la Val d\u2019Aran.<\/strong><\/p>\n ","protected":false},"excerpt":{"rendered":"<p>El gobierno del Conselh Generau d\u2019Aran y el sector tur\u00edstico aran\u00e9s han trabajado desde el inicio de la crisis del COVID-19 para ofrecer a los visitantes unas vacaciones de verano seguras y con un amplio abanico de actividades para disfrutar del entorno, cultura y patrimonio araneses En este sentido, y despu\u00e9s de diversas informaciones aparecidas&#8230;<\/p>\n","protected":false},"author":10,"featured_media":34777,"comment_status":"closed","ping_status":"closed","sticky":false,"template":"","format":"standard","meta":{"footnotes":""},"categories":[52,137],"tags":[902,15,910,911,691,909],"_links":{"self":[{"href":"https:\/\/www.conselharan.org\/es\/wp-json\/wp\/v2\/posts\/34783"}],"collection":[{"href":"https:\/\/www.conselharan.org\/es\/wp-json\/wp\/v2\/posts"}],"about":[{"href":"https:\/\/www.conselharan.org\/es\/wp-json\/wp\/v2\/types\/post"}],"author":[{"embeddable":true,"href":"https:\/\/www.conselharan.org\/es\/wp-json\/wp\/v2\/users\/10"}],"replies":[{"embeddable":true,"href":"https:\/\/www.conselharan.org\/es\/wp-json\/wp\/v2\/comments?post=34783"}],"version-history":[{"count":2,"href":"https:\/\/www.conselharan.org\/es\/wp-json\/wp\/v2\/posts\/34783\/revisions"}],"predecessor-version":[{"id":34785,"href":"https:\/\/www.conselharan.org\/es\/wp-json\/wp\/v2\/posts\/34783\/revisions\/34785"}],"wp:featuredmedia":[{"embeddable":true,"href":"https:\/\/www.conselharan.org\/es\/wp-json\/wp\/v2\/media\/34777"}],"wp:attachment":[{"href":"https:\/\/www.conselharan.org\/es\/wp-json\/wp\/v2\/media?parent=34783"}],"wp:term":[{"taxonomy":"category","embeddable":true,"href":"https:\/\/www.conselharan.org\/es\/wp-json\/wp\/v2\/categories?post=34783"},{"taxonomy":"post_tag","embeddable":true,"href":"https:\/\/www.conselharan.org\/es\/wp-json\/wp\/v2\/tags?post=34783"}],"curies":[{"name":"wp","href":"https:\/\/api.w.org\/{rel}","templated":true}]}}