{"id":35067,"date":"2020-07-15T14:27:13","date_gmt":"2020-07-15T12:27:13","guid":{"rendered":"https:\/\/www.conselharan.org\/eth-govern-deth-conselh-generau-daran-prepause-a-frederic-verges-bartau-entath-premi-robert-lafont\/"},"modified":"2020-07-15T14:32:38","modified_gmt":"2020-07-15T12:32:38","slug":"eth-govern-deth-conselh-generau-daran-prepause-a-frederic-verges-bartau-entath-premi-robert-lafont","status":"publish","type":"post","link":"https:\/\/www.conselharan.org\/es\/eth-govern-deth-conselh-generau-daran-prepause-a-frederic-verges-bartau-entath-premi-robert-lafont\/","title":{"rendered":"El gobierno del Conselh Generau d\u2019Aran propone a Frederic Verg\u00e9s Bartau para el Premio Rob\u00e8rt Lafont"},"content":{"rendered":"<p><a href=\"https:\/\/www.conselharan.org\/wp-content\/uploads\/2020\/07\/Plen-CGA-15-7.jpeg\"><img loading=\"lazy\" decoding=\"async\" class=\"aligncenter wp-image-35062 size-large\" src=\"https:\/\/www.conselharan.org\/wp-content\/uploads\/2020\/07\/Plen-CGA-15-7-1024x768.jpeg\" alt=\"\" width=\"1024\" height=\"768\" srcset=\"https:\/\/www.conselharan.org\/wp-content\/uploads\/2020\/07\/Plen-CGA-15-7-1024x768.jpeg 1024w, https:\/\/www.conselharan.org\/wp-content\/uploads\/2020\/07\/Plen-CGA-15-7-300x225.jpeg 300w, https:\/\/www.conselharan.org\/wp-content\/uploads\/2020\/07\/Plen-CGA-15-7-768x576.jpeg 768w, https:\/\/www.conselharan.org\/wp-content\/uploads\/2020\/07\/Plen-CGA-15-7-1536x1152.jpeg 1536w, https:\/\/www.conselharan.org\/wp-content\/uploads\/2020\/07\/Plen-CGA-15-7.jpeg 1600w\" sizes=\"(max-width: 1024px) 100vw, 1024px\" \/><\/a><\/p>\n<ul>\n<li>\n<h3><strong>El pleno del Conselh Generau d\u2019Aran ha ratificado hoy la propuesta del equipo de gobierno para presentar la candidatura de Verg\u00e9s al Premio Rob\u00e8rt Lafont por su larga trayectoria como referente en el impulso, ense\u00f1anza y estudio del aran\u00e9s, as\u00ed como por su estima y cuidado a Aran y su cultura y lengua <\/strong><\/h3>\n<\/li>\n<\/ul>\n<p>El gobierno del Conselh Generau d\u2019Aran ha propuesto a Frederic Verg\u00e9s como candidato para el Premio Rob\u00e8rt Lafont, y as\u00ed lo comunic\u00f3 d\u00edas atr\u00e1s a la Generalitat de Catalunya. A\u00fan as\u00ed, hoy el Pleno del Conselh Generau ha ratificado esta propuesta.<\/p>\n<p>El s\u00edndico de Aran afirma que Verg\u00e9s \u201cmerece este reconocimiento por numerosos motivos, especialmente porque ha sido, es y ser\u00e1 el referente de muchas generaciones en el impulso, ense\u00f1anza y estudio del aran\u00e9s, pero tambi\u00e9n por su categor\u00eda humana, que le ha hecho amar su pa\u00eds, su lengua y cultura, transmitiendo los conocimientos y valores a todas las personas que han tenido el placer de conocerlo\u201d.<\/p>\n<p>Recordamos que el Premio Rob\u00e8rt Lafont, concedido por el departamento de Cultura de la Generalitat de Catalunya, tiene como objetivo reconocer y premiar a las personas o entidades que se hayan distinguido por la defensa, proyecci\u00f3n y promoci\u00f3n de la lengua aranesa y occitana en todas sus variantes, en cualquier punto del dominio ling\u00fc\u00edstico.<\/p>\n<p>Frederic Verg\u00e9s Bartau tiene una larga trayectoria como militante activo de la lengua y cultura de Aran. De 1974 hasta ahora, ha impartido clases y cursos de aran\u00e9s tanto a adultos como a alumnos de las escuelas aranesas, maestro de maestros y responsable del reciclaje del profesorado, fue el primer defensor de la pertinencia del aran\u00e9s al dialecto gasc\u00f3n, ha sido miembro de la Comisi\u00f3n para el estudio de la Normativa Ling\u00fc\u00edstica Aranesa, director del Centro de Normalizaci\u00f3n Ling\u00fc\u00edstica del Conselh Generau d\u2019Aran y presidente de la Secci\u00f3n Ling\u00fc\u00edstica del IEA hasta 2011, y actualmente es presidente del Centro de Estudios Araneses.<\/p>\n<p>Es autor y coautor de casi una veintena de publicaciones en aran\u00e9s, y de m\u00e1s de una decena de publicaciones did\u00e1cticas en aran\u00e9s para la escuela y, en la actualidad, trabaja en la elaboraci\u00f3n del diccionario castellano-aran\u00e9s con unas 45.000 entradas, una obra muy necesaria y esperada y que abrir\u00e1 un antes y un despu\u00e9s en el uso de la lengua de Aran.<\/p>\n<p>Por estos motivos y por su largo curr\u00edculum, el gobierno aran\u00e9s lo considera como merecido candidato a este reconocimiento.<\/p>\n<p>Durante el pleno, se ha procedido tambi\u00e9n al nombramiento de los representantes del Conselh Generau d\u2019Aran en el pleno del Consorcio Leader Pirineo Occidental y se ha aprobado el documento de bases en favor de una nueva econom\u00eda para los pueblos peque\u00f1os.<\/p>\n ","protected":false},"excerpt":{"rendered":"<p>El pleno del Conselh Generau d\u2019Aran ha ratificado hoy la propuesta del equipo de gobierno para presentar la candidatura de Verg\u00e9s al Premio Rob\u00e8rt Lafont por su larga trayectoria como referente en el impulso, ense\u00f1anza y estudio del aran\u00e9s, as\u00ed como por su estima y cuidado a Aran y su cultura y lengua El gobierno&#8230;<\/p>\n","protected":false},"author":10,"featured_media":35064,"comment_status":"closed","ping_status":"closed","sticky":false,"template":"","format":"standard","meta":{"footnotes":""},"categories":[795,52,132],"tags":[],"_links":{"self":[{"href":"https:\/\/www.conselharan.org\/es\/wp-json\/wp\/v2\/posts\/35067"}],"collection":[{"href":"https:\/\/www.conselharan.org\/es\/wp-json\/wp\/v2\/posts"}],"about":[{"href":"https:\/\/www.conselharan.org\/es\/wp-json\/wp\/v2\/types\/post"}],"author":[{"embeddable":true,"href":"https:\/\/www.conselharan.org\/es\/wp-json\/wp\/v2\/users\/10"}],"replies":[{"embeddable":true,"href":"https:\/\/www.conselharan.org\/es\/wp-json\/wp\/v2\/comments?post=35067"}],"version-history":[{"count":1,"href":"https:\/\/www.conselharan.org\/es\/wp-json\/wp\/v2\/posts\/35067\/revisions"}],"predecessor-version":[{"id":35068,"href":"https:\/\/www.conselharan.org\/es\/wp-json\/wp\/v2\/posts\/35067\/revisions\/35068"}],"wp:featuredmedia":[{"embeddable":true,"href":"https:\/\/www.conselharan.org\/es\/wp-json\/wp\/v2\/media\/35064"}],"wp:attachment":[{"href":"https:\/\/www.conselharan.org\/es\/wp-json\/wp\/v2\/media?parent=35067"}],"wp:term":[{"taxonomy":"category","embeddable":true,"href":"https:\/\/www.conselharan.org\/es\/wp-json\/wp\/v2\/categories?post=35067"},{"taxonomy":"post_tag","embeddable":true,"href":"https:\/\/www.conselharan.org\/es\/wp-json\/wp\/v2\/tags?post=35067"}],"curies":[{"name":"wp","href":"https:\/\/api.w.org\/{rel}","templated":true}]}}