{"id":36374,"date":"2020-09-17T21:01:18","date_gmt":"2020-09-17T19:01:18","guid":{"rendered":"https:\/\/www.conselharan.org\/eth-conselh-generau-daran-presente-era-serie-en-aranes-em-co-quem\/"},"modified":"2020-09-17T21:17:50","modified_gmt":"2020-09-17T19:17:50","slug":"eth-conselh-generau-daran-presente-era-serie-en-aranes-em-co-quem","status":"publish","type":"post","link":"https:\/\/www.conselharan.org\/es\/eth-conselh-generau-daran-presente-era-serie-en-aranes-em-co-quem\/","title":{"rendered":"El Conselh Generau d\u2019Aran presenta la serie en aran\u00e9s \u00c8m \u00e7\u00f2 qu\u2019\u00e8m"},"content":{"rendered":"<p><a href=\"https:\/\/www.conselharan.org\/wp-content\/uploads\/2020\/09\/Presentacion.jpg\"><img loading=\"lazy\" decoding=\"async\" class=\"aligncenter wp-image-36369 size-large\" src=\"https:\/\/www.conselharan.org\/wp-content\/uploads\/2020\/09\/Presentacion-1024x680.jpg\" alt=\"\" width=\"1024\" height=\"680\" srcset=\"https:\/\/www.conselharan.org\/wp-content\/uploads\/2020\/09\/Presentacion-1024x680.jpg 1024w, https:\/\/www.conselharan.org\/wp-content\/uploads\/2020\/09\/Presentacion-300x199.jpg 300w, https:\/\/www.conselharan.org\/wp-content\/uploads\/2020\/09\/Presentacion-768x510.jpg 768w, https:\/\/www.conselharan.org\/wp-content\/uploads\/2020\/09\/Presentacion-1536x1020.jpg 1536w, https:\/\/www.conselharan.org\/wp-content\/uploads\/2020\/09\/Presentacion.jpg 1600w\" sizes=\"(max-width: 1024px) 100vw, 1024px\" \/><\/a><\/p>\n<ul>\n<li>\n<h3><strong>La serie, impulsada por el gobierno de Aran, busca promover la normalizaci\u00f3n ling\u00fc\u00edstica del aran\u00e9s a trav\u00e9s de la ficci\u00f3n y el humor, y se podr\u00e1 ver en Lleida TV y todas las televisiones locales de Catalunya a partir del jueves que viene<\/strong><\/h3>\n<\/li>\n<\/ul>\n<p>Esta tarde ha tenido lugar la presentaci\u00f3n oficial de la nueva serie en aran\u00e9s <em>\u00c8m \u00e7\u00f2 qu\u2019\u00e8m<\/em>, impulsada por el gobierno del Conselh Generau d\u2019Aran de la mano de Lleida TV a trav\u00e9s de la productora audiovisual Kionalia Project.<\/p>\n<p>En este acto de presentaci\u00f3n, en el que han estado presentes las personas implicadas en el desarrollo de este novedoso producto audiovisual, el s\u00edndico de Aran, Franc\u00e9s Boya, ha destacado la importancia que tiene para la normalizaci\u00f3n de la lengua propia de Aran la creaci\u00f3n de esta serie.<\/p>\n<p>\u201cDesde el gobierno de Aran hemos apostado por una forma m\u00e1s creativa para impulsar la promoci\u00f3n y normalizaci\u00f3n de nuestra lengua propia puesto que, a pesar de las dificultades con las que nos encontramos para poder desplegar una pol\u00edtica ling\u00fc\u00edstica eficaz para luchar contra la desaparici\u00f3n del aran\u00e9s, consideramos indispensable continuar trabajando y buscando nuevas f\u00f3rmulas para acercar la lengua a las nuevas generaciones\u201d, ha afirmado el s\u00edndico de Aran.<\/p>\n<p>Este novedoso producto audiovisual apuesta por la ficci\u00f3n y el humor para promover la normalizaci\u00f3n ling\u00fc\u00edstica del aran\u00e9s y, a trav\u00e9s de diversos gags, tratar\u00e1 los errores y dudas m\u00e1s comunes que aparecen en el uso habitual de la lengua propia de Aran, con la finalidad de acercar la lengua a un p\u00fablico extenso en un formato poco explotado hasta ahora.<\/p>\n<p>Esta producci\u00f3n est\u00e1 protagonizada por el Servicio de Inteligencia Aranesa SIA, una experta en la lengua propia de Aran, acompa\u00f1ada de otros personajes interpretados por actores y actrices del territorio.<\/p>\n<p>\u201cCon esta producci\u00f3n no solo trabajamos en la normalizaci\u00f3n de la lengua, sino que tambi\u00e9n damos visibilidad al gran talento que hay en la Val d\u2019Aran\u201d, ha asegurado el s\u00edndico de Aran a la vez que agradec\u00eda a todas las personas que han participado \u201csu dedicaci\u00f3n y voluntad de colaborar en el impulso del aran\u00e9s\u201d.<\/p>\n<p><em>\u00c8m \u00e7\u00f2 qu\u2019\u00e8m <\/em>se estrenar\u00e1 el jueves, 24 de septiembre, y se emitir\u00e1 en Lleida TV los jueves a las 22:55 de la noche y en todas las televisiones locales de Catalunya a trav\u00e9s de La Xarxa los viernes a las 8:55 de la ma\u00f1ana. Tambi\u00e9n se podr\u00e1 encontrar a la carta en sus p\u00e1ginas web.<\/p>\n<p><a href=\"https:\/\/www.conselharan.org\/wp-content\/uploads\/2020\/09\/Comprimit.jpeg\"><img loading=\"lazy\" decoding=\"async\" class=\"aligncenter wp-image-35943 size-large\" src=\"https:\/\/www.conselharan.org\/wp-content\/uploads\/2020\/09\/Comprimit-819x1024.jpeg\" alt=\"\" width=\"819\" height=\"1024\" srcset=\"https:\/\/www.conselharan.org\/wp-content\/uploads\/2020\/09\/Comprimit-819x1024.jpeg 819w, https:\/\/www.conselharan.org\/wp-content\/uploads\/2020\/09\/Comprimit-240x300.jpeg 240w, https:\/\/www.conselharan.org\/wp-content\/uploads\/2020\/09\/Comprimit-768x960.jpeg 768w, https:\/\/www.conselharan.org\/wp-content\/uploads\/2020\/09\/Comprimit.jpeg 1080w\" sizes=\"(max-width: 819px) 100vw, 819px\" \/><\/a><\/p>\n ","protected":false},"excerpt":{"rendered":"<p>La serie, impulsada por el gobierno de Aran, busca promover la normalizaci\u00f3n ling\u00fc\u00edstica del aran\u00e9s a trav\u00e9s de la ficci\u00f3n y el humor, y se podr\u00e1 ver en Lleida TV y todas las televisiones locales de Catalunya a partir del jueves que viene Esta tarde ha tenido lugar la presentaci\u00f3n oficial de la nueva serie&#8230;<\/p>\n","protected":false},"author":10,"featured_media":36371,"comment_status":"closed","ping_status":"closed","sticky":false,"template":"","format":"standard","meta":{"footnotes":""},"categories":[52,132],"tags":[],"_links":{"self":[{"href":"https:\/\/www.conselharan.org\/es\/wp-json\/wp\/v2\/posts\/36374"}],"collection":[{"href":"https:\/\/www.conselharan.org\/es\/wp-json\/wp\/v2\/posts"}],"about":[{"href":"https:\/\/www.conselharan.org\/es\/wp-json\/wp\/v2\/types\/post"}],"author":[{"embeddable":true,"href":"https:\/\/www.conselharan.org\/es\/wp-json\/wp\/v2\/users\/10"}],"replies":[{"embeddable":true,"href":"https:\/\/www.conselharan.org\/es\/wp-json\/wp\/v2\/comments?post=36374"}],"version-history":[{"count":2,"href":"https:\/\/www.conselharan.org\/es\/wp-json\/wp\/v2\/posts\/36374\/revisions"}],"predecessor-version":[{"id":36376,"href":"https:\/\/www.conselharan.org\/es\/wp-json\/wp\/v2\/posts\/36374\/revisions\/36376"}],"wp:featuredmedia":[{"embeddable":true,"href":"https:\/\/www.conselharan.org\/es\/wp-json\/wp\/v2\/media\/36371"}],"wp:attachment":[{"href":"https:\/\/www.conselharan.org\/es\/wp-json\/wp\/v2\/media?parent=36374"}],"wp:term":[{"taxonomy":"category","embeddable":true,"href":"https:\/\/www.conselharan.org\/es\/wp-json\/wp\/v2\/categories?post=36374"},{"taxonomy":"post_tag","embeddable":true,"href":"https:\/\/www.conselharan.org\/es\/wp-json\/wp\/v2\/tags?post=36374"}],"curies":[{"name":"wp","href":"https:\/\/api.w.org\/{rel}","templated":true}]}}