{"id":36589,"date":"2020-09-26T10:50:46","date_gmt":"2020-09-26T08:50:46","guid":{"rendered":"https:\/\/www.conselharan.org\/eth-conselh-generau-daran-reclame-ara-generalitat-es-mieis-enta-realizar-es-proves-pcr-en-espitau-val-daran\/"},"modified":"2020-09-26T10:51:57","modified_gmt":"2020-09-26T08:51:57","slug":"eth-conselh-generau-daran-reclame-ara-generalitat-es-mieis-enta-realizar-es-proves-pcr-en-espitau-val-daran","status":"publish","type":"post","link":"https:\/\/www.conselharan.org\/es\/eth-conselh-generau-daran-reclame-ara-generalitat-es-mieis-enta-realizar-es-proves-pcr-en-espitau-val-daran\/","title":{"rendered":"El Conselh Generau d\u2019Aran reclama a la Generalitat los medios para realizar las pruebas PCR en el Espitau Val d\u2019Aran"},"content":{"rendered":"<p><a href=\"https:\/\/www.conselharan.org\/wp-content\/uploads\/2020\/09\/Image.jpeg\"><img loading=\"lazy\" decoding=\"async\" class=\"aligncenter wp-image-36584 size-large\" src=\"https:\/\/www.conselharan.org\/wp-content\/uploads\/2020\/09\/Image-1024x768.jpeg\" alt=\"\" width=\"1024\" height=\"768\" srcset=\"https:\/\/www.conselharan.org\/wp-content\/uploads\/2020\/09\/Image-1024x768.jpeg 1024w, https:\/\/www.conselharan.org\/wp-content\/uploads\/2020\/09\/Image-300x225.jpeg 300w, https:\/\/www.conselharan.org\/wp-content\/uploads\/2020\/09\/Image-768x576.jpeg 768w, https:\/\/www.conselharan.org\/wp-content\/uploads\/2020\/09\/Image-1536x1152.jpeg 1536w, https:\/\/www.conselharan.org\/wp-content\/uploads\/2020\/09\/Image.jpeg 1600w\" sizes=\"(max-width: 1024px) 100vw, 1024px\" \/><\/a><\/p>\n<ul>\n<li>\n<h3><strong>Durante la reuni\u00f3n que tuvo lugar ayer entre el Conselh Generau d\u2019Aran y la Regi\u00f3n sanitaria del Alto Pirineo y Aran, se reclam\u00f3 de nuevo a la Generalitat que dote al gobierno de Aran de los medios necesarios para que las pruebas PCR puedan realizarse en el Espitau Val d\u2019Aran, como \u00fanica medida para ganar tiempo y efectividad a la hora de romper las cadenas de contagio<\/strong><\/h3>\n<\/li>\n<li>\n<h3><strong>As\u00ed mismo, el gobierno del Conselh Generau exigi\u00f3 a la Generalitat que haga efectivo el pago de la compensaci\u00f3n al personal sanitario aran\u00e9s con motivo del COVID-19, que en el resto de Catalunya se cobr\u00f3 en el mes de agosto<\/strong><\/h3>\n<\/li>\n<\/ul>\n<p>Ayer se llev\u00f3 a cabo la constituci\u00f3n de la comisi\u00f3n mixta de seguimiento entre el Conselh Generau d\u2019Aran y el departamento de Salud de la Generalitat a trav\u00e9s de la Regi\u00f3n Sanitaria del Alto Pirineo y Aran, una comisi\u00f3n creada a petici\u00f3n del gobierno de Aran para agilizar los asuntos relacionados con el sistema sanitario aran\u00e9s que permanecen paralizados desde hace tiempo.<\/p>\n<p>En esta primera reuni\u00f3n, la consejera de Igualdad, Salud y Bienestar, Maria Verg\u00e9s, acompa\u00f1ada de los responsables del Servicio Aran\u00e9s de Bienestar y Salud (SABS), volvi\u00f3 a reiterar la necesidad urgente de que la Generalitat de Catalunya dote de los medios necesarios al Conselh Generau para que las pruebas PCR se puedan realizar en el Espitau Val d\u2019Aran.<\/p>\n<p>Seg\u00fan afirmaba la consejera, \u201crealizar estas pruebas en nuestro hospital es la forma m\u00e1s eficaz de poder afrontar el oto\u00f1o y el invierno con ciertas garant\u00edas de que el virus no paralizar\u00e1 todo el territorio cuando haya casos positivos, puesto que la rapidez de actuaci\u00f3n y ser capaces de cortar las cadenas de transmisi\u00f3n son, a d\u00eda de hoy, las mejores herramientas para combatir esta situaci\u00f3n sanitaria\u201d.<\/p>\n<p>Por otro lado, se reclam\u00f3 tambi\u00e9n que el personal sanitario de la Val d\u2019Aran se vea compensado con la paga extraordinaria concedida con motivo de la crisis sanitaria provocada por la COVID-19 que la Generalitat de Catalunya otorg\u00f3 a los sanitarios catalanes el pasado mes de agosto, pero que todav\u00eda no ha llegado al personal aran\u00e9s puesto que no se ha hecho efectivo el traspaso de estos recursos al Conselh Generau d\u2019Aran.<\/p>\n<p>\u201cHemos reclamado al Departamento de Salud que haga ya efectivo este pago tan merecido para nuestros profesionales y que en el resto del territorio SISCAT ya se pag\u00f3 en el mes de agosto\u201d, declaraba la consejera.<\/p>\n<p>El gobierno del Conselh Generau d\u2019Aran ya se ha dirigido en numerosas ocasiones al Departamento de Salud a lo largo de los \u00faltimos a\u00f1os para poner de manifiesto la compleja situaci\u00f3n de la sanidad aranesa y los retos y problem\u00e1ticas que esta debe encarar, entre los cuales cabe destacar la falta de financiaci\u00f3n, que se mantiene en cifras similares a las de 2009, a pesar de que han crecido los servicios que se ofrecen, sobre todo despu\u00e9s de la crisis sanitaria.<\/p>\n<p>\u201cSi ya sufr\u00edamos las consecuencias de la infrafinanciaci\u00f3n antes de la COVID-19, a d\u00eda de hoy el estado de la sanidad aranesa es todav\u00eda m\u00e1s delicado\u201d, explicaba Verg\u00e9s, a\u00f1adiendo que: \u201cproblemas como la falta de recursos, de espacios y de profesionales se han visto incrementados a causa de la pandemia, y por ello pedimos a la Generalitat una mayor predisposici\u00f3n a escuchar las necesidades de Aran y su sistema sanitario\u201d.<\/p>\n<p>En este sentido, desde el gobierno del Conselh se ha insistido en la importancia que tiene trabajar en la relaci\u00f3n bilateral entre el departamento de Salud y el propio Conselh Generau y se ha recordado a la Generalitat de Catalunya que, a pesar de que las competencias en materia de sanidad est\u00e1n traspasadas, la voluntad de colaboraci\u00f3n es total.<\/p>\n<p>El s\u00edndico de Aran, Franc\u00e9s Boya, afirmaba que \u201cpara el Conselh Generau d\u2019Aran es de vital importancia mantener una relaci\u00f3n bilateral con la Generalitat de Catalunya. As\u00ed mismo, es urgente mejorar la situaci\u00f3n del sistema sanitario aran\u00e9s, que hasta el momento y con la crisis COVID se ha demostrado que es un modelo pr\u00f3ximo y efectivo y la voluntad del gobierno aran\u00e9s es que lo siga siendo\u201d.<\/p>\n<p>Durante la reuni\u00f3n se trataron tambi\u00e9n asuntos relacionados con la salud p\u00fablica como la gesti\u00f3n sanitaria de la COVID o la relaci\u00f3n con el Servicio de Emergencias M\u00e9dicas (SEM). En este sentido, la consejera Verg\u00e9s agradeci\u00f3 la predisposici\u00f3n de la Regi\u00f3n Sanitaria del Alto Pirineo y Aran a trabajar en la mejora de la sanidad aranesa.<\/p>\n ","protected":false},"excerpt":{"rendered":"<p>Durante la reuni\u00f3n que tuvo lugar ayer entre el Conselh Generau d\u2019Aran y la Regi\u00f3n sanitaria del Alto Pirineo y Aran, se reclam\u00f3 de nuevo a la Generalitat que dote al gobierno de Aran de los medios necesarios para que las pruebas PCR puedan realizarse en el Espitau Val d\u2019Aran, como \u00fanica medida para ganar&#8230;<\/p>\n","protected":false},"author":10,"featured_media":36586,"comment_status":"closed","ping_status":"closed","sticky":false,"template":"","format":"standard","meta":{"footnotes":""},"categories":[52,789],"tags":[],"_links":{"self":[{"href":"https:\/\/www.conselharan.org\/es\/wp-json\/wp\/v2\/posts\/36589"}],"collection":[{"href":"https:\/\/www.conselharan.org\/es\/wp-json\/wp\/v2\/posts"}],"about":[{"href":"https:\/\/www.conselharan.org\/es\/wp-json\/wp\/v2\/types\/post"}],"author":[{"embeddable":true,"href":"https:\/\/www.conselharan.org\/es\/wp-json\/wp\/v2\/users\/10"}],"replies":[{"embeddable":true,"href":"https:\/\/www.conselharan.org\/es\/wp-json\/wp\/v2\/comments?post=36589"}],"version-history":[{"count":1,"href":"https:\/\/www.conselharan.org\/es\/wp-json\/wp\/v2\/posts\/36589\/revisions"}],"predecessor-version":[{"id":36590,"href":"https:\/\/www.conselharan.org\/es\/wp-json\/wp\/v2\/posts\/36589\/revisions\/36590"}],"wp:featuredmedia":[{"embeddable":true,"href":"https:\/\/www.conselharan.org\/es\/wp-json\/wp\/v2\/media\/36586"}],"wp:attachment":[{"href":"https:\/\/www.conselharan.org\/es\/wp-json\/wp\/v2\/media?parent=36589"}],"wp:term":[{"taxonomy":"category","embeddable":true,"href":"https:\/\/www.conselharan.org\/es\/wp-json\/wp\/v2\/categories?post=36589"},{"taxonomy":"post_tag","embeddable":true,"href":"https:\/\/www.conselharan.org\/es\/wp-json\/wp\/v2\/tags?post=36589"}],"curies":[{"name":"wp","href":"https:\/\/api.w.org\/{rel}","templated":true}]}}