{"id":3662,"date":"2014-05-20T12:41:40","date_gmt":"2014-05-20T10:41:40","guid":{"rendered":"http:\/\/www.conselharan.org\/?p=3662"},"modified":"2014-05-20T12:41:40","modified_gmt":"2014-05-20T10:41:40","slug":"los-ultimos-analisis-geneticos-realizados-a-la-osezna-auberta-confirman-que-es-hija-de-fadeta-y-de-pyros","status":"publish","type":"post","link":"https:\/\/www.conselharan.org\/es\/los-ultimos-analisis-geneticos-realizados-a-la-osezna-auberta-confirman-que-es-hija-de-fadeta-y-de-pyros\/","title":{"rendered":"Los \u00faltimos an\u00e1lisis gen\u00e9ticos realizados a la osezna Aub\u00e8rta confirman que es hija de Fadeta y de Pyros"},"content":{"rendered":"<p><a href=\"http:\/\/www.conselharan.org\/wp-content\/uploads\/2014\/05\/auberta-1.jpg\"><img loading=\"lazy\" decoding=\"async\" class=\"alignleft size-full wp-image-3658\" alt=\"auberta 1\" src=\"http:\/\/www.conselharan.org\/wp-content\/uploads\/2014\/05\/auberta-1.jpg\" width=\"450\" height=\"800\" srcset=\"https:\/\/www.conselharan.org\/wp-content\/uploads\/2014\/05\/auberta-1.jpg 450w, https:\/\/www.conselharan.org\/wp-content\/uploads\/2014\/05\/auberta-1-168x300.jpg 168w\" sizes=\"(max-width: 450px) 100vw, 450px\" \/><\/a><\/p>\n<p>\u2022<strong> Aub\u00e8rta estar\u00e1 los pr\u00f3ximos meses en un cercado situado en una zona de bosque natural de unos 5000 metros cuadrados de superficie, donde se la alimentar\u00e1 y cuidar\u00e1 siguiendo un protocolo consensuado internacionalmente para que en un futuro pueda sobrevivir en libertad de manera aut\u00f3noma<\/strong><\/p>\n<p>Los primeros resultados de los an\u00e1lisis gen\u00e9ticos efectuados al cachorro encontrado el pasado 17 de abril en Aub\u00e8rt indican que la osezna es hija de la osa Fadeta y de Pyros. Esto vendr\u00eda a reforzar el acierto de las medidas tomadas por el Conselh Generau d\u2019Aran los primeros d\u00edas, dado que Fadeta se ha localizado en la zona monta\u00f1osa que va de Vilam\u00f2s a Salient, lugares donde se devolvi\u00f3 al cachorro los primeros d\u00edas con el objetivo que reencontrara la madre.<\/p>\n<p>El motivo por el cual el cachorro se separ\u00f3 de Fadeta contin\u00faa siendo un misterio y cualquier hip\u00f3tesis continua siendo pura conjetura. Hay que remarcar que Aub\u00e8rta ser\u00eda fruto de un primer parto de Fadeta, nacida en 2010, y que esta es una madre primeriza y sin experiencia, y esto podr\u00eda reforzar la hip\u00f3tesis de una separaci\u00f3n accidental de forma natural.<\/p>\n<p>A ra\u00edz de los resultados del laboratorio franc\u00e9s, el Conselh Generau d\u2019Aran est\u00e1 haciendo una revisi\u00f3n general de las muestras gen\u00e9ticas obtenidas el \u00faltimo mes, a fin de enviarlas a analizar para obtener alguna nueva informaci\u00f3n sobre el estado y la ubicaci\u00f3n de Fadeta, la madre del cachorro.<\/p>\n<p>El hallazgo tambi\u00e9n hace aflorar otra problem\u00e1tica, que es la consanguinidad de la poblaci\u00f3n de osos pirenaica, puesto que Aub\u00e8rta es hija y a la vez nieta de Pyros, dado que este es tambi\u00e9n el padre de Fadeta. La osa Bamb\u00fa (hija de Hvala y un macho esloveno) ser\u00eda la madre de Fadeta, de tal manera que Pyros es el \u00fanico macho reproductor efectivo en el Pirineo. Los otros machos presentes como Balou, Moonboots o Bonab\u00e9 (estos \u00faltimos tambi\u00e9n hijos de Pyros) no est\u00e1n participando de momento en las reproducciones constatadas al Pirineu.<\/p>\n<p>El cachorro fue trasladado la semana pasada a un cercado donde se estar\u00e1 los pr\u00f3ximos meses, situado en una zona de bosque natural de unos 5000 metros cuadrados de superficie, donde se le alimentar\u00e1 y cuidar\u00e1 siguiendo un protocolo consensuado internacionalmente para que en un futuro pueda sobrevivir en libertad de manera aut\u00f3noma.<\/p>\n ","protected":false},"excerpt":{"rendered":"<p>\u2022 Aub\u00e8rta estar\u00e1 los pr\u00f3ximos meses en un cercado situado en una zona de bosque natural de unos 5000 metros cuadrados de superficie, donde se la alimentar\u00e1 y cuidar\u00e1 siguiendo un protocolo consensuado internacionalmente para que en un futuro pueda sobrevivir en libertad de manera aut\u00f3noma Los primeros resultados de los an\u00e1lisis gen\u00e9ticos efectuados al&#8230;<\/p>\n","protected":false},"author":2,"featured_media":3658,"comment_status":"closed","ping_status":"closed","sticky":false,"template":"","format":"standard","meta":{"footnotes":""},"categories":[129,34,37],"tags":[],"_links":{"self":[{"href":"https:\/\/www.conselharan.org\/es\/wp-json\/wp\/v2\/posts\/3662"}],"collection":[{"href":"https:\/\/www.conselharan.org\/es\/wp-json\/wp\/v2\/posts"}],"about":[{"href":"https:\/\/www.conselharan.org\/es\/wp-json\/wp\/v2\/types\/post"}],"author":[{"embeddable":true,"href":"https:\/\/www.conselharan.org\/es\/wp-json\/wp\/v2\/users\/2"}],"replies":[{"embeddable":true,"href":"https:\/\/www.conselharan.org\/es\/wp-json\/wp\/v2\/comments?post=3662"}],"version-history":[{"count":1,"href":"https:\/\/www.conselharan.org\/es\/wp-json\/wp\/v2\/posts\/3662\/revisions"}],"predecessor-version":[{"id":3663,"href":"https:\/\/www.conselharan.org\/es\/wp-json\/wp\/v2\/posts\/3662\/revisions\/3663"}],"wp:featuredmedia":[{"embeddable":true,"href":"https:\/\/www.conselharan.org\/es\/wp-json\/wp\/v2\/media\/3658"}],"wp:attachment":[{"href":"https:\/\/www.conselharan.org\/es\/wp-json\/wp\/v2\/media?parent=3662"}],"wp:term":[{"taxonomy":"category","embeddable":true,"href":"https:\/\/www.conselharan.org\/es\/wp-json\/wp\/v2\/categories?post=3662"},{"taxonomy":"post_tag","embeddable":true,"href":"https:\/\/www.conselharan.org\/es\/wp-json\/wp\/v2\/tags?post=3662"}],"curies":[{"name":"wp","href":"https:\/\/api.w.org\/{rel}","templated":true}]}}