{"id":36633,"date":"2020-09-28T14:59:21","date_gmt":"2020-09-28T12:59:21","guid":{"rendered":"https:\/\/www.conselharan.org\/museus-val-daran-barre-era-tempsada-dostiu-damb-ues-donades-forca-positives\/"},"modified":"2020-09-28T15:00:33","modified_gmt":"2020-09-28T13:00:33","slug":"museus-val-daran-barre-era-tempsada-dostiu-damb-ues-donades-forca-positives","status":"publish","type":"post","link":"https:\/\/www.conselharan.org\/es\/museus-val-daran-barre-era-tempsada-dostiu-damb-ues-donades-forca-positives\/","title":{"rendered":"Museos Val d\u2019Aran cierra la temporada de verano con unos datos muy positivos"},"content":{"rendered":"<p><a href=\"https:\/\/www.conselharan.org\/wp-content\/uploads\/2020\/09\/IMG_5461-scaled.jpg\"><img loading=\"lazy\" decoding=\"async\" class=\"aligncenter wp-image-36622 size-large\" src=\"https:\/\/www.conselharan.org\/wp-content\/uploads\/2020\/09\/IMG_5461-1024x768.jpg\" alt=\"\" width=\"1024\" height=\"768\" srcset=\"https:\/\/www.conselharan.org\/wp-content\/uploads\/2020\/09\/IMG_5461-1024x768.jpg 1024w, https:\/\/www.conselharan.org\/wp-content\/uploads\/2020\/09\/IMG_5461-300x225.jpg 300w, https:\/\/www.conselharan.org\/wp-content\/uploads\/2020\/09\/IMG_5461-768x576.jpg 768w, https:\/\/www.conselharan.org\/wp-content\/uploads\/2020\/09\/IMG_5461-1536x1152.jpg 1536w, https:\/\/www.conselharan.org\/wp-content\/uploads\/2020\/09\/IMG_5461-2048x1536.jpg 2048w\" sizes=\"(max-width: 1024px) 100vw, 1024px\" \/><\/a><\/p>\n<ul>\n<li>\n<h3><strong>La cifra de visitantes se mantiene en n\u00fameros similares a la del a\u00f1o anterior, a pesar de que el aforo este a\u00f1o se ha visto limitado al 50% para garantizar la seguridad de los visitantes a causa de la situaci\u00f3n sanitaria<\/strong><\/h3>\n<\/li>\n<\/ul>\n<p>Tras tres meses de confinamiento, en los cuales la red de Museos Val d\u2019Aran no dej\u00f3 de trabajar, en el mes de julio los museos arneses volvieron a abrir sus puertas, implementando todas las medidas necesarias para garantizar la seguridad de visitantes y trabajadores y los resultados obtenidos han sido muy satisfactorios teniendo en cuenta la situaci\u00f3n actual.<\/p>\n<p>En la temporada de verano de este a\u00f1o, que se ha alargado desde el 13 de julio hasta el 13 de septiembre, se han abierto m\u00e1s equipamientos de los habituales, incluyendo gu\u00edas en pr\u00e1cticamente todos ellos. En total, alrededor de 10.000 visitantes han disfrutado de estas infraestructuras, una cifra que se mantiene respecto a la de otros veranos, teniendo en cuenta que la capacidad de los equipamientos se ha restringido a un 50% de su aforo. Las visitas que m\u00e1s inter\u00e9s han despertado este a\u00f1o han sido la Mina Vict\u00f2ria (con 3.282 visitantes) y la Ruta Rom\u00e1nica de Aran (en la que han participado 2.324 visitantes), las cuales han crecido respecto al verano anterior.<\/p>\n<p>Como novedad, se han ampliado las visitas guiadas. Se ha podido dar a conocer la M\u00f2la de Unha, se ha recuperado la visita de la iglesia de Sant Andreu de Salard\u00fa, se llev\u00f3 a cabo la conferencia \u201cEl cuarto Caballero del Apocalipsis\u201d, a cargo de J. Carles Riera Socasau, que dio a conocer las epidemias de los siglos XIX y XX en la Val d\u2019Aran, un tema hist\u00f3rico de gran inter\u00e9s en la actualidad.<\/p>\n<p>La situaci\u00f3n de pandemia actual ha provocado la b\u00fasqueda de nuevas formas para la gesti\u00f3n del acceso del p\u00fablico a las visitas guiadas y equipamientos. Aprovechando las nuevas tecnolog\u00edas, desde el Conselh Generau d\u2019Aran, a trav\u00e9s de la red de Museos Val d\u2019Aran, se ha trabajado en el desarrollo e implementaci\u00f3n de un sistema de reservas propio, que permite comprar las entradas en l\u00ednea.<\/p>\n<p><a href=\"https:\/\/www.conselharan.org\/wp-content\/uploads\/2020\/09\/5d1d5962-7664-40ca-aa8a-b10fdcc590a7.jpg\"><img loading=\"lazy\" decoding=\"async\" class=\"aligncenter wp-image-36628 size-full\" src=\"https:\/\/www.conselharan.org\/wp-content\/uploads\/2020\/09\/5d1d5962-7664-40ca-aa8a-b10fdcc590a7.jpg\" alt=\"\" width=\"1024\" height=\"768\" srcset=\"https:\/\/www.conselharan.org\/wp-content\/uploads\/2020\/09\/5d1d5962-7664-40ca-aa8a-b10fdcc590a7.jpg 1024w, https:\/\/www.conselharan.org\/wp-content\/uploads\/2020\/09\/5d1d5962-7664-40ca-aa8a-b10fdcc590a7-300x225.jpg 300w, https:\/\/www.conselharan.org\/wp-content\/uploads\/2020\/09\/5d1d5962-7664-40ca-aa8a-b10fdcc590a7-768x576.jpg 768w\" sizes=\"(max-width: 1024px) 100vw, 1024px\" \/><\/a><\/p>\n<p>Esta plataforma responde a un doble objetivo. Por un lado, garantizar la seguridad de las visitas, estableciendo un control efectivo de los aforos, evitar el intercambio de dinero en met\u00e1lico e informar sobre las medidas de prevenci\u00f3n de la COVID-19. Por el otro lado, se da informaci\u00f3n detallada de los equipamientos a visitar, dando la oportunidad de acceder a contenidos audiovisuales e informaci\u00f3n pr\u00e1ctica.<\/p>\n<p>&nbsp;<\/p>\n<p>La situaci\u00f3n actual, junto con una alta afluencia tur\u00edstica no esperada, a supuesto un esfuerzo extra en la organizaci\u00f3n y gesti\u00f3n de los flujos de visitantes en verano. El incremento de visitantes, muy notable en el mes de agosto, ha representado un reto para poder limitar el acceso y cumplir con los aforos.<\/p>\n<p>&nbsp;<\/p>\n<p>En lo que ta\u00f1e a la procedencia de los usuarios y usuarias de la red de Museos de la Val d\u2019Aran, la mayor\u00eda de los visitantes proced\u00eda del territorio catal\u00e1n, un p\u00fablico que se ha visto aumentado, en detrimento al visitante extranjero. Por su parte, el p\u00fablico local ha continuado fiel a las iniciativas promovidas desde el Museo de la Val d\u2019Aran, con especial inter\u00e9s en conferencias y visitas teatralizadas, en las que el visitante aran\u00e9s ha sido el mayoritario.<\/p>\n<p><a href=\"https:\/\/www.conselharan.org\/wp-content\/uploads\/2020\/09\/ecc0a40d-ebfd-4e1b-b574-1d8df409c93a.jpg\"><img loading=\"lazy\" decoding=\"async\" class=\"aligncenter wp-image-36625 size-large\" src=\"https:\/\/www.conselharan.org\/wp-content\/uploads\/2020\/09\/ecc0a40d-ebfd-4e1b-b574-1d8df409c93a-1024x768.jpg\" alt=\"\" width=\"1024\" height=\"768\" srcset=\"https:\/\/www.conselharan.org\/wp-content\/uploads\/2020\/09\/ecc0a40d-ebfd-4e1b-b574-1d8df409c93a-1024x768.jpg 1024w, https:\/\/www.conselharan.org\/wp-content\/uploads\/2020\/09\/ecc0a40d-ebfd-4e1b-b574-1d8df409c93a-300x225.jpg 300w, https:\/\/www.conselharan.org\/wp-content\/uploads\/2020\/09\/ecc0a40d-ebfd-4e1b-b574-1d8df409c93a-768x576.jpg 768w, https:\/\/www.conselharan.org\/wp-content\/uploads\/2020\/09\/ecc0a40d-ebfd-4e1b-b574-1d8df409c93a-1536x1152.jpg 1536w, https:\/\/www.conselharan.org\/wp-content\/uploads\/2020\/09\/ecc0a40d-ebfd-4e1b-b574-1d8df409c93a.jpg 1600w\" sizes=\"(max-width: 1024px) 100vw, 1024px\" \/><\/a><\/p>\n ","protected":false},"excerpt":{"rendered":"<p>La cifra de visitantes se mantiene en n\u00fameros similares a la del a\u00f1o anterior, a pesar de que el aforo este a\u00f1o se ha visto limitado al 50% para garantizar la seguridad de los visitantes a causa de la situaci\u00f3n sanitaria Tras tres meses de confinamiento, en los cuales la red de Museos Val d\u2019Aran&#8230;<\/p>\n","protected":false},"author":10,"featured_media":36624,"comment_status":"closed","ping_status":"closed","sticky":false,"template":"","format":"standard","meta":{"footnotes":""},"categories":[795,34],"tags":[],"_links":{"self":[{"href":"https:\/\/www.conselharan.org\/es\/wp-json\/wp\/v2\/posts\/36633"}],"collection":[{"href":"https:\/\/www.conselharan.org\/es\/wp-json\/wp\/v2\/posts"}],"about":[{"href":"https:\/\/www.conselharan.org\/es\/wp-json\/wp\/v2\/types\/post"}],"author":[{"embeddable":true,"href":"https:\/\/www.conselharan.org\/es\/wp-json\/wp\/v2\/users\/10"}],"replies":[{"embeddable":true,"href":"https:\/\/www.conselharan.org\/es\/wp-json\/wp\/v2\/comments?post=36633"}],"version-history":[{"count":1,"href":"https:\/\/www.conselharan.org\/es\/wp-json\/wp\/v2\/posts\/36633\/revisions"}],"predecessor-version":[{"id":36634,"href":"https:\/\/www.conselharan.org\/es\/wp-json\/wp\/v2\/posts\/36633\/revisions\/36634"}],"wp:featuredmedia":[{"embeddable":true,"href":"https:\/\/www.conselharan.org\/es\/wp-json\/wp\/v2\/media\/36624"}],"wp:attachment":[{"href":"https:\/\/www.conselharan.org\/es\/wp-json\/wp\/v2\/media?parent=36633"}],"wp:term":[{"taxonomy":"category","embeddable":true,"href":"https:\/\/www.conselharan.org\/es\/wp-json\/wp\/v2\/categories?post=36633"},{"taxonomy":"post_tag","embeddable":true,"href":"https:\/\/www.conselharan.org\/es\/wp-json\/wp\/v2\/tags?post=36633"}],"curies":[{"name":"wp","href":"https:\/\/api.w.org\/{rel}","templated":true}]}}