{"id":36646,"date":"2020-09-29T08:46:59","date_gmt":"2020-09-29T06:46:59","guid":{"rendered":"https:\/\/www.conselharan.org\/confirmadi-cinc-casi-positius-per-covid-19-2\/"},"modified":"2020-09-29T08:47:49","modified_gmt":"2020-09-29T06:47:49","slug":"confirmadi-cinc-casi-positius-per-covid-19-2","status":"publish","type":"post","link":"https:\/\/www.conselharan.org\/es\/confirmadi-cinc-casi-positius-per-covid-19-2\/","title":{"rendered":"Confirmados cinco casos positivos por COVID-19"},"content":{"rendered":"<p><a href=\"https:\/\/www.conselharan.org\/wp-content\/uploads\/2020\/09\/conselh-1.jpg\"><img loading=\"lazy\" decoding=\"async\" class=\"aligncenter wp-image-36608 size-full\" src=\"https:\/\/www.conselharan.org\/wp-content\/uploads\/2020\/09\/conselh-1.jpg\" alt=\"\" width=\"720\" height=\"720\" srcset=\"https:\/\/www.conselharan.org\/wp-content\/uploads\/2020\/09\/conselh-1.jpg 720w, https:\/\/www.conselharan.org\/wp-content\/uploads\/2020\/09\/conselh-1-300x300.jpg 300w, https:\/\/www.conselharan.org\/wp-content\/uploads\/2020\/09\/conselh-1-150x150.jpg 150w, https:\/\/www.conselharan.org\/wp-content\/uploads\/2020\/09\/conselh-1-270x270.jpg 270w, https:\/\/www.conselharan.org\/wp-content\/uploads\/2020\/09\/conselh-1-207x207.jpg 207w, https:\/\/www.conselharan.org\/wp-content\/uploads\/2020\/09\/conselh-1-75x75.jpg 75w\" sizes=\"(max-width: 720px) 100vw, 720px\" \/><\/a><\/p>\n<ul>\n<li>\n<h3><strong>Estos positivos est\u00e1n relacionados con casos comunicados estos d\u00edas atr\u00e1s y se han detectado a trav\u00e9s de las pruebas PCR realizadas en el Espitau Val d\u2019Aran<\/strong><\/h3>\n<\/li>\n<\/ul>\n<p>Las personas afectadas se encuentran en aislamiento domiciliario.<\/p>\n<p>El gobierno del Conselh Generau d\u2019Aran recuerda la necesidad de seguir todas las medidas preventivas establecidas por las autoridades sanitarias.<\/p>\n ","protected":false},"excerpt":{"rendered":"<p>Estos positivos est\u00e1n relacionados con casos comunicados estos d\u00edas atr\u00e1s y se han detectado a trav\u00e9s de las pruebas PCR realizadas en el Espitau Val d\u2019Aran Las personas afectadas se encuentran en aislamiento domiciliario. El gobierno del Conselh Generau d\u2019Aran recuerda la necesidad de seguir todas las medidas preventivas establecidas por las autoridades sanitarias.<\/p>\n","protected":false},"author":10,"featured_media":36610,"comment_status":"closed","ping_status":"closed","sticky":false,"template":"","format":"standard","meta":{"footnotes":""},"categories":[34,789],"tags":[],"_links":{"self":[{"href":"https:\/\/www.conselharan.org\/es\/wp-json\/wp\/v2\/posts\/36646"}],"collection":[{"href":"https:\/\/www.conselharan.org\/es\/wp-json\/wp\/v2\/posts"}],"about":[{"href":"https:\/\/www.conselharan.org\/es\/wp-json\/wp\/v2\/types\/post"}],"author":[{"embeddable":true,"href":"https:\/\/www.conselharan.org\/es\/wp-json\/wp\/v2\/users\/10"}],"replies":[{"embeddable":true,"href":"https:\/\/www.conselharan.org\/es\/wp-json\/wp\/v2\/comments?post=36646"}],"version-history":[{"count":1,"href":"https:\/\/www.conselharan.org\/es\/wp-json\/wp\/v2\/posts\/36646\/revisions"}],"predecessor-version":[{"id":36647,"href":"https:\/\/www.conselharan.org\/es\/wp-json\/wp\/v2\/posts\/36646\/revisions\/36647"}],"wp:featuredmedia":[{"embeddable":true,"href":"https:\/\/www.conselharan.org\/es\/wp-json\/wp\/v2\/media\/36610"}],"wp:attachment":[{"href":"https:\/\/www.conselharan.org\/es\/wp-json\/wp\/v2\/media?parent=36646"}],"wp:term":[{"taxonomy":"category","embeddable":true,"href":"https:\/\/www.conselharan.org\/es\/wp-json\/wp\/v2\/categories?post=36646"},{"taxonomy":"post_tag","embeddable":true,"href":"https:\/\/www.conselharan.org\/es\/wp-json\/wp\/v2\/tags?post=36646"}],"curies":[{"name":"wp","href":"https:\/\/api.w.org\/{rel}","templated":true}]}}