{"id":36664,"date":"2020-09-29T13:35:21","date_gmt":"2020-09-29T11:35:21","guid":{"rendered":"https:\/\/www.conselharan.org\/pompiers-emergencies-trabalhe-ena-recerca-de-dues-persones-despareishudes\/"},"modified":"2020-09-29T13:36:32","modified_gmt":"2020-09-29T11:36:32","slug":"pompiers-emergencies-trabalhe-ena-recerca-de-dues-persones-despareishudes","status":"publish","type":"post","link":"https:\/\/www.conselharan.org\/es\/pompiers-emergencies-trabalhe-ena-recerca-de-dues-persones-despareishudes\/","title":{"rendered":"Pompi\u00e8rs-Emerg\u00e9ncies trabaja en la b\u00fasquda de dos personas desaparecidas"},"content":{"rendered":"<p><a href=\"https:\/\/www.conselharan.org\/wp-content\/uploads\/2020\/09\/5d52cdf4-1988-4436-9680-dc23ab6c1966.jpg\"><img loading=\"lazy\" decoding=\"async\" class=\"aligncenter wp-image-36653 size-full\" src=\"https:\/\/www.conselharan.org\/wp-content\/uploads\/2020\/09\/5d52cdf4-1988-4436-9680-dc23ab6c1966.jpg\" alt=\"\" width=\"800\" height=\"800\" srcset=\"https:\/\/www.conselharan.org\/wp-content\/uploads\/2020\/09\/5d52cdf4-1988-4436-9680-dc23ab6c1966.jpg 800w, https:\/\/www.conselharan.org\/wp-content\/uploads\/2020\/09\/5d52cdf4-1988-4436-9680-dc23ab6c1966-300x300.jpg 300w, https:\/\/www.conselharan.org\/wp-content\/uploads\/2020\/09\/5d52cdf4-1988-4436-9680-dc23ab6c1966-150x150.jpg 150w, https:\/\/www.conselharan.org\/wp-content\/uploads\/2020\/09\/5d52cdf4-1988-4436-9680-dc23ab6c1966-768x768.jpg 768w, https:\/\/www.conselharan.org\/wp-content\/uploads\/2020\/09\/5d52cdf4-1988-4436-9680-dc23ab6c1966-270x270.jpg 270w, https:\/\/www.conselharan.org\/wp-content\/uploads\/2020\/09\/5d52cdf4-1988-4436-9680-dc23ab6c1966-207x207.jpg 207w, https:\/\/www.conselharan.org\/wp-content\/uploads\/2020\/09\/5d52cdf4-1988-4436-9680-dc23ab6c1966-75x75.jpg 75w\" sizes=\"(max-width: 800px) 100vw, 800px\" \/><\/a><\/p>\n<ul>\n<li>\n<h3><strong>Realizaban la ruta Carros de Foc y fueron vistos por \u00faltima vez el viernes, 25 de septiembre, en la zona Refugi de Colom\u00e8rs<\/strong><\/h3>\n<\/li>\n<li>\n<h3><strong>Efectivos del GRM de Pompi\u00e8rs-Emerg\u00e9ncies, el GRAE de Bombers de la Generalitat, el GREIM de la Guardia Civil y la UIM de Mossos d&#8217;Esquadra iniciaron ayer una investigaci\u00f3n a\u00e9rea y terrestre en la zona para localizarlos<\/strong><\/h3>\n<\/li>\n<\/ul>\n<p>Efectivos de Pompi\u00e8rs-Emerg\u00e9ncies, junto con Bomberos de la Generalitat, Mossos d&#8217;Esquadra y Guardia Civil, iniciaron ayer la investigaci\u00f3n de dos personas desaparecidas el pasado viernes, 25 de septiembre, que se realizaban la ruta Carros de Foc y fueron vistos por \u00faltima vez en la zona de Refugi de Colom\u00e8rs.<\/p>\n<p>Tras recibir el aviso de su desaparici\u00f3n, la investigaci\u00f3n comenz\u00f3 ayer, 28 de septiembre, por v\u00eda a\u00e9rea y terrestre con dos helic\u00f3pteros de la Generalitat y el helic\u00f3ptero Eliance Val d\u2019Aran. En este operativo participaron ayer 6 efectivos del Grupo de Rescate en Monta\u00f1a (GRM) de Pompi\u00e8rs-Emerg\u00e9ncies, 4 efectivos del Grupo de Apoyo de Actuaciones Especiales (GRAE) de Bombers de la Generalitat procedentes de Olot y La Seu d&#8217;Urgell, y dos efectivos de la Unidad de Intervenci\u00f3n en Monta\u00f1a (UIM) de Mossos d&#8217;Esquadra.<\/p>\n\n\t\t<style type=\"text\/css\">\n\t\t\t#gallery-1 {\n\t\t\t\tmargin: auto;\n\t\t\t}\n\t\t\t#gallery-1 .gallery-item {\n\t\t\t\tfloat: left;\n\t\t\t\tmargin-top: 10px;\n\t\t\t\ttext-align: center;\n\t\t\t\twidth: 50%;\n\t\t\t}\n\t\t\t#gallery-1 img {\n\t\t\t\tborder: 2px solid #cfcfcf;\n\t\t\t}\n\t\t\t#gallery-1 .gallery-caption {\n\t\t\t\tmargin-left: 0;\n\t\t\t}\n\t\t\t\/* see gallery_shortcode() in wp-includes\/media.php *\/\n\t\t<\/style>\n\t\t<div id='gallery-1' class='gallery galleryid-36664 gallery-columns-2 gallery-size-large'><dl class='gallery-item'>\n\t\t\t<dt class='gallery-icon landscape'>\n\t\t\t\t<a href='https:\/\/www.conselharan.org\/es\/pompiers-emergencies-trabalhe-ena-recerca-de-dues-persones-despareishudes\/0fb8966c-b935-4cd3-b277-84604ceb9ef5-2\/'><img loading=\"lazy\" decoding=\"async\" width=\"800\" height=\"800\" src=\"https:\/\/www.conselharan.org\/wp-content\/uploads\/2020\/09\/0fb8966c-b935-4cd3-b277-84604ceb9ef5.jpg\" class=\"attachment-large size-large\" alt=\"\" srcset=\"https:\/\/www.conselharan.org\/wp-content\/uploads\/2020\/09\/0fb8966c-b935-4cd3-b277-84604ceb9ef5.jpg 800w, https:\/\/www.conselharan.org\/wp-content\/uploads\/2020\/09\/0fb8966c-b935-4cd3-b277-84604ceb9ef5-300x300.jpg 300w, https:\/\/www.conselharan.org\/wp-content\/uploads\/2020\/09\/0fb8966c-b935-4cd3-b277-84604ceb9ef5-150x150.jpg 150w, https:\/\/www.conselharan.org\/wp-content\/uploads\/2020\/09\/0fb8966c-b935-4cd3-b277-84604ceb9ef5-768x768.jpg 768w, https:\/\/www.conselharan.org\/wp-content\/uploads\/2020\/09\/0fb8966c-b935-4cd3-b277-84604ceb9ef5-270x270.jpg 270w, https:\/\/www.conselharan.org\/wp-content\/uploads\/2020\/09\/0fb8966c-b935-4cd3-b277-84604ceb9ef5-207x207.jpg 207w, https:\/\/www.conselharan.org\/wp-content\/uploads\/2020\/09\/0fb8966c-b935-4cd3-b277-84604ceb9ef5-75x75.jpg 75w\" sizes=\"(max-width: 800px) 100vw, 800px\" \/><\/a>\n\t\t\t<\/dt><\/dl><dl class='gallery-item'>\n\t\t\t<dt class='gallery-icon landscape'>\n\t\t\t\t<a href='https:\/\/www.conselharan.org\/es\/pompiers-emergencies-trabalhe-ena-recerca-de-dues-persones-despareishudes\/274ff65f-c2eb-463e-9dc8-c6790e6966b2-2\/'><img loading=\"lazy\" decoding=\"async\" width=\"800\" height=\"797\" src=\"https:\/\/www.conselharan.org\/wp-content\/uploads\/2020\/09\/274ff65f-c2eb-463e-9dc8-c6790e6966b2.jpg\" class=\"attachment-large size-large\" alt=\"\" srcset=\"https:\/\/www.conselharan.org\/wp-content\/uploads\/2020\/09\/274ff65f-c2eb-463e-9dc8-c6790e6966b2.jpg 800w, https:\/\/www.conselharan.org\/wp-content\/uploads\/2020\/09\/274ff65f-c2eb-463e-9dc8-c6790e6966b2-300x300.jpg 300w, https:\/\/www.conselharan.org\/wp-content\/uploads\/2020\/09\/274ff65f-c2eb-463e-9dc8-c6790e6966b2-150x150.jpg 150w, https:\/\/www.conselharan.org\/wp-content\/uploads\/2020\/09\/274ff65f-c2eb-463e-9dc8-c6790e6966b2-768x765.jpg 768w, https:\/\/www.conselharan.org\/wp-content\/uploads\/2020\/09\/274ff65f-c2eb-463e-9dc8-c6790e6966b2-270x270.jpg 270w, https:\/\/www.conselharan.org\/wp-content\/uploads\/2020\/09\/274ff65f-c2eb-463e-9dc8-c6790e6966b2-207x207.jpg 207w, https:\/\/www.conselharan.org\/wp-content\/uploads\/2020\/09\/274ff65f-c2eb-463e-9dc8-c6790e6966b2-75x75.jpg 75w\" sizes=\"(max-width: 800px) 100vw, 800px\" \/><\/a>\n\t\t\t<\/dt><\/dl><br style=\"clear: both\" \/>\n\t\t<\/div>\n\n<p>Esta b\u00fasqueda contin\u00faa durante el d\u00eda de hoy con un incremento de recursos para localizar a los desaparecidos, y en Helipuerto de Vielha se ha instalado un Centro de Control para coordinarlos. El operativo est\u00e1 conformado por el helic\u00f3ptero Eliance Val d\u2019Aran y 10 efectivos del GRM, dos helic\u00f3pteros y 12 efectivos del GRAE de Olot, La Seu d&#8217;Urgell y Pobla de Segur, un gu\u00eda canino de los Bombers de la Generalitat y 6 efectivos de la UIM de Mossos d&#8217;Esquadra. As\u00ed mismo, se han incorporado a los trabajos de investigaci\u00f3n 4 efectivos del Grupo de Rescate e Intervenci\u00f3n en Monta\u00f1a (GREIM) de la Guardia Civil.<\/p>\n<p>La zona a inspeccionar consta de 1.500 hect\u00e1reas y se ha dividido en 5 sectores para facilitar los trabajos de los cuerpos de seguridad.<\/p>\n ","protected":false},"excerpt":{"rendered":"<p>Realizaban la ruta Carros de Foc y fueron vistos por \u00faltima vez el viernes, 25 de septiembre, en la zona Refugi de Colom\u00e8rs Efectivos del GRM de Pompi\u00e8rs-Emerg\u00e9ncies, el GRAE de Bombers de la Generalitat, el GREIM de la Guardia Civil y la UIM de Mossos d&#8217;Esquadra iniciaron ayer una investigaci\u00f3n a\u00e9rea y terrestre en&#8230;<\/p>\n","protected":false},"author":10,"featured_media":36655,"comment_status":"closed","ping_status":"closed","sticky":false,"template":"","format":"standard","meta":{"footnotes":""},"categories":[34,145],"tags":[],"_links":{"self":[{"href":"https:\/\/www.conselharan.org\/es\/wp-json\/wp\/v2\/posts\/36664"}],"collection":[{"href":"https:\/\/www.conselharan.org\/es\/wp-json\/wp\/v2\/posts"}],"about":[{"href":"https:\/\/www.conselharan.org\/es\/wp-json\/wp\/v2\/types\/post"}],"author":[{"embeddable":true,"href":"https:\/\/www.conselharan.org\/es\/wp-json\/wp\/v2\/users\/10"}],"replies":[{"embeddable":true,"href":"https:\/\/www.conselharan.org\/es\/wp-json\/wp\/v2\/comments?post=36664"}],"version-history":[{"count":1,"href":"https:\/\/www.conselharan.org\/es\/wp-json\/wp\/v2\/posts\/36664\/revisions"}],"predecessor-version":[{"id":36665,"href":"https:\/\/www.conselharan.org\/es\/wp-json\/wp\/v2\/posts\/36664\/revisions\/36665"}],"wp:featuredmedia":[{"embeddable":true,"href":"https:\/\/www.conselharan.org\/es\/wp-json\/wp\/v2\/media\/36655"}],"wp:attachment":[{"href":"https:\/\/www.conselharan.org\/es\/wp-json\/wp\/v2\/media?parent=36664"}],"wp:term":[{"taxonomy":"category","embeddable":true,"href":"https:\/\/www.conselharan.org\/es\/wp-json\/wp\/v2\/categories?post=36664"},{"taxonomy":"post_tag","embeddable":true,"href":"https:\/\/www.conselharan.org\/es\/wp-json\/wp\/v2\/tags?post=36664"}],"curies":[{"name":"wp","href":"https:\/\/api.w.org\/{rel}","templated":true}]}}