{"id":3702,"date":"2014-05-22T12:28:52","date_gmt":"2014-05-22T10:28:52","guid":{"rendered":"http:\/\/www.conselharan.org\/?p=3702"},"modified":"2014-05-22T12:28:52","modified_gmt":"2014-05-22T10:28:52","slug":"la-val-daran-acoge-el-xxxiii-campeonato-nacional-de-karate-kyokushin-kwf","status":"publish","type":"post","link":"https:\/\/www.conselharan.org\/es\/la-val-daran-acoge-el-xxxiii-campeonato-nacional-de-karate-kyokushin-kwf\/","title":{"rendered":"La Val d\u2019Aran acoge el XXXIII Campeonato Nacional de Karate Kyokushin (KWF)"},"content":{"rendered":"<p><strong>Un total de 265 participantes disputaron el pasado s\u00e1bado, 17 de mayo, el XXXIII Campeonato de Karate Kyokushin (KWF) en las modalidades KUMITE (hasta 15 a\u00f1os) y KATAS (hasta s\u00e9nior).<\/strong><br \/>\n<strong>\u00a0<\/strong><\/p>\n<p><strong>El campeonato se realiz\u00f3 en el Palai d&#8217;Esp\u00f2rts de Vielha.<\/strong><\/p>\n<p><a href=\"http:\/\/www.conselharan.org\/wp-content\/uploads\/2014\/05\/karate-4.jpeg\"><img loading=\"lazy\" decoding=\"async\" class=\"aligncenter size-large wp-image-3695\" alt=\"karate 4\" src=\"http:\/\/www.conselharan.org\/wp-content\/uploads\/2014\/05\/karate-4-1024x998.jpeg\" width=\"1024\" height=\"998\" srcset=\"https:\/\/www.conselharan.org\/wp-content\/uploads\/2014\/05\/karate-4-1024x998.jpeg 1024w, https:\/\/www.conselharan.org\/wp-content\/uploads\/2014\/05\/karate-4-300x292.jpeg 300w\" sizes=\"(max-width: 1024px) 100vw, 1024px\" \/><\/a><\/p>\n<p>Junto al Campeonato Nacional se celebr\u00f3 tambi\u00e9n el <strong>IV Trofeo \u00abYAMA NO KOKORO\u00bb<\/strong> en modalidades de 6-7 a\u00f1os para KUMITE y de 8-9 a\u00f1os y SENIOR promoci\u00f3n en KATA.<\/p>\n<p>La jornada transcurri\u00f3 desde las 11h00, con la inauguraci\u00f3n, y se prolong\u00f3 hasta las 18h30, con la clausura del campeonato. El acto fue presidido por el vicesindic de Aran y conselh\u00e8r de Deportes, <strong>Lu\u00eds Carlos Medina<\/strong>, el alcalde de Vielha e Mijaran, <strong>\u00c1lex Moga,<\/strong> y los shihanes, <strong>Antonio Pi\u00f1ero<\/strong>, presidente de la Federaci\u00f3n Europea, <strong>Javier S\u00e1nchez, Fernando P\u00e9rez<\/strong> (6\u00ba DAN), <strong>Javier Serrano, Manuel Gir\u00f3n, Tom\u00e1s Nevado<\/strong> y el organizador del acto, <strong>\u00c1ngel Mateo<\/strong> (todos ellos 5\u00baDAN).<\/p>\n<p>El campeonato cont\u00f3 con la presencia de algunos de los actuales campeones de Europa del pasado <strong>Chamionship de \u201cBOLOS\u201d Grecia<\/strong> celebrado el 9 de mayo.<\/p>\n<p><strong>\u00c1ngel Mateo,<\/strong> shihan y organizador del acto, se mostr\u00f3 muy satisfecho <strong>\u201cha sido un gran campeonato donde ha habido una gran participaci\u00f3n tanto de p\u00fablico como de competidores\u201d<\/strong><\/p>\n<p><a href=\"http:\/\/www.conselharan.org\/wp-content\/uploads\/2014\/05\/karate-1.jpg\"><img loading=\"lazy\" decoding=\"async\" class=\"aligncenter size-full wp-image-3698\" alt=\"karate 1\" src=\"http:\/\/www.conselharan.org\/wp-content\/uploads\/2014\/05\/karate-1.jpg\" width=\"922\" height=\"531\" srcset=\"https:\/\/www.conselharan.org\/wp-content\/uploads\/2014\/05\/karate-1.jpg 922w, https:\/\/www.conselharan.org\/wp-content\/uploads\/2014\/05\/karate-1-300x172.jpg 300w, https:\/\/www.conselharan.org\/wp-content\/uploads\/2014\/05\/karate-1-305x175.jpg 305w\" sizes=\"(max-width: 922px) 100vw, 922px\" \/><\/a><\/p>\n<p>Cabe destacar los buenos resultados de los alumnos de la Escuela de Karate del Palai de G\u00e8u :<\/p>\n<p><em><strong>KUMITE:<\/strong><\/em><\/p>\n<p>Cat. 8-9 30 Kg:<\/p>\n<p><strong>1\u00ba VICTOR PUENTE<\/strong><br \/>\n<strong> 2\u00ba MARC CORNEJO<\/strong><\/p>\n<p>Cat. 8 \u2013 9 40 Kg:<\/p>\n<p><strong>3\u00ba BELTRAN BASCONES<\/strong><\/p>\n<p>Cat. 10 \u2013 11 35 Kg:<\/p>\n<p><strong>3\u00ba FABIO TOFAN<\/strong><\/p>\n<p>Cat. 14 \u2013 15 65 Kg:<\/p>\n<p><strong>2\u00ba OSCAR GARCES<\/strong><\/p>\n<p><em><strong>KATAS:<\/strong><\/em><\/p>\n<p>&#8211; Juvenil masc. 14 \u2013 15:<\/p>\n<p><strong>2\u00ba OSCAR GARCES<\/strong><\/p>\n<p>&#8211; Benjam\u00edn masc. 8 \u2013 9:<\/p>\n<p><strong>2\u00ba BELTRAN BASCONES<\/strong><\/p>\n<p>&#8211; Pre-benjam\u00edn masc.:<\/p>\n<p><strong>2\u00ba HUGO SOLORZANO<\/strong><br \/>\n<strong> 3\u00ba NIL SOL\u00c9<\/strong><\/p>\n ","protected":false},"excerpt":{"rendered":"<p>Un total de 265 participantes disputaron el pasado s\u00e1bado, 17 de mayo, el XXXIII Campeonato de Karate Kyokushin (KWF) en las modalidades KUMITE (hasta 15 a\u00f1os) y KATAS (hasta s\u00e9nior). \u00a0 El campeonato se realiz\u00f3 en el Palai d&#8217;Esp\u00f2rts de Vielha. Junto al Campeonato Nacional se celebr\u00f3 tambi\u00e9n el IV Trofeo \u00abYAMA NO KOKORO\u00bb en&#8230;<\/p>\n","protected":false},"author":2,"featured_media":3695,"comment_status":"closed","ping_status":"closed","sticky":false,"template":"","format":"standard","meta":{"footnotes":""},"categories":[34,37],"tags":[],"_links":{"self":[{"href":"https:\/\/www.conselharan.org\/es\/wp-json\/wp\/v2\/posts\/3702"}],"collection":[{"href":"https:\/\/www.conselharan.org\/es\/wp-json\/wp\/v2\/posts"}],"about":[{"href":"https:\/\/www.conselharan.org\/es\/wp-json\/wp\/v2\/types\/post"}],"author":[{"embeddable":true,"href":"https:\/\/www.conselharan.org\/es\/wp-json\/wp\/v2\/users\/2"}],"replies":[{"embeddable":true,"href":"https:\/\/www.conselharan.org\/es\/wp-json\/wp\/v2\/comments?post=3702"}],"version-history":[{"count":1,"href":"https:\/\/www.conselharan.org\/es\/wp-json\/wp\/v2\/posts\/3702\/revisions"}],"predecessor-version":[{"id":3703,"href":"https:\/\/www.conselharan.org\/es\/wp-json\/wp\/v2\/posts\/3702\/revisions\/3703"}],"wp:featuredmedia":[{"embeddable":true,"href":"https:\/\/www.conselharan.org\/es\/wp-json\/wp\/v2\/media\/3695"}],"wp:attachment":[{"href":"https:\/\/www.conselharan.org\/es\/wp-json\/wp\/v2\/media?parent=3702"}],"wp:term":[{"taxonomy":"category","embeddable":true,"href":"https:\/\/www.conselharan.org\/es\/wp-json\/wp\/v2\/categories?post=3702"},{"taxonomy":"post_tag","embeddable":true,"href":"https:\/\/www.conselharan.org\/es\/wp-json\/wp\/v2\/tags?post=3702"}],"curies":[{"name":"wp","href":"https:\/\/api.w.org\/{rel}","templated":true}]}}